{"id":22306,"date":"2020-10-14T09:56:39","date_gmt":"2020-10-14T12:56:39","guid":{"rendered":"https:\/\/atecordoba.org\/?p=22306"},"modified":"2020-10-14T09:56:39","modified_gmt":"2020-10-14T12:56:39","slug":"lanzamiento-de-la-segunda-edicion-del-curso-pensando-las-desigualdades-en-las-mujeres-y-colectivo-lgtttbi","status":"publish","type":"post","link":"https:\/\/atecordoba.org\/?p=22306","title":{"rendered":"Lanzamiento de la segunda edici\u00f3n del curso &#8216;Pensando las desigualdades en las mujeres y colectivo LGTTTBI+&#8217;"},"content":{"rendered":"<p><img loading=\"lazy\" decoding=\"async\" class=\" wp-image-22307 aligncenter\" src=\"https:\/\/atecordoba.org\/wp-content\/uploads\/2020\/10\/flyer-curso-desigualdades-generos-300x300.jpeg\" alt=\"\" width=\"594\" height=\"594\" srcset=\"https:\/\/atecordoba.org\/wp-content\/uploads\/2020\/10\/flyer-curso-desigualdades-generos-300x300.jpeg 300w, https:\/\/atecordoba.org\/wp-content\/uploads\/2020\/10\/flyer-curso-desigualdades-generos-150x150.jpeg 150w, https:\/\/atecordoba.org\/wp-content\/uploads\/2020\/10\/flyer-curso-desigualdades-generos-768x768.jpeg 768w, https:\/\/atecordoba.org\/wp-content\/uploads\/2020\/10\/flyer-curso-desigualdades-generos-560x560.jpeg 560w, https:\/\/atecordoba.org\/wp-content\/uploads\/2020\/10\/flyer-curso-desigualdades-generos-75x75.jpeg 75w, https:\/\/atecordoba.org\/wp-content\/uploads\/2020\/10\/flyer-curso-desigualdades-generos-750x750.jpeg 750w, https:\/\/atecordoba.org\/wp-content\/uploads\/2020\/10\/flyer-curso-desigualdades-generos.jpeg 1000w\" sizes=\"auto, (max-width: 594px) 100vw, 594px\" \/><\/p>\n<p>El consejo Directivo Provincial realizar\u00e1 hoy el lanzamiento del curso de &#8216;Pensando las desigualdades en las mujeres y colectivo LGTTTBI+&#8217; a partir de las 16.30 horas con la modalidad virtual.<\/p>\n<p>Se trata de nuevo encuentros, uno por semana, que estar\u00e1 dictado por un colectivo docente integrado por las compa\u00f1eras Gabriela Alcoba, Mar\u00eda Terragno, Luc\u00eda Degna, Ariadna Arrigoni, Karina Ortiz, Mar\u00eda Lozano Bosh, Gabriela Garc\u00eda, Julia Giuliani y Mar\u00eda Sotti.<\/p>\n<p>Est\u00e1 destinado a afiliados y afiliadas de toda la provincia de C\u00f3rdoba.<\/p>\n<p>Las y los interesados deben integrarse al zoom ingresando aqu\u00ed<\/p>\n<p>Si pidiera:<\/p>\n<ul>\n<li>ID de reuni\u00f3n: 838 7707 4194<\/li>\n<li>C\u00f3digo de acceso: 232185<\/li>\n<\/ul>\n<p><strong>Seccionales<\/strong><\/p>\n<p>Durante las pr\u00f3ximas dos semanas de octubre se realizar\u00e1 una presentaci\u00f3n del Departamento de G\u00e9neros y Diversidades del Consejo Directivo provincial con las distintas seccionales para comenzar a trabajar de manera articulada aquellos casos donde se requiera la intervenci\u00f3n del Departamento sobre problem\u00e1ticas y tem\u00e1ticas referidas a g\u00e9neros.<\/p>\n","protected":false},"excerpt":{"rendered":"<p>El consejo Directivo Provincial realizar\u00e1 hoy el lanzamiento del curso de &#8216;Pensando las desigualdades en las mujeres y colectivo LGTTTBI+&#8217; a partir de las 16.30 horas con la modalidad virtual. Se trata de nuevo encuentros, uno por semana, que estar\u00e1 dictado por un colectivo docente integrado por las compa\u00f1eras Gabriela Alcoba, Mar\u00eda Terragno, Luc\u00eda Degna, [&hellip;]<\/p>\n","protected":false},"author":7,"featured_media":22307,"comment_status":"open","ping_status":"open","sticky":true,"template":"","format":"standard","meta":{"_exactmetrics_skip_tracking":false,"_exactmetrics_sitenote_active":false,"_exactmetrics_sitenote_note":"","_exactmetrics_sitenote_category":0,"jnews-multi-image_gallery":[],"jnews_single_post":{"source_name":"","source_url":"","via_name":"","via_url":"","override_template":"0","override":[{"template":"1","single_blog_custom":"","parallax":"1","fullscreen":"0","layout":"right-sidebar","sidebar":"default-sidebar","second_sidebar":"default-sidebar","sticky_sidebar":"1","share_position":"top","share_float_style":"share-monocrhome","show_share_counter":"1","show_view_counter":"1","show_featured":"1","show_post_meta":"1","show_post_author":"1","show_post_author_image":"1","show_post_date":"1","post_date_format":"default","post_date_format_custom":"Y\/m\/d","show_post_category":"1","show_post_reading_time":"0","post_reading_time_wpm":"300","show_zoom_button":"0","zoom_button_out_step":"2","zoom_button_in_step":"3","show_post_tag":"1","show_prev_next_post":"1","show_popup_post":"1","number_popup_post":"1","show_author_box":"0","show_post_related":"0","show_inline_post_related":"0"}],"override_image_size":"0","image_override":[{"single_post_thumbnail_size":"crop-500","single_post_gallery_size":"crop-500"}],"trending_post":"0","trending_post_position":"meta","trending_post_label":"Trending","sponsored_post":"0","sponsored_post_label":"Sponsored by","sponsored_post_name":"","sponsored_post_url":"","sponsored_post_logo_enable":"0","sponsored_post_logo":"","sponsored_post_desc":""},"jnews_primary_category":{"id":""},"jnews_social_meta":{"fb_title":"","fb_description":"","fb_image":"","twitter_title":"","twitter_description":"","twitter_image":""},"jnews_review":[],"enable_review":"0","type":"percentage","name":"","summary":"","brand":"","sku":"","good":[{"good_text":""}],"bad":[{"bad_text":""}],"score_override":"","override_value":"","rating":[{"rating_text":"","rating_number":"10"}],"price":[{"shop":"","price":"","link":"","icon":""}],"jnews_override_counter":{"override_view_counter":"0","view_counter_number":"0","override_share_counter":"0","share_counter_number":"0","override_like_counter":"0","like_counter_number":"0","override_dislike_counter":"0","dislike_counter_number":"0"},"jnews_post_split":{"enable_post_split":"0","post_split":[{"template":"1","tag":"h2","numbering":"asc","mode":"normal"}]},"footnotes":""},"categories":[400,88,325],"tags":[610,609],"class_list":["post-22306","post","type-post","status-publish","format-standard","has-post-thumbnail","hentry","category-estamentos","category-formacion","category-generos-y-diversidades","tag-seccionales","tag-taller-virtual"],"jetpack_featured_media_url":"https:\/\/atecordoba.org\/wp-content\/uploads\/2020\/10\/flyer-curso-desigualdades-generos.jpeg","_links":{"self":[{"href":"https:\/\/atecordoba.org\/index.php?rest_route=\/wp\/v2\/posts\/22306","targetHints":{"allow":["GET"]}}],"collection":[{"href":"https:\/\/atecordoba.org\/index.php?rest_route=\/wp\/v2\/posts"}],"about":[{"href":"https:\/\/atecordoba.org\/index.php?rest_route=\/wp\/v2\/types\/post"}],"author":[{"embeddable":true,"href":"https:\/\/atecordoba.org\/index.php?rest_route=\/wp\/v2\/users\/7"}],"replies":[{"embeddable":true,"href":"https:\/\/atecordoba.org\/index.php?rest_route=%2Fwp%2Fv2%2Fcomments&post=22306"}],"version-history":[{"count":1,"href":"https:\/\/atecordoba.org\/index.php?rest_route=\/wp\/v2\/posts\/22306\/revisions"}],"predecessor-version":[{"id":22308,"href":"https:\/\/atecordoba.org\/index.php?rest_route=\/wp\/v2\/posts\/22306\/revisions\/22308"}],"wp:featuredmedia":[{"embeddable":true,"href":"https:\/\/atecordoba.org\/index.php?rest_route=\/wp\/v2\/media\/22307"}],"wp:attachment":[{"href":"https:\/\/atecordoba.org\/index.php?rest_route=%2Fwp%2Fv2%2Fmedia&parent=22306"}],"wp:term":[{"taxonomy":"category","embeddable":true,"href":"https:\/\/atecordoba.org\/index.php?rest_route=%2Fwp%2Fv2%2Fcategories&post=22306"},{"taxonomy":"post_tag","embeddable":true,"href":"https:\/\/atecordoba.org\/index.php?rest_route=%2Fwp%2Fv2%2Ftags&post=22306"}],"curies":[{"name":"wp","href":"https:\/\/api.w.org\/{rel}","templated":true}]}}