{"id":22303,"date":"2020-10-14T09:39:11","date_gmt":"2020-10-14T12:39:11","guid":{"rendered":"https:\/\/atecordoba.org\/?p=22303"},"modified":"2020-10-14T11:37:34","modified_gmt":"2020-10-14T14:37:34","slug":"conferencia-de-prensa-en-la-legislatura-para-abordar-la-situacion-del-servicio-102-de-senaf","status":"publish","type":"post","link":"https:\/\/atecordoba.org\/?p=22303","title":{"rendered":"Conferencia de prensa en la Legislatura para abordar la situaci\u00f3n del Servicio 102 de SeNAF"},"content":{"rendered":"<p><img loading=\"lazy\" decoding=\"async\" class=\" wp-image-22317 aligncenter\" src=\"https:\/\/atecordoba.org\/wp-content\/uploads\/2020\/10\/WhatsApp-Image-2020-10-14-at-11.26.04-2-300x169.jpeg\" alt=\"\" width=\"630\" height=\"355\" srcset=\"https:\/\/atecordoba.org\/wp-content\/uploads\/2020\/10\/WhatsApp-Image-2020-10-14-at-11.26.04-2-300x169.jpeg 300w, https:\/\/atecordoba.org\/wp-content\/uploads\/2020\/10\/WhatsApp-Image-2020-10-14-at-11.26.04-2.jpeg 552w\" sizes=\"auto, (max-width: 630px) 100vw, 630px\" \/>La legisladora del Partido Obrero-FIT, Soledad D\u00edaz, realiz\u00f3 una conferencia de prensa, hoy a partir de las 10 horas, junto a trabajadores de SeNAF en la Legislatura, en el marco de la presentaci\u00f3n de un pedido de informe respecto al funcionamiento de la L\u00ednea 102. El pedido se dirige al Ministro de Justicia y Derechos Humanos, Sr. Juli\u00e1n Mar\u00eda L\u00f3pez, y el Secretario de Ni\u00f1ez, Adolescencia y Familia (SeNAF) Sr. Jos\u00e9 Ricardo Pi\u00f1ero; y acompa\u00f1an la presentaci\u00f3n dirigentes sindicales, y activistas, entre ellos Federico Giuliani, Secretario General de ATE; y Diego Guerra de CTA-A Regional C\u00f3rdoba.<\/p>\n<p>En la oportunidad, Giuliani destac\u00f3 que &#8220;acompa\u00f1amos la presentaci\u00f3n de la legisladora Soledad Garc\u00eda exigiendo pedido de informe sobre las condiciones deplorables del servicio&#8221;.<\/p>\n<p>En el marco de los reclamos que Trabajadores de SeNAF vienen realizando por despidos injustificados y traslados compulsivos, se han hecho p\u00fablicos datos alarmantes respecto al funcionamiento de la L\u00ednea 102.<br \/>\nDe diversas notas period\u00edsticas se desprende que al menos siete de cada diez denuncias ingresadas en el 2020 a trav\u00e9s de la L\u00ednea 102, no tienen intervenci\u00f3n.<img loading=\"lazy\" decoding=\"async\" class=\" wp-image-22319 alignright\" src=\"https:\/\/atecordoba.org\/wp-content\/uploads\/2020\/10\/WhatsApp-Image-2020-10-14-at-11.26.04-300x169.jpeg\" alt=\"\" width=\"460\" height=\"259\" srcset=\"https:\/\/atecordoba.org\/wp-content\/uploads\/2020\/10\/WhatsApp-Image-2020-10-14-at-11.26.04-300x169.jpeg 300w, https:\/\/atecordoba.org\/wp-content\/uploads\/2020\/10\/WhatsApp-Image-2020-10-14-at-11.26.04.jpeg 552w\" sizes=\"auto, (max-width: 460px) 100vw, 460px\" \/><\/p>\n<p>Esto sumado a los contagios por Covid 19 en las Residencias, y al traslado de 36 presos adultos de la UCA al Complejo Esperanza, pone en evidencia el vaciamiento y la falta de pol\u00edticas que garanticen el inter\u00e9s superior de Ni\u00f1os, Ni\u00f1as y Adolescentes que SeNAF asiste.<\/p>\n<p>Por su parte, Humberto Cabral, Operador trasladado de la L\u00ednea 102 expres\u00f3: \u201cLas crecientes licencias por Covid- 19, han provocado traslados irregulares de personal de las distintas \u00e1reas a las Residencias para la atenci\u00f3n de los Ni\u00f1os, Ni\u00f1as y Adolescentes que all\u00ed viven. Esta pol\u00edtica de la frazada corta ha llevado a que muchos profesionales interrumpieron sus tareas habituales y el seguimiento de casos para dedicarse a cubrir licencias. Es grave porque no solo se\u00f1alamos la violaci\u00f3n de la especificidad del rol profesional, sino tambi\u00e9n el consecuente perjuicio al p\u00fablico que asist\u00edan. Por otra parte, un sistema que ya ven\u00eda siendo deficitario, agrav\u00f3 a\u00fan m\u00e1s la mora en la contestaci\u00f3n de los oficios judiciales por falta de personal. En efecto, al d\u00eda de la fecha, la L\u00ednea 102 lleva receptadas 1715 Notificaciones, de las cuales menos de 300 han tenido intervenci\u00f3n fehaciente de su equipo t\u00e9cnico.\u201d<img loading=\"lazy\" decoding=\"async\" class=\" wp-image-22318 aligncenter\" src=\"https:\/\/atecordoba.org\/wp-content\/uploads\/2020\/10\/WhatsApp-Image-2020-10-14-at-11.26.04-1-300x169.jpeg\" alt=\"\" width=\"520\" height=\"293\" srcset=\"https:\/\/atecordoba.org\/wp-content\/uploads\/2020\/10\/WhatsApp-Image-2020-10-14-at-11.26.04-1-300x169.jpeg 300w, https:\/\/atecordoba.org\/wp-content\/uploads\/2020\/10\/WhatsApp-Image-2020-10-14-at-11.26.04-1.jpeg 552w\" sizes=\"auto, (max-width: 520px) 100vw, 520px\" \/><\/p>\n<p>Concluy\u00f3 Soledad D\u00edaz: \u201cEl pedido de informes que presentamos ha sido elaborado por los propios trabajadores y cuenta con el apoyo de un amplio sector del activismo. Asimismo, un amplio espectro de la oposici\u00f3n en la Legislatura acompa\u00f1a el pedido. Desde banca del FIT impulsamos la lucha por una urgente respuesta e intervenci\u00f3n frente a la grave situaci\u00f3n que denuncian los trabajadores. El confinamiento m\u00e1s que nunca hace necesario atender con inmediatez los reclamos de les trabajadores en la medida en que tambi\u00e9n se est\u00e1n vulnerando los derechos de Ni\u00f1os, Ni\u00f1as y Adolescentes de nuestra provincia&#8221;.<\/p>\n","protected":false},"excerpt":{"rendered":"<p>La legisladora del Partido Obrero-FIT, Soledad D\u00edaz, realiz\u00f3 una conferencia de prensa, hoy a partir de las 10 horas, junto a trabajadores de SeNAF en la Legislatura, en el marco de la presentaci\u00f3n de un pedido de informe respecto al funcionamiento de la L\u00ednea 102. El pedido se dirige al Ministro de Justicia y Derechos [&hellip;]<\/p>\n","protected":false},"author":7,"featured_media":22318,"comment_status":"open","ping_status":"open","sticky":true,"template":"","format":"standard","meta":{"_exactmetrics_skip_tracking":false,"_exactmetrics_sitenote_active":false,"_exactmetrics_sitenote_note":"","_exactmetrics_sitenote_category":0,"jnews-multi-image_gallery":[],"jnews_single_post":{"source_name":"","source_url":"","via_name":"","via_url":"","override_template":"0","override":[{"template":"1","single_blog_custom":"","parallax":"1","fullscreen":"0","layout":"right-sidebar","sidebar":"default-sidebar","second_sidebar":"default-sidebar","sticky_sidebar":"1","share_position":"top","share_float_style":"share-monocrhome","show_share_counter":"1","show_view_counter":"1","show_featured":"1","show_post_meta":"1","show_post_author":"1","show_post_author_image":"1","show_post_date":"1","post_date_format":"default","post_date_format_custom":"Y\/m\/d","show_post_category":"1","show_post_reading_time":"0","post_reading_time_wpm":"300","show_zoom_button":"0","zoom_button_out_step":"2","zoom_button_in_step":"3","show_post_tag":"1","show_prev_next_post":"1","show_popup_post":"1","number_popup_post":"1","show_author_box":"0","show_post_related":"0","show_inline_post_related":"0"}],"override_image_size":"0","image_override":[{"single_post_thumbnail_size":"crop-500","single_post_gallery_size":"crop-500"}],"trending_post":"0","trending_post_position":"meta","trending_post_label":"Trending","sponsored_post":"0","sponsored_post_label":"Sponsored by","sponsored_post_name":"","sponsored_post_url":"","sponsored_post_logo_enable":"0","sponsored_post_logo":"","sponsored_post_desc":""},"jnews_primary_category":{"id":""},"jnews_social_meta":{"fb_title":"","fb_description":"","fb_image":"","twitter_title":"","twitter_description":"","twitter_image":""},"jnews_review":[],"enable_review":"0","type":"percentage","name":"","summary":"","brand":"","sku":"","good":[{"good_text":""}],"bad":[{"bad_text":""}],"score_override":"","override_value":"","rating":[{"rating_text":"","rating_number":"10"}],"price":[{"shop":"","price":"","link":"","icon":""}],"jnews_override_counter":{"override_view_counter":"0","view_counter_number":"0","override_share_counter":"0","share_counter_number":"0","override_like_counter":"0","like_counter_number":"0","override_dislike_counter":"0","dislike_counter_number":"0"},"jnews_post_split":{"enable_post_split":"0","post_split":[{"template":"1","tag":"h2","numbering":"asc","mode":"normal"}]},"footnotes":""},"categories":[10,341,8],"tags":[607,606,457,608],"class_list":["post-22303","post","type-post","status-publish","format-standard","has-post-thumbnail","hentry","category-accion-politica","category-cdp","category-provinciales","tag-conferencia-de-prensa","tag-legislatura","tag-senaf","tag-servicio-102"],"jetpack_featured_media_url":"https:\/\/atecordoba.org\/wp-content\/uploads\/2020\/10\/WhatsApp-Image-2020-10-14-at-11.26.04-1.jpeg","_links":{"self":[{"href":"https:\/\/atecordoba.org\/index.php?rest_route=\/wp\/v2\/posts\/22303","targetHints":{"allow":["GET"]}}],"collection":[{"href":"https:\/\/atecordoba.org\/index.php?rest_route=\/wp\/v2\/posts"}],"about":[{"href":"https:\/\/atecordoba.org\/index.php?rest_route=\/wp\/v2\/types\/post"}],"author":[{"embeddable":true,"href":"https:\/\/atecordoba.org\/index.php?rest_route=\/wp\/v2\/users\/7"}],"replies":[{"embeddable":true,"href":"https:\/\/atecordoba.org\/index.php?rest_route=%2Fwp%2Fv2%2Fcomments&post=22303"}],"version-history":[{"count":4,"href":"https:\/\/atecordoba.org\/index.php?rest_route=\/wp\/v2\/posts\/22303\/revisions"}],"predecessor-version":[{"id":22320,"href":"https:\/\/atecordoba.org\/index.php?rest_route=\/wp\/v2\/posts\/22303\/revisions\/22320"}],"wp:featuredmedia":[{"embeddable":true,"href":"https:\/\/atecordoba.org\/index.php?rest_route=\/wp\/v2\/media\/22318"}],"wp:attachment":[{"href":"https:\/\/atecordoba.org\/index.php?rest_route=%2Fwp%2Fv2%2Fmedia&parent=22303"}],"wp:term":[{"taxonomy":"category","embeddable":true,"href":"https:\/\/atecordoba.org\/index.php?rest_route=%2Fwp%2Fv2%2Fcategories&post=22303"},{"taxonomy":"post_tag","embeddable":true,"href":"https:\/\/atecordoba.org\/index.php?rest_route=%2Fwp%2Fv2%2Ftags&post=22303"}],"curies":[{"name":"wp","href":"https:\/\/api.w.org\/{rel}","templated":true}]}}