{"id":22281,"date":"2020-10-13T15:06:38","date_gmt":"2020-10-13T18:06:38","guid":{"rendered":"https:\/\/atecordoba.org\/?p=22281"},"modified":"2020-10-13T15:06:38","modified_gmt":"2020-10-13T18:06:38","slug":"ate-rechaza-el-decreto-de-schiaretti-que-otorga-de-forma-discriminatoria-un-plus-por-servicio-a-los-hospitales","status":"publish","type":"post","link":"https:\/\/atecordoba.org\/?p=22281","title":{"rendered":"ATE rechaza el decreto de Schiaretti que otorga de forma discriminatoria un plus por servicio a los hospitales"},"content":{"rendered":"<p><img loading=\"lazy\" decoding=\"async\" class=\" wp-image-21892 aligncenter\" src=\"https:\/\/atecordoba.org\/wp-content\/uploads\/2020\/09\/WhatsApp-Image-2020-09-21-at-11.31.50-300x169.jpeg\" alt=\"\" width=\"602\" height=\"339\" srcset=\"https:\/\/atecordoba.org\/wp-content\/uploads\/2020\/09\/WhatsApp-Image-2020-09-21-at-11.31.50-300x169.jpeg 300w, https:\/\/atecordoba.org\/wp-content\/uploads\/2020\/09\/WhatsApp-Image-2020-09-21-at-11.31.50-1024x576.jpeg 1024w, https:\/\/atecordoba.org\/wp-content\/uploads\/2020\/09\/WhatsApp-Image-2020-09-21-at-11.31.50-768x432.jpeg 768w, https:\/\/atecordoba.org\/wp-content\/uploads\/2020\/09\/WhatsApp-Image-2020-09-21-at-11.31.50-750x422.jpeg 750w, https:\/\/atecordoba.org\/wp-content\/uploads\/2020\/09\/WhatsApp-Image-2020-09-21-at-11.31.50-1140x641.jpeg 1140w, https:\/\/atecordoba.org\/wp-content\/uploads\/2020\/09\/WhatsApp-Image-2020-09-21-at-11.31.50.jpeg 1280w\" sizes=\"auto, (max-width: 602px) 100vw, 602px\" \/>ATE rechaza el decreto provincial 690\/2020 del gobernador Schiaretti que estipula el pago de un adicional extraordinario no remunerativo, y por lo tanto en negro, para el personal que se desempe\u00f1a en las UTI y las UCI de adultos en los hospitales provinciales.<\/p>\n<p>&nbsp;<\/p>\n<p>Este decreto determina el pago de sumas diferenciadas entre estos profesionales, generando injustas diferencias entre distintas disciplinas, a cambio de una mayor contraprestaci\u00f3n horaria en el hospital donde tienen el cargo o donde el Ministerio de Salud as\u00ed lo disponga. Por lo que no resulta un reconocimiento al esfuerzo realizado tras duros meses de trabajo en la pandemia ni una recomposici\u00f3n por la p\u00e9rdida de poder de compra de nuestros haberes frente a la inflaci\u00f3n.<\/p>\n<p>Esta medida discrimina no solamente al resto de los servicios dentro del mismo hospital, privando al resto del personal de dicha beneficio. A esta arbitrariedad se suma que el beneficio tampoco se pagar\u00e1 ni para los hospitales que no son Covid -tambi\u00e9n llamados &#8216;hospitales blancos&#8217;- ni a las UTI y a las UCI pedi\u00e1tricas. As\u00ed, quedan afuera del estipendio centros de salud como el Hospital de Ni\u00f1os, Hospital Pedi\u00e1trico, Maternidad Provincial, Hospital Materno Neonatal, Hospital Oncol\u00f3gico, entre otros.<\/p>\n<p>La intenci\u00f3n del ministro de Salud, Diego Cardozo, de dividir a los equipos de salud en funci\u00f3n de quienes reciban el beneficio y quienes no se choca con el principio constitucional de &#8216;a igual tarea, igual salario&#8217; y expresa el desprecio evidente hacia quienes a diario se exponen para salvar vidas en nuestros hospitales.<\/p>\n<p>Todos los trabajadores deben recibir esa beneficio, sin arbitrariedades ni discriminaciones.<\/p>\n<p style=\"text-align: center;\">Federico Giuliani<\/p>\n<p style=\"text-align: center;\">Secretario General<\/p>\n<p style=\"text-align: center;\">ATE C\u00f3rdoba<\/p>\n<p style=\"text-align: center;\">Hugo Duran<\/p>\n<p style=\"text-align: center;\">Secretario Adjunto<\/p>\n<p><img loading=\"lazy\" decoding=\"async\" class=\"size-medium wp-image-22282 aligncenter\" src=\"https:\/\/atecordoba.org\/wp-content\/uploads\/2020\/10\/WhatsApp-Image-2020-10-13-at-12.49.27-169x300.jpeg\" alt=\"\" width=\"169\" height=\"300\" \/> <img loading=\"lazy\" decoding=\"async\" class=\"size-medium wp-image-22283 aligncenter\" src=\"https:\/\/atecordoba.org\/wp-content\/uploads\/2020\/10\/WhatsApp-Image-2020-10-13-at-12.49.24-1-169x300.jpeg\" alt=\"\" width=\"169\" height=\"300\" \/> <img loading=\"lazy\" decoding=\"async\" class=\"alignnone size-medium wp-image-22284\" src=\"https:\/\/atecordoba.org\/wp-content\/uploads\/2020\/10\/WhatsApp-Image-2020-10-13-at-12.49.25-169x300.jpeg\" alt=\"\" width=\"169\" height=\"300\" \/> <img loading=\"lazy\" decoding=\"async\" class=\"alignnone size-medium wp-image-22285\" src=\"https:\/\/atecordoba.org\/wp-content\/uploads\/2020\/10\/WhatsApp-Image-2020-10-13-at-12.49.25-1-169x300.jpeg\" alt=\"\" width=\"169\" height=\"300\" \/> <img loading=\"lazy\" decoding=\"async\" class=\"alignnone size-medium wp-image-22286\" src=\"https:\/\/atecordoba.org\/wp-content\/uploads\/2020\/10\/WhatsApp-Image-2020-10-13-at-12.49.24-169x300.jpeg\" alt=\"\" width=\"169\" height=\"300\" \/><\/p>\n<div id='gallery_1' class='gallery galleryid-22281 gallery-columns-3 gallery-size-full'><figure class='gallery-item'>\n                <div class='gallery-icon portrait'>\n                    <a href='https:\/\/atecordoba.org\/wp-content\/uploads\/2020\/10\/WhatsApp-Image-2020-10-13-at-12.49.24.jpeg'><img loading=\"lazy\" decoding=\"async\" width=\"540\" height=\"960\" src=\"\" class=\"attachment-full size-full lazyload\" alt=\"\" data-src=\"https:\/\/atecordoba.org\/wp-content\/uploads\/2020\/10\/WhatsApp-Image-2020-10-13-at-12.49.24.jpeg\" data-sizes=\"auto\" data-srcset=\"https:\/\/atecordoba.org\/wp-content\/uploads\/2020\/10\/WhatsApp-Image-2020-10-13-at-12.49.24.jpeg 540w, https:\/\/atecordoba.org\/wp-content\/uploads\/2020\/10\/WhatsApp-Image-2020-10-13-at-12.49.24-169x300.jpeg 169w\" data-expand=\"700\" \/><\/a>\n                <\/div><\/figure><figure class='gallery-item'>\n                <div class='gallery-icon portrait'>\n                    <a href='https:\/\/atecordoba.org\/wp-content\/uploads\/2020\/10\/WhatsApp-Image-2020-10-13-at-12.49.24-1.jpeg'><img loading=\"lazy\" decoding=\"async\" width=\"540\" height=\"960\" src=\"\" class=\"attachment-full size-full lazyload\" alt=\"\" data-src=\"https:\/\/atecordoba.org\/wp-content\/uploads\/2020\/10\/WhatsApp-Image-2020-10-13-at-12.49.24-1.jpeg\" data-sizes=\"auto\" data-srcset=\"https:\/\/atecordoba.org\/wp-content\/uploads\/2020\/10\/WhatsApp-Image-2020-10-13-at-12.49.24-1.jpeg 540w, https:\/\/atecordoba.org\/wp-content\/uploads\/2020\/10\/WhatsApp-Image-2020-10-13-at-12.49.24-1-169x300.jpeg 169w\" data-expand=\"700\" \/><\/a>\n                <\/div><\/figure><figure class='gallery-item'>\n                <div class='gallery-icon portrait'>\n                    <a href='https:\/\/atecordoba.org\/wp-content\/uploads\/2020\/10\/WhatsApp-Image-2020-10-13-at-12.49.25.jpeg'><img loading=\"lazy\" decoding=\"async\" width=\"540\" height=\"960\" src=\"\" class=\"attachment-full size-full lazyload\" alt=\"\" data-src=\"https:\/\/atecordoba.org\/wp-content\/uploads\/2020\/10\/WhatsApp-Image-2020-10-13-at-12.49.25.jpeg\" data-sizes=\"auto\" data-srcset=\"https:\/\/atecordoba.org\/wp-content\/uploads\/2020\/10\/WhatsApp-Image-2020-10-13-at-12.49.25.jpeg 540w, https:\/\/atecordoba.org\/wp-content\/uploads\/2020\/10\/WhatsApp-Image-2020-10-13-at-12.49.25-169x300.jpeg 169w\" data-expand=\"700\" \/><\/a>\n                <\/div><\/figure><br style=\"clear: both\" \/><figure class='gallery-item'>\n                <div class='gallery-icon portrait'>\n                    <a href='https:\/\/atecordoba.org\/wp-content\/uploads\/2020\/10\/WhatsApp-Image-2020-10-13-at-12.49.27.jpeg'><img loading=\"lazy\" decoding=\"async\" width=\"540\" height=\"960\" src=\"\" class=\"attachment-full size-full lazyload\" alt=\"\" data-src=\"https:\/\/atecordoba.org\/wp-content\/uploads\/2020\/10\/WhatsApp-Image-2020-10-13-at-12.49.27.jpeg\" data-sizes=\"auto\" data-srcset=\"https:\/\/atecordoba.org\/wp-content\/uploads\/2020\/10\/WhatsApp-Image-2020-10-13-at-12.49.27.jpeg 540w, https:\/\/atecordoba.org\/wp-content\/uploads\/2020\/10\/WhatsApp-Image-2020-10-13-at-12.49.27-169x300.jpeg 169w\" data-expand=\"700\" \/><\/a>\n                <\/div><\/figure><figure class='gallery-item'>\n                <div class='gallery-icon portrait'>\n                    <a href='https:\/\/atecordoba.org\/wp-content\/uploads\/2020\/10\/WhatsApp-Image-2020-10-13-at-12.49.25-1.jpeg'><img loading=\"lazy\" decoding=\"async\" width=\"540\" height=\"960\" src=\"\" class=\"attachment-full size-full lazyload\" alt=\"\" data-src=\"https:\/\/atecordoba.org\/wp-content\/uploads\/2020\/10\/WhatsApp-Image-2020-10-13-at-12.49.25-1.jpeg\" data-sizes=\"auto\" data-srcset=\"https:\/\/atecordoba.org\/wp-content\/uploads\/2020\/10\/WhatsApp-Image-2020-10-13-at-12.49.25-1.jpeg 540w, https:\/\/atecordoba.org\/wp-content\/uploads\/2020\/10\/WhatsApp-Image-2020-10-13-at-12.49.25-1-169x300.jpeg 169w\" data-expand=\"700\" \/><\/a>\n                <\/div><\/figure>\n                <br style='clear: both' \/>\n            <\/div>\n\n","protected":false},"excerpt":{"rendered":"<p>ATE rechaza el decreto provincial 690\/2020 del gobernador Schiaretti que estipula el pago de un adicional extraordinario no remunerativo, y por lo tanto en negro, para el personal que se desempe\u00f1a en las UTI y las UCI de adultos en los hospitales provinciales. &nbsp; Este decreto determina el pago de sumas diferenciadas entre estos profesionales, [&hellip;]<\/p>\n","protected":false},"author":7,"featured_media":21892,"comment_status":"open","ping_status":"open","sticky":false,"template":"","format":"standard","meta":{"_exactmetrics_skip_tracking":false,"_exactmetrics_sitenote_active":false,"_exactmetrics_sitenote_note":"","_exactmetrics_sitenote_category":0,"jnews-multi-image_gallery":[],"jnews_single_post":{"source_name":"","source_url":"","via_name":"","via_url":"","override_template":"0","override":[{"template":"1","single_blog_custom":"","parallax":"1","fullscreen":"0","layout":"right-sidebar","sidebar":"default-sidebar","second_sidebar":"default-sidebar","sticky_sidebar":"1","share_position":"top","share_float_style":"share-monocrhome","show_share_counter":"1","show_view_counter":"1","show_featured":"1","show_post_meta":"1","show_post_author":"1","show_post_author_image":"1","show_post_date":"1","post_date_format":"default","post_date_format_custom":"Y\/m\/d","show_post_category":"1","show_post_reading_time":"0","post_reading_time_wpm":"300","show_zoom_button":"0","zoom_button_out_step":"2","zoom_button_in_step":"3","show_post_tag":"1","show_prev_next_post":"1","show_popup_post":"1","number_popup_post":"1","show_author_box":"0","show_post_related":"0","show_inline_post_related":"0"}],"override_image_size":"0","image_override":[{"single_post_thumbnail_size":"crop-500","single_post_gallery_size":"crop-500"}],"trending_post":"0","trending_post_position":"meta","trending_post_label":"Trending","sponsored_post":"0","sponsored_post_label":"Sponsored by","sponsored_post_name":"","sponsored_post_url":"","sponsored_post_logo_enable":"0","sponsored_post_logo":"","sponsored_post_desc":""},"jnews_primary_category":{"id":""},"jnews_social_meta":{"fb_title":"","fb_description":"","fb_image":"","twitter_title":"","twitter_description":"","twitter_image":""},"jnews_review":[],"enable_review":"0","type":"percentage","name":"","summary":"","brand":"","sku":"","good":[{"good_text":""}],"bad":[{"bad_text":""}],"score_override":"","override_value":"","rating":[{"rating_text":"","rating_number":"10"}],"price":[{"shop":"","price":"","link":"","icon":""}],"jnews_override_counter":{"override_view_counter":"0","view_counter_number":"0","override_share_counter":"0","share_counter_number":"0","override_like_counter":"0","like_counter_number":"0","override_dislike_counter":"0","dislike_counter_number":"0"},"jnews_post_split":{"enable_post_split":"0","post_split":[{"template":"1","tag":"h2","numbering":"asc","mode":"normal"}]},"footnotes":""},"categories":[341,104,8],"tags":[],"class_list":["post-22281","post","type-post","status-publish","format-standard","has-post-thumbnail","hentry","category-cdp","category-departamento-de-salud","category-provinciales"],"jetpack_featured_media_url":"https:\/\/atecordoba.org\/wp-content\/uploads\/2020\/09\/WhatsApp-Image-2020-09-21-at-11.31.50.jpeg","_links":{"self":[{"href":"https:\/\/atecordoba.org\/index.php?rest_route=\/wp\/v2\/posts\/22281","targetHints":{"allow":["GET"]}}],"collection":[{"href":"https:\/\/atecordoba.org\/index.php?rest_route=\/wp\/v2\/posts"}],"about":[{"href":"https:\/\/atecordoba.org\/index.php?rest_route=\/wp\/v2\/types\/post"}],"author":[{"embeddable":true,"href":"https:\/\/atecordoba.org\/index.php?rest_route=\/wp\/v2\/users\/7"}],"replies":[{"embeddable":true,"href":"https:\/\/atecordoba.org\/index.php?rest_route=%2Fwp%2Fv2%2Fcomments&post=22281"}],"version-history":[{"count":2,"href":"https:\/\/atecordoba.org\/index.php?rest_route=\/wp\/v2\/posts\/22281\/revisions"}],"predecessor-version":[{"id":22293,"href":"https:\/\/atecordoba.org\/index.php?rest_route=\/wp\/v2\/posts\/22281\/revisions\/22293"}],"wp:featuredmedia":[{"embeddable":true,"href":"https:\/\/atecordoba.org\/index.php?rest_route=\/wp\/v2\/media\/21892"}],"wp:attachment":[{"href":"https:\/\/atecordoba.org\/index.php?rest_route=%2Fwp%2Fv2%2Fmedia&parent=22281"}],"wp:term":[{"taxonomy":"category","embeddable":true,"href":"https:\/\/atecordoba.org\/index.php?rest_route=%2Fwp%2Fv2%2Fcategories&post=22281"},{"taxonomy":"post_tag","embeddable":true,"href":"https:\/\/atecordoba.org\/index.php?rest_route=%2Fwp%2Fv2%2Ftags&post=22281"}],"curies":[{"name":"wp","href":"https:\/\/api.w.org\/{rel}","templated":true}]}}