{"id":22277,"date":"2020-10-13T12:31:21","date_gmt":"2020-10-13T15:31:21","guid":{"rendered":"https:\/\/atecordoba.org\/?p=22277"},"modified":"2020-10-13T12:42:49","modified_gmt":"2020-10-13T15:42:49","slug":"ministerio-de-trabajo-reunion-virtual-de-la-comision-de-generos","status":"publish","type":"post","link":"https:\/\/atecordoba.org\/?p=22277","title":{"rendered":"Ministerio de Trabajo: reuni\u00f3n virtual de la Comisi\u00f3n de G\u00e9neros"},"content":{"rendered":"<p><img loading=\"lazy\" decoding=\"async\" class=\" wp-image-22279 aligncenter\" src=\"https:\/\/atecordoba.org\/wp-content\/uploads\/2020\/10\/zoom-min-trabajo-_no-binaries-300x169.jpeg\" alt=\"\" width=\"598\" height=\"337\" srcset=\"https:\/\/atecordoba.org\/wp-content\/uploads\/2020\/10\/zoom-min-trabajo-_no-binaries-300x169.jpeg 300w, https:\/\/atecordoba.org\/wp-content\/uploads\/2020\/10\/zoom-min-trabajo-_no-binaries-1024x575.jpeg 1024w, https:\/\/atecordoba.org\/wp-content\/uploads\/2020\/10\/zoom-min-trabajo-_no-binaries-768x431.jpeg 768w, https:\/\/atecordoba.org\/wp-content\/uploads\/2020\/10\/zoom-min-trabajo-_no-binaries-750x421.jpeg 750w, https:\/\/atecordoba.org\/wp-content\/uploads\/2020\/10\/zoom-min-trabajo-_no-binaries-1140x640.jpeg 1140w, https:\/\/atecordoba.org\/wp-content\/uploads\/2020\/10\/zoom-min-trabajo-_no-binaries.jpeg 1280w\" sizes=\"auto, (max-width: 598px) 100vw, 598px\" \/>En el marco de un nuevo aniversario de los Encuentros Nacionales de Mujeres y ante la imposibilidad de celebrarse de manera presencial el 35\u00b0 Encuentro Plurinacional del Mujeres, Lesbianas, Transexuales, Bisexuales y No binaries, trabajadoras del Ministerio de Trabajo, Empleo y Seguridad Social de la Naci\u00f3n de todo el pa\u00eds organizaron un Encuentro Federal Virtual el pasado 10 de octubre.<\/p>\n<p>La propuesta fue impulsada desde la Comisi\u00f3n de G\u00e9neros de la Junta Interna de ATE Trabajo pero organizada junto a las delegadas del sector de distintas provincias del pa\u00eds. El encuentro que tuvo una duraci\u00f3n de 3 horas a trav\u00e9s de Zoom y participaron m\u00e1s de 40 delegadas y trabajadoras de las distintas Agencias Territoriales del pa\u00eds, d\u00e1ndole un car\u00e1cter federal y territorial al encuentro. Por la Agencia Territorial C\u00f3rdoba participaron Mar\u00eda Sotti, como moderadora, y Mar\u00eda Elena Berger como colaboradora de la producci\u00f3n audiovisual.<\/p>\n<p><img loading=\"lazy\" decoding=\"async\" class=\" wp-image-22278 aligncenter\" src=\"https:\/\/atecordoba.org\/wp-content\/uploads\/2020\/10\/zoom-min-trabajo-_no-binaries-2-300x169.jpeg\" alt=\"\" width=\"600\" height=\"338\" srcset=\"https:\/\/atecordoba.org\/wp-content\/uploads\/2020\/10\/zoom-min-trabajo-_no-binaries-2-300x169.jpeg 300w, https:\/\/atecordoba.org\/wp-content\/uploads\/2020\/10\/zoom-min-trabajo-_no-binaries-2-1024x576.jpeg 1024w, https:\/\/atecordoba.org\/wp-content\/uploads\/2020\/10\/zoom-min-trabajo-_no-binaries-2-768x432.jpeg 768w, https:\/\/atecordoba.org\/wp-content\/uploads\/2020\/10\/zoom-min-trabajo-_no-binaries-2-750x422.jpeg 750w, https:\/\/atecordoba.org\/wp-content\/uploads\/2020\/10\/zoom-min-trabajo-_no-binaries-2-1140x641.jpeg 1140w, https:\/\/atecordoba.org\/wp-content\/uploads\/2020\/10\/zoom-min-trabajo-_no-binaries-2.jpeg 1280w\" sizes=\"auto, (max-width: 600px) 100vw, 600px\" \/><\/p>\n<p>La apertura estuvo a cargo de Daniel Frencia, de la Comisi\u00f3n de G\u00e9nero, que realiz\u00f3 un recorrido audiovisual sobre la participaci\u00f3n de las delegadas de todo en el pa\u00eds en los Encuentros Nacionales de Mujeres.<\/p>\n<p>Luego se pas\u00f3 a debatir en talleres entorno a tres ejes de trabajo:<\/p>\n<ol>\n<li>Pol\u00edticas P\u00fablicas del MTEySS, avances y retrocesos en materia de g\u00e9nero y diversidades, cuyas moderadoras fueron Bel\u00e9n Picoy (CABA), Lorena G\u00f3mez (Jujuy) y Mar\u00eda Sotti (C\u00f3rdoba);<\/li>\n<li>Participaci\u00f3n sindical de las mujeres y las diversidades, donde moderaron Gabriela Plotnik (San Mart\u00edn) y Mailen Ben\u00edtez (CABA);<\/li>\n<li>Condiciones de Trabajo y Pandemia y su impacto en la vida de las mujeres y diversidades quienes cumplieron el rol de moderar fueron Guadalupe L\u00f3pez (CABA) y Silvana Mochi (CABA).<\/li>\n<\/ol>\n<p>El cierre supuso una puesta en com\u00fan de lo trabajado en cada grupo y termin\u00f3 con una proyecci\u00f3n audiovisual de la participaci\u00f3n de las mujeres en las luchas dadas en las Agencias Territoriales del pa\u00eds, mientas las compa\u00f1eras Natalia Romero (La Matanza) y M\u00f3nica Couceiro (San Mart\u00edn) realizaron una intervenci\u00f3n po\u00e9tica y musical.<\/p>\n","protected":false},"excerpt":{"rendered":"<p>En el marco de un nuevo aniversario de los Encuentros Nacionales de Mujeres y ante la imposibilidad de celebrarse de manera presencial el 35\u00b0 Encuentro Plurinacional del Mujeres, Lesbianas, Transexuales, Bisexuales y No binaries, trabajadoras del Ministerio de Trabajo, Empleo y Seguridad Social de la Naci\u00f3n de todo el pa\u00eds organizaron un Encuentro Federal Virtual [&hellip;]<\/p>\n","protected":false},"author":7,"featured_media":22279,"comment_status":"open","ping_status":"open","sticky":true,"template":"","format":"standard","meta":{"_exactmetrics_skip_tracking":false,"_exactmetrics_sitenote_active":false,"_exactmetrics_sitenote_note":"","_exactmetrics_sitenote_category":0,"jnews-multi-image_gallery":[],"jnews_single_post":{"source_name":"","source_url":"","via_name":"","via_url":"","override_template":"0","override":[{"template":"1","single_blog_custom":"","parallax":"1","fullscreen":"0","layout":"right-sidebar","sidebar":"default-sidebar","second_sidebar":"default-sidebar","sticky_sidebar":"1","share_position":"top","share_float_style":"share-monocrhome","show_share_counter":"1","show_view_counter":"1","show_featured":"1","show_post_meta":"1","show_post_author":"1","show_post_author_image":"1","show_post_date":"1","post_date_format":"default","post_date_format_custom":"Y\/m\/d","show_post_category":"1","show_post_reading_time":"0","post_reading_time_wpm":"300","show_zoom_button":"0","zoom_button_out_step":"2","zoom_button_in_step":"3","show_post_tag":"1","show_prev_next_post":"1","show_popup_post":"1","number_popup_post":"1","show_author_box":"0","show_post_related":"0","show_inline_post_related":"0"}],"override_image_size":"0","image_override":[{"single_post_thumbnail_size":"crop-500","single_post_gallery_size":"crop-500"}],"trending_post":"0","trending_post_position":"meta","trending_post_label":"Trending","sponsored_post":"0","sponsored_post_label":"Sponsored by","sponsored_post_name":"","sponsored_post_url":"","sponsored_post_logo_enable":"0","sponsored_post_logo":"","sponsored_post_desc":""},"jnews_primary_category":{"id":""},"jnews_social_meta":{"fb_title":"","fb_description":"","fb_image":"","twitter_title":"","twitter_description":"","twitter_image":""},"jnews_review":[],"enable_review":"0","type":"percentage","name":"","summary":"","brand":"","sku":"","good":[{"good_text":""}],"bad":[{"bad_text":""}],"score_override":"","override_value":"","rating":[{"rating_text":"","rating_number":"10"}],"price":[{"shop":"","price":"","link":"","icon":""}],"jnews_override_counter":{"override_view_counter":"0","view_counter_number":"0","override_share_counter":"0","share_counter_number":"0","override_like_counter":"0","like_counter_number":"0","override_dislike_counter":"0","dislike_counter_number":"0"},"jnews_post_split":{"enable_post_split":"0","post_split":[{"template":"1","tag":"h2","numbering":"asc","mode":"normal"}]},"footnotes":""},"categories":[325],"tags":[605],"class_list":["post-22277","post","type-post","status-publish","format-standard","has-post-thumbnail","hentry","category-generos-y-diversidades","tag-ministerio-de-trabajo"],"jetpack_featured_media_url":"https:\/\/atecordoba.org\/wp-content\/uploads\/2020\/10\/zoom-min-trabajo-_no-binaries.jpeg","_links":{"self":[{"href":"https:\/\/atecordoba.org\/index.php?rest_route=\/wp\/v2\/posts\/22277","targetHints":{"allow":["GET"]}}],"collection":[{"href":"https:\/\/atecordoba.org\/index.php?rest_route=\/wp\/v2\/posts"}],"about":[{"href":"https:\/\/atecordoba.org\/index.php?rest_route=\/wp\/v2\/types\/post"}],"author":[{"embeddable":true,"href":"https:\/\/atecordoba.org\/index.php?rest_route=\/wp\/v2\/users\/7"}],"replies":[{"embeddable":true,"href":"https:\/\/atecordoba.org\/index.php?rest_route=%2Fwp%2Fv2%2Fcomments&post=22277"}],"version-history":[{"count":1,"href":"https:\/\/atecordoba.org\/index.php?rest_route=\/wp\/v2\/posts\/22277\/revisions"}],"predecessor-version":[{"id":22280,"href":"https:\/\/atecordoba.org\/index.php?rest_route=\/wp\/v2\/posts\/22277\/revisions\/22280"}],"wp:featuredmedia":[{"embeddable":true,"href":"https:\/\/atecordoba.org\/index.php?rest_route=\/wp\/v2\/media\/22279"}],"wp:attachment":[{"href":"https:\/\/atecordoba.org\/index.php?rest_route=%2Fwp%2Fv2%2Fmedia&parent=22277"}],"wp:term":[{"taxonomy":"category","embeddable":true,"href":"https:\/\/atecordoba.org\/index.php?rest_route=%2Fwp%2Fv2%2Fcategories&post=22277"},{"taxonomy":"post_tag","embeddable":true,"href":"https:\/\/atecordoba.org\/index.php?rest_route=%2Fwp%2Fv2%2Ftags&post=22277"}],"curies":[{"name":"wp","href":"https:\/\/api.w.org\/{rel}","templated":true}]}}