{"id":22258,"date":"2020-10-13T11:03:22","date_gmt":"2020-10-13T14:03:22","guid":{"rendered":"https:\/\/atecordoba.org\/?p=22258"},"modified":"2020-10-13T15:11:29","modified_gmt":"2020-10-13T18:11:29","slug":"comienza-hoy-la-formacion-virtual-para-delegados-municipales-en-condiciones-y-medioambiente-de-trabajo","status":"publish","type":"post","link":"https:\/\/atecordoba.org\/?p=22258","title":{"rendered":"Comienza hoy la formaci\u00f3n virtual para delegados y delegadas municipales en condiciones y medio ambiente de trabajo"},"content":{"rendered":"<p><img loading=\"lazy\" decoding=\"async\" class=\" wp-image-22272 alignleft\" src=\"https:\/\/atecordoba.org\/wp-content\/uploads\/2020\/10\/flyer-municipales-afiliarse-300x300.jpeg\" alt=\"\" width=\"450\" height=\"450\" srcset=\"https:\/\/atecordoba.org\/wp-content\/uploads\/2020\/10\/flyer-municipales-afiliarse-300x300.jpeg 300w, https:\/\/atecordoba.org\/wp-content\/uploads\/2020\/10\/flyer-municipales-afiliarse-150x150.jpeg 150w, https:\/\/atecordoba.org\/wp-content\/uploads\/2020\/10\/flyer-municipales-afiliarse-75x75.jpeg 75w, https:\/\/atecordoba.org\/wp-content\/uploads\/2020\/10\/flyer-municipales-afiliarse.jpeg 540w\" sizes=\"auto, (max-width: 450px) 100vw, 450px\" \/><\/p>\n<p>En l\u00ednea con las actividades de capacitaci\u00f3n para delegados y dirigentes que el Consejo Directivo Provincial viene realizando desde comienzos de a\u00f1o para los distintos niveles del Estado, hoy a las 16 horas dar\u00e1 comienzo el Curso de Formaci\u00f3n Sindical en Condiciones y Medio Ambiente de Trabajo para delegados y delegadas municipales. Se trata de un taller que brindar\u00e1n en conjunto tanto la Coordinaci\u00f3n provincial de CyMAT y el ISLyMA-CTAA de C\u00f3rdoba.<\/p>\n<p>Las inscripciones cerraron la semana pasada y el curso inicia con un total de 49 inscriptos de toda la provincia, lo que da cuenta de la buena respuesta de las y los compa\u00f1eros a la propuesta de ATE y de la necesidad de abordar una tem\u00e1tica central en los lugares de trabajo.<\/p>\n<p>El delegado gremial ATE SENASA y miembro de la coordinaci\u00f3n CyMAT de organismos nacionales del CDP, Mat\u00edas Giuliani, T\u00e9cnico en Higiene y Seguridad Laboral explic\u00f3 que \u201cla formaci\u00f3n consiste en cuatro encuentros virtuales, sumado a una plataforma virtual permanente donde van a estar colgados en internet los materiales para que los delegados los descarguen y as\u00ed puedan llevar adelante las actividades planteadas en cada m\u00f3dulo, que estar\u00e1n incluidas en la evaluaci\u00f3n final\u201d.<\/p>\n<p>El dirigente afirm\u00f3 que \u201cla propuesta de esta formaci\u00f3n apunta a capacitar a las y los compa\u00f1eros, entendiendo la necesidad e importancia de fortalecer el v\u00ednculo entre el delegado y las y los trabajadores de su sector como primer nexo entre el afiliado y el sindicato\u201d.<\/p>\n<p><strong>Capacitaci\u00f3n espec\u00edfica<\/strong><\/p>\n<p>Desde el ISLyMA, el compa\u00f1ero Mat\u00edas Dreizik agreg\u00f3 que &#8220;se trata de una\u00a0capacitaci\u00f3n precisa para el sector que vamos a abordar, caracterizado por una diversidad de formas de vinculaci\u00f3n, por un contexto de precarizaci\u00f3n en muchos de los casos. Por eso cuenta con el desarrollo de estrategias de intervenci\u00f3n para los cuerpos delegados&#8221;.<\/p>\n<figure id=\"attachment_22294\" aria-describedby=\"caption-attachment-22294\" style=\"width: 300px\" class=\"wp-caption alignright\"><img loading=\"lazy\" decoding=\"async\" class=\"wp-image-22294 size-medium\" src=\"https:\/\/atecordoba.org\/wp-content\/uploads\/2020\/10\/Matias_Dreizik-300x300.jpg\" alt=\"\" width=\"300\" height=\"300\" srcset=\"https:\/\/atecordoba.org\/wp-content\/uploads\/2020\/10\/Matias_Dreizik-300x300.jpg 300w, https:\/\/atecordoba.org\/wp-content\/uploads\/2020\/10\/Matias_Dreizik-150x150.jpg 150w, https:\/\/atecordoba.org\/wp-content\/uploads\/2020\/10\/Matias_Dreizik-75x75.jpg 75w, https:\/\/atecordoba.org\/wp-content\/uploads\/2020\/10\/Matias_Dreizik.jpg 512w\" sizes=\"auto, (max-width: 300px) 100vw, 300px\" \/><figcaption id=\"caption-attachment-22294\" class=\"wp-caption-text\">Matias Dreizik, del ISLyMA.<\/figcaption><\/figure>\n<p>&#8220;La importancia de la capacitaci\u00f3n en la materia es que habitualmente los espacios paritarios de lucha y confrontaci\u00f3n tienen como primer reclamo la recomposici\u00f3n salarial, pero entendemos que la importancia\u00a0 de capacitarse en condiciones y medio ambiente de trabajo hacen abordar el \u00e1mbito de trabajo como un espacio de vida y para poder generar satisfacciones a partir de lo que uno hace&#8221;, dijo Dreizik.<\/p>\n<p>Sobre el aspecto metodol\u00f3gico, el capacitador se\u00f1al\u00f3 que &#8220;la plataforma virtual, con dictado de talleres a trav\u00e9s de zoom, combina la experiencia de participaci\u00f3n directa m\u00e1s los materiales para estudiar, con la idea de volver sobre ellos y compartirlo con otros compa\u00f1eros y compa\u00f1eras a partir del aula virtual donde va a quedar todo colgado, como una peque\u00f1a biblioteca donde van a tener acceso los que hagan los talleres&#8221;.<\/p>\n<p>El ISLyMA viene trabajando hace muchos a\u00f1os con el soporte virtual para las capacitaciones, y en este contexto de pandemia global se transform\u00f3 en una herramienta fundamental. &#8220;Es una ventaja que est\u00e1 a disposici\u00f3n de las organizaciones sindicales de la CTAA&#8221;, asegur\u00f3 Dreizik.<\/p>\n<p><strong>Materia pendiente<\/strong><\/p>\n<p>Para Giuliani \u201cse trata de una tem\u00e1tica particular y pocas veces abordada. Vamos a trasladar la experiencia que ya estamos realizando con los organismos nacionales para traspasarla a los municipales, as\u00ed las y los compa\u00f1eros toman nociones de riesgo laboral, condiciones y medio ambiente de trabajo\u201d.<\/p>\n<p>El delegado CyMAT sostiene que la formaci\u00f3n es sumamente necesaria para formar cuadros y dirigentes. \u201cPor otro lado le estamos devolviendo en beneficios concretos el aporte que hacen los afiliados, m\u00e1s all\u00e1 de los beneficios sociales. Esta instancia de formaci\u00f3n es un capital que se lleva el compa\u00f1ero para \u00e9l y sus compa\u00f1eros del sector que representa\u201d, asegur\u00f3.<\/p>\n<p>El curso se extender\u00e1 por cuatro martes, cada jornada de 16 a 18 horas y en el \u00faltimo m\u00f3dulo habr\u00e1 una exposici\u00f3n tipo panel donde se repase lo visto.<\/p>\n<p><strong>Departamento de Salud Laboral<\/strong><\/p>\n<p>Esta formaci\u00f3n se enmarca en el lanzamiento del Departamento de Salud Laboral, que se realizar\u00e1 tambi\u00e9n con la modalidad virtual este viernes a las 17 horas. \u201cDesde el comienzo de esta conducci\u00f3n del CDP nos planteamos formar delegados y delegadas CyMAT que puedan discutir en las paritarias. Lo ten\u00edamos planificado para que las y los compa\u00f1eros estuvieran preparados a principios de a\u00f1o pero como se congelaron las paritarias aprovechamos la pandemia para formarnos, hicimos varios talleres y cursos\u201d.<img loading=\"lazy\" decoding=\"async\" class=\" wp-image-22260 alignright\" src=\"https:\/\/atecordoba.org\/wp-content\/uploads\/2020\/10\/flyer-depto-salud-laboral-261x300.jpeg\" alt=\"\" width=\"467\" height=\"536\" srcset=\"https:\/\/atecordoba.org\/wp-content\/uploads\/2020\/10\/flyer-depto-salud-laboral-261x300.jpeg 261w, https:\/\/atecordoba.org\/wp-content\/uploads\/2020\/10\/flyer-depto-salud-laboral-892x1024.jpeg 892w, https:\/\/atecordoba.org\/wp-content\/uploads\/2020\/10\/flyer-depto-salud-laboral-768x882.jpeg 768w, https:\/\/atecordoba.org\/wp-content\/uploads\/2020\/10\/flyer-depto-salud-laboral-750x861.jpeg 750w, https:\/\/atecordoba.org\/wp-content\/uploads\/2020\/10\/flyer-depto-salud-laboral.jpeg 1098w\" sizes=\"auto, (max-width: 467px) 100vw, 467px\" \/><\/p>\n<p>Pero como la Coordinaci\u00f3n apuntaba a la formaci\u00f3n de sectores nacionales y eso acotaba el \u00e1mbito de trabajo, esta nueva estructura dentro de ATE permitir\u00e1 tener presencia en cada rinc\u00f3n de la provincia donde ATE tenga representaci\u00f3n.<\/p>\n<p>\u201cEl lanzamiento formal del Departamento de Salud Laboral abre las puertas para otorgarle las herramientas a los compa\u00f1eros y jerarquizar la importancia de esta tem\u00e1tica, pocas veces reconocida. El Departamento va contribuir a la construcci\u00f3n de conocimiento desde y para los trabajadores, la planificaci\u00f3n de agendas en materia de salud laboral, producir y difundir materiales sobre prevenci\u00f3n de riesgos de trabajo en distintos sectores, inherentes a las tareas que all\u00ed se realicen\u201d, dijo el delegado.<\/p>\n<p>Adem\u00e1s, la iniciativa intenta transferir la experiencia a las distintas seccionales para que se repliquen estas estructuras y poder territorializar las problem\u00e1ticas y los conflictos, \u201cpara detectar, abordar y denunciar las irregularidades que puedan poner en peligro la vida de los compa\u00f1eros, y articular con organismos intermedios, como se viene haciendo con el ISLyMA, con el Instituto de Salud y Seguridad de las y los Trabajadores de ATE (ISST-ATE), con los departamentos de Formaci\u00f3n, de G\u00e9neros y Diversidades , con el nuevo Departamento de Discapacidad. \u00a0Estamos creando un espacio multidisciplinario donde podamos abordar todo lo relacionado con la salud de los trabajadores\u201d, concluy\u00f3 Giuliani.<\/p>\n","protected":false},"excerpt":{"rendered":"<p>En l\u00ednea con las actividades de capacitaci\u00f3n para delegados y dirigentes que el Consejo Directivo Provincial viene realizando desde comienzos de a\u00f1o para los distintos niveles del Estado, hoy a las 16 horas dar\u00e1 comienzo el Curso de Formaci\u00f3n Sindical en Condiciones y Medio Ambiente de Trabajo para delegados y delegadas municipales. Se trata de [&hellip;]<\/p>\n","protected":false},"author":7,"featured_media":22272,"comment_status":"open","ping_status":"open","sticky":true,"template":"","format":"standard","meta":{"_exactmetrics_skip_tracking":false,"_exactmetrics_sitenote_active":false,"_exactmetrics_sitenote_note":"","_exactmetrics_sitenote_category":0,"jnews-multi-image_gallery":[],"jnews_single_post":{"source_name":"","source_url":"","via_name":"","via_url":"","override_template":"0","override":[{"template":"1","single_blog_custom":"","parallax":"1","fullscreen":"0","layout":"right-sidebar","sidebar":"default-sidebar","second_sidebar":"default-sidebar","sticky_sidebar":"1","share_position":"top","share_float_style":"share-monocrhome","show_share_counter":"1","show_view_counter":"1","show_featured":"1","show_post_meta":"1","show_post_author":"1","show_post_author_image":"1","show_post_date":"1","post_date_format":"default","post_date_format_custom":"Y\/m\/d","show_post_category":"1","show_post_reading_time":"0","post_reading_time_wpm":"300","show_zoom_button":"0","zoom_button_out_step":"2","zoom_button_in_step":"3","show_post_tag":"1","show_prev_next_post":"1","show_popup_post":"1","number_popup_post":"1","show_author_box":"0","show_post_related":"0","show_inline_post_related":"0"}],"override_image_size":"0","image_override":[{"single_post_thumbnail_size":"crop-500","single_post_gallery_size":"crop-500"}],"trending_post":"0","trending_post_position":"meta","trending_post_label":"Trending","sponsored_post":"0","sponsored_post_label":"Sponsored by","sponsored_post_name":"","sponsored_post_url":"","sponsored_post_logo_enable":"0","sponsored_post_logo":"","sponsored_post_desc":""},"jnews_primary_category":{"id":""},"jnews_social_meta":{"fb_title":"","fb_description":"","fb_image":"","twitter_title":"","twitter_description":"","twitter_image":""},"jnews_review":[],"enable_review":"0","type":"percentage","name":"","summary":"","brand":"","sku":"","good":[{"good_text":""}],"bad":[{"bad_text":""}],"score_override":"","override_value":"","rating":[{"rating_text":"","rating_number":"10"}],"price":[{"shop":"","price":"","link":"","icon":""}],"jnews_override_counter":{"override_view_counter":"0","view_counter_number":"0","override_share_counter":"0","share_counter_number":"0","override_like_counter":"0","like_counter_number":"0","override_dislike_counter":"0","dislike_counter_number":"0"},"jnews_post_split":{"enable_post_split":"0","post_split":[{"template":"1","tag":"h2","numbering":"asc","mode":"normal"}]},"footnotes":""},"categories":[549,400,88,20],"tags":[604],"class_list":["post-22258","post","type-post","status-publish","format-standard","has-post-thumbnail","hentry","category-cymat","category-estamentos","category-formacion","category-municipales","tag-formacion-delegados-municipales"],"jetpack_featured_media_url":"https:\/\/atecordoba.org\/wp-content\/uploads\/2020\/10\/flyer-municipales-afiliarse.jpeg","_links":{"self":[{"href":"https:\/\/atecordoba.org\/index.php?rest_route=\/wp\/v2\/posts\/22258","targetHints":{"allow":["GET"]}}],"collection":[{"href":"https:\/\/atecordoba.org\/index.php?rest_route=\/wp\/v2\/posts"}],"about":[{"href":"https:\/\/atecordoba.org\/index.php?rest_route=\/wp\/v2\/types\/post"}],"author":[{"embeddable":true,"href":"https:\/\/atecordoba.org\/index.php?rest_route=\/wp\/v2\/users\/7"}],"replies":[{"embeddable":true,"href":"https:\/\/atecordoba.org\/index.php?rest_route=%2Fwp%2Fv2%2Fcomments&post=22258"}],"version-history":[{"count":7,"href":"https:\/\/atecordoba.org\/index.php?rest_route=\/wp\/v2\/posts\/22258\/revisions"}],"predecessor-version":[{"id":22295,"href":"https:\/\/atecordoba.org\/index.php?rest_route=\/wp\/v2\/posts\/22258\/revisions\/22295"}],"wp:featuredmedia":[{"embeddable":true,"href":"https:\/\/atecordoba.org\/index.php?rest_route=\/wp\/v2\/media\/22272"}],"wp:attachment":[{"href":"https:\/\/atecordoba.org\/index.php?rest_route=%2Fwp%2Fv2%2Fmedia&parent=22258"}],"wp:term":[{"taxonomy":"category","embeddable":true,"href":"https:\/\/atecordoba.org\/index.php?rest_route=%2Fwp%2Fv2%2Fcategories&post=22258"},{"taxonomy":"post_tag","embeddable":true,"href":"https:\/\/atecordoba.org\/index.php?rest_route=%2Fwp%2Fv2%2Ftags&post=22258"}],"curies":[{"name":"wp","href":"https:\/\/api.w.org\/{rel}","templated":true}]}}