{"id":22247,"date":"2020-10-09T14:57:11","date_gmt":"2020-10-09T17:57:11","guid":{"rendered":"https:\/\/atecordoba.org\/?p=22247"},"modified":"2020-10-09T15:54:12","modified_gmt":"2020-10-09T18:54:12","slug":"el-che-guevara-siempre-esta-renaciendo","status":"publish","type":"post","link":"https:\/\/atecordoba.org\/?p=22247","title":{"rendered":"El Che Guevara siempre est\u00e1 renaciendo"},"content":{"rendered":"<p><img loading=\"lazy\" decoding=\"async\" class=\" wp-image-22248 aligncenter\" src=\"https:\/\/atecordoba.org\/wp-content\/uploads\/2020\/10\/zoom-che-guevara-300x126.png\" alt=\"\" width=\"605\" height=\"254\" srcset=\"https:\/\/atecordoba.org\/wp-content\/uploads\/2020\/10\/zoom-che-guevara-300x126.png 300w, https:\/\/atecordoba.org\/wp-content\/uploads\/2020\/10\/zoom-che-guevara-1024x431.png 1024w, https:\/\/atecordoba.org\/wp-content\/uploads\/2020\/10\/zoom-che-guevara-768x323.png 768w, https:\/\/atecordoba.org\/wp-content\/uploads\/2020\/10\/zoom-che-guevara-750x315.png 750w, https:\/\/atecordoba.org\/wp-content\/uploads\/2020\/10\/zoom-che-guevara-1140x479.png 1140w, https:\/\/atecordoba.org\/wp-content\/uploads\/2020\/10\/zoom-che-guevara.png 1320w\" sizes=\"auto, (max-width: 605px) 100vw, 605px\" \/>Con gran participaci\u00f3n, ATE C\u00f3rdoba realiz\u00f3 ayer un sentido homenaje a la memoria de Ernesto Che Guevara, al cumplirse ayer un nuevo aniversario de un asesinato en Bolivia.<\/p>\n<p>Organizado por la Secretaria de Prensa del Consejo Directivo Provincial, a cargo de Julia Giuliani, la actividad cont\u00f3 con la presencia destacada de la periodista Stella Calloni, as\u00ed como de representantes de la Embajada de Cuba en Argentina, que enviaron un mensaje en video apoyando la iniciativa. Tambi\u00e9n se cont\u00f3 con la participaci\u00f3n art\u00edstica del Duo Amapola, integrado por Romina Andrea Pezzelato y Paola Mor\u00e1n, que amenizaron la charla con hermosas canciones y una lucida interpretaci\u00f3n de voz y guitarra.<\/p>\n<p>En la ocasi\u00f3n, el secretario General de ATE C\u00f3rdoba, Federico Giuliani, destac\u00f3 que &#8220;C\u00f3rdoba es una de las tierras que alberg\u00f3 a Ernesto y donde forj\u00f3 sus valores, por lo cual es una figura muy querida ac\u00e1. El vivi\u00f3 en Alta Gracia y en C\u00f3rdoba Capital mucho tiempo&#8221;.<\/p>\n<p>El dirigente relat\u00f3 que tuvo la posibilidad de hacer &#8220;una formaci\u00f3n pol\u00edtico-sindical en la isla hace dos a\u00f1os. Tenemos la perspectiva de construir solidaridad e internacionalismo desde el movimiento obrero y nos parece importante romper con el cerco en la discusi\u00f3n de la solidaridad con Cuba de peque\u00f1os grupos estancos o cerrados. En ese sentido, es\u00a0 importante llevar los objetivos, las bases program\u00e1ticas y los valores de la revoluci\u00f3n cubana al territorio&#8221;.<\/p>\n<p><img loading=\"lazy\" decoding=\"async\" class=\" wp-image-22250 alignleft\" src=\"https:\/\/atecordoba.org\/wp-content\/uploads\/2020\/10\/flyer-che-263x300.jpeg\" alt=\"\" width=\"432\" height=\"493\" srcset=\"https:\/\/atecordoba.org\/wp-content\/uploads\/2020\/10\/flyer-che-263x300.jpeg 263w, https:\/\/atecordoba.org\/wp-content\/uploads\/2020\/10\/flyer-che-898x1024.jpeg 898w, https:\/\/atecordoba.org\/wp-content\/uploads\/2020\/10\/flyer-che-768x876.jpeg 768w, https:\/\/atecordoba.org\/wp-content\/uploads\/2020\/10\/flyer-che-750x856.jpeg 750w, https:\/\/atecordoba.org\/wp-content\/uploads\/2020\/10\/flyer-che.jpeg 1122w\" sizes=\"auto, (max-width: 432px) 100vw, 432px\" \/><\/p>\n<p>Giuliani destac\u00f3, adem\u00e1s, que la CTA Aut\u00f3noma que encabeza como secretario General &#8220;no solo nuclea a trabajadores formales, en blanco y con recibo de sueldo, sino tambi\u00e9n informales, en negro y desocupados. De forma que llevar a cada merendero, a cada comedor, es muy importante. En el camino de ensanchar la cancha estamos y eso es importante para una central obrera y un sindicato. Estamos disponibles para accionar en favor de la solidaridad con Cuba y la patria grande y decirles que al Che no lo asesinaron, no muri\u00f3. Se multiplic\u00f3 y vive en cada militante que sienta una injusticia como propia&#8221;.<\/p>\n<p>El dirigente cerr\u00f3 su intervenci\u00f3n citando al Che, al decir que &#8220;uno se puede endurecer pero no hay que perder la ternura jam\u00e1s&#8221;.<\/p>\n<p>Seguidamente, Fernando Roperto, de la cooperativa y editorial Acerc\u00e1ndonos relat\u00f3 su experiencia publicando libros relacionados con la figura del Che; Mar\u00eda Santucho, directora de Centro Cultura Pablo de la Torriente Brau, comparti\u00f3 cuatro canciones de la trova cubana en relaci\u00f3n con el Che: la famosa \u2018Tu querida presencia\u2019, seguida de &#8216;Despu\u00e9s de tanto tiempo y tanta tempestad&#8217;, &#8216;Su nombre y apellido son fusil contra fusil&#8217; y &#8216;Por eso estas al lado de Camilo y a la izquierda de Chang\u00f3&#8217;.<\/p>\n<p>La compa\u00f1era Sandra Silvetti, integrante de la conducci\u00f3n de la seccional ATE Rosario, salud\u00f3 a los presentes que afirm\u00f3 que &#8220;El che es un encuentro obligado para los que militamos, seguimos los valores del Che, la solidaridad, el compa\u00f1erismo, estar siempre en la primera fila. Me gusta mucho el poema de Galeano \u2018el hacedor\u2019, m\u00e1s aun en estos momentos de crisis civilizatoria como los que estamos viviendo, es imprescindible m\u00e1s que nunca tener presente al Che&#8221;.<\/p>\n<p>Por su parte, Oscar Ver\u00f3n, de ATE V\u00edas Navegables e integrante de la organizaci\u00f3n &#8216;Navegando con el Che&#8217; destac\u00f3 &#8220;a las compa\u00f1eras m\u00e9dicas de Cutral Co, Neuqu\u00e9n, que piden recibir a los m\u00e9dicos cubanos para aportar a la lucha contra la pandemia. Necesitamos esa experiencia y esa solidaridad en este momento, que son un ejemplo para el mundo. En este pa\u00eds la derecha y los medios los han vituperado y defenestrado, cuando en otros pa\u00edses los valoraron much\u00edsimo&#8221;.<\/p>\n<p>Y Dar\u00edo Fuentes, responsable de prensa de la Confederaci\u00f3n Latinoamericana de Trabajadores Estatales (Clate) y responsable del Museo del Che La Pastera, de San Mart\u00edn de Los Andes, dijo estar &#8220;muy contentos de seguir hablando del Che desde hace tantos a\u00f1os y mas aun\u00a0 en medio de esta crisis del capitalismo amplificada pro la pandemia, que abre la posibilidad de construir otra sociedad con otros valores. En Cuba tenemos a disposici\u00f3n otro modelo que incluso exporta salud, exporta m\u00e9dicos. As\u00ed que es un honor formar parte de este gran colectivo que trabajamos para divulgar el pensamiento del Che. En nombre de la Clate y su presidente Julio Fuentes, estamos en estas mismas batallas a nivel regional y llevando adelante estos mismos conceptos en nuestra tarea&#8221;.<\/p>\n<p><strong>Plato fuerte: Stella Calloni<\/strong><\/p>\n<p>Seguidamente, fue invitada a dar su testimonio la reconocida periodista e intelectual Stella Calloni, de reconocidas militancia en favor de Cuba y en contra del imperialismo norteamericano. &#8220;Como dec\u00eda Galeano, por qu\u00e9 ser\u00e1 que el Che tiene esa costumbre de seguir naciendo todos los d\u00edas&#8221;, inici\u00f3 Calloni su intervenci\u00f3n.<\/p>\n<p>&#8220;Y si uno mira el panorama actual de esta Am\u00e9rica- prosigui\u00f3-, estaba pensando en el sacud\u00f3n profundo que recibe cuando pasa por Bolivia en su primer viaje, cuando se enamora del pueblo boliviano, entiende que all\u00ed hab\u00eda un apartheid realmente, comunidades ind\u00edgenas excluidas y abandonadas&#8221;.<\/p>\n<p>&#8220;\u00c9l se va con ese amor, despu\u00e9s de andar\u00a0 por nuestra Am\u00e9rica por los leprosarios, en los lugares de la Am\u00e9rica profunda y sufriente por la dominaci\u00f3n. En todos lados donde pas\u00f3 el Che se lo recuerda con amor. Cuando fue testigo de la invasi\u00f3n norteamericana a Guatemala y \u00e9l se refugia en la Embajada Argentina, dice que no regresa y sigue para M\u00e9xico, como si tuviera marcado su encuentro con Fidel, con Ra\u00fal. Qui\u00e9n iba a pensar que iba a estar en ese viejo barco chiquito que cruz\u00f3 el mar para ir a convertirse en esos muchachos barbados, de los cuales sobrevivieron unos pocos, que se fueron a la Sierra Maestra y empezaron la revoluci\u00f3n maravillosa que persiste hasta hoy en d\u00eda, y que estar\u00eda muy orgulloso de ver en este momento. Cuba, una isla chiquita, le da permanentes derrotas morales al imperio que est\u00e1 a 90 millas marinas. Con 60 a\u00f1os de bloqueo, el pueblo cubano es quien m\u00e1s ha soportado un sitio de guerra en la historia de la humanidad&#8221;.<\/p>\n<p>&#8220;Todos conocemos esa historia maravillosa de irse al Congo, a partir del acuerdo con Fidel seg\u00fan el cual el Che iba tomar otro rumbo cuando la revoluci\u00f3n estuviera consolidada. Aquella campa\u00f1a fue muy dura por las diferencias internas. Pero el paso del Che es bien recordado y todos los movimientos revolucionarios en la \u00c1frica negra tienen su impronta&#8221;, continu\u00f3.<\/p>\n<p>En cuanto a su figura en Am\u00e9rica, Calloni record\u00f3 que &#8220;de la misma forma, su sombra impregna los movimientos ind\u00edgenas en Bolivia, de donde sale Evo Morales en el 2003. Gracias a su figura se implicaron los grupos estudiantiles en los movimientos revolucionarios y gracias a \u00e9l que queda clara la instalaci\u00f3n permanente de la CIA en ese pa\u00eds. Fue un ministro del interior arrepentido que mando su libro a Cuba quien lo relata bien&#8221;.<\/p>\n<p>Para Stella, el Che siempre est\u00e1 renaciendo. &#8220;Fue un renacedor de la rebeld\u00eda justa de nuestros pueblos. C\u00f3mo estar\u00eda hoy el Che viendo Bolivia, ese pueblo heroico que desde el primer d\u00eda del Golpe est\u00e1 resistiendo; c\u00f3mo no va a estar naciendo el Che en Chile, estamos viendo que falta dirigencia pero todo lo que \u00e9l vio en Am\u00e9rica Latina profunda se est\u00e1 rebelando y se va a imponer a la larga porque estamos viendo que todo. El Che hubiera querido que los pueblos est\u00e9n levantados, que no dejen pasar nada, como est\u00e1 sucediendo actualmente, que corrijan a sus propios gobiernos cuando est\u00e9n equivocados. Que sean part\u00edcipes y se levantan por su propio lado, como sucede en Chile&#8221;.<\/p>\n<p>&#8220;Yo tuve la alegr\u00eda de ser una gran amiga de la madre del Che, Celia. Habr\u00eda que rendirle un homenaje a ella porque el Che es como su madre en su austeridad, en sus formas, en todo lo que nos ense\u00f1\u00f3, una lucha declarada contra el imperio. Hoy el imperio tiene declarada una guerra contra nosotros, imag\u00ednense si el Che no va a estar renaciendo.\u00a0En este d\u00eda de recuerdo y homenaje, con tantos j\u00f3venes participando de esta actividad es la se\u00f1ala que el Che hubiera querido tener en estos tiempos y circunstancias&#8221;, concluy\u00f3.<\/p>\n<p>Posteriormente ley\u00f3 un emotivo poema suyo dedicado al Che que conmovi\u00f3 a todas las compa\u00f1eras y compa\u00f1eros presentes.<\/p>\n<p><strong>La embajada de Cuba, presente<\/strong><\/p>\n<p>Por \u00faltimo, antes de finalizar, se emiti\u00f3 un mensaje grabado en video de Yadira Alvarez e Isidro Betancourt, de la embajada cubana en Argentina, saludando la actividad.<\/p>\n<p>&#8220;Desde la embajada de Cuba en Argentina quiero enviar un abrazo fraternal por este homenaje, un acto de memoria ante el vil asesinato del Che en Bolivia pero que tambi\u00e9n celebra la vida y la obra de ese hombre nuevo que encarn\u00f3 Ernesto Guevara de la Serna&#8221;, dijo Yadira \u00c1lvarez.<\/p>\n<p>&#8220;El 8 de octubre los cubanos celebramos una jornada nacional precisamente para no olvidar, para recordar la tarea de Camilo y del Che, dos figuras\u00a0 no solo de la Revoluci\u00f3n sino de nuestra Am\u00e9rica. Recordamos tambi\u00e9n en esta fecha la intervenci\u00f3n del Che en la ONU en 1964, donde se refiri\u00f3 donde nuestra patria, incluy\u00e9ndose \u00e9l en la patria Cubana, no podr\u00eda nunca renunciar a su derecho a existir y a ser una naci\u00f3n soberana. Ya lo hab\u00eda dicho tambi\u00e9n Fidel en 1961 frente a un grupo de intelectuales. Cuba siempre tendr\u00e1 de ejemplos a Fidel, a Camilo, al Che y a tantos ejemplos hist\u00f3ricos de nuestro continente para seguir adelante. Para demostrar que ning\u00fan bloqueo, ninguna amenaza, van a poder apagar jam\u00e1s la fuerza de las ideas&#8221;.<\/p>\n<p>Finalmente se emiti\u00f3 un video del Museo La Pastera y mensajes de\u00a0Victor Casaus, del Centro Cultura Pablo de la Torriente Brau, con poemas de su autor\u00eda,\u00a0Mailin Vidal, de Prensa Latina, y Yasiel Pieter, del Sindicato de Trabajadores de la Administraci\u00f3n P\u00fablica en Cuba.<\/p>\n<p>El D\u00fao Amapola cerr\u00f3 la jornada con excelentes interpretaciones muy aplaudidas.<\/p>\n<p>Tambi\u00e9n participaron de la actividad, Ivan Contreras, Mar\u00eda Sotti y Gabriela Alcoba, miembros del CDP, Rafaela Alcoba, secretaria General de la seccional Rio cuarto, el compa\u00f1ero Beto Pozzi, de ATE Rosario, Franco Orsato, del departamento de discapacidad del CDP, y Franco Ayesa, de prensa del CDP.<\/p>\n<p>&nbsp;<\/p>\n","protected":false},"excerpt":{"rendered":"<p>Con gran participaci\u00f3n, ATE C\u00f3rdoba realiz\u00f3 ayer un sentido homenaje a la memoria de Ernesto Che Guevara, al cumplirse ayer un nuevo aniversario de un asesinato en Bolivia. Organizado por la Secretaria de Prensa del Consejo Directivo Provincial, a cargo de Julia Giuliani, la actividad cont\u00f3 con la presencia destacada de la periodista Stella Calloni, [&hellip;]<\/p>\n","protected":false},"author":7,"featured_media":22248,"comment_status":"open","ping_status":"open","sticky":true,"template":"","format":"standard","meta":{"_exactmetrics_skip_tracking":false,"_exactmetrics_sitenote_active":false,"_exactmetrics_sitenote_note":"","_exactmetrics_sitenote_category":0,"jnews-multi-image_gallery":[],"jnews_single_post":{"source_name":"","source_url":"","via_name":"","via_url":"","override_template":"0","override":[{"template":"1","single_blog_custom":"","parallax":"1","fullscreen":"0","layout":"right-sidebar","sidebar":"default-sidebar","second_sidebar":"default-sidebar","sticky_sidebar":"1","share_position":"top","share_float_style":"share-monocrhome","show_share_counter":"1","show_view_counter":"1","show_featured":"1","show_post_meta":"1","show_post_author":"1","show_post_author_image":"1","show_post_date":"1","post_date_format":"default","post_date_format_custom":"Y\/m\/d","show_post_category":"1","show_post_reading_time":"0","post_reading_time_wpm":"300","show_zoom_button":"0","zoom_button_out_step":"2","zoom_button_in_step":"3","show_post_tag":"1","show_prev_next_post":"1","show_popup_post":"1","number_popup_post":"1","show_author_box":"0","show_post_related":"0","show_inline_post_related":"0"}],"override_image_size":"0","image_override":[{"single_post_thumbnail_size":"crop-500","single_post_gallery_size":"crop-500"}],"trending_post":"0","trending_post_position":"meta","trending_post_label":"Trending","sponsored_post":"0","sponsored_post_label":"Sponsored by","sponsored_post_name":"","sponsored_post_url":"","sponsored_post_logo_enable":"0","sponsored_post_logo":"","sponsored_post_desc":""},"jnews_primary_category":{"id":""},"jnews_social_meta":{"fb_title":"","fb_description":"","fb_image":"","twitter_title":"","twitter_description":"","twitter_image":""},"jnews_review":[],"enable_review":"0","type":"percentage","name":"","summary":"","brand":"","sku":"","good":[{"good_text":""}],"bad":[{"bad_text":""}],"score_override":"","override_value":"","rating":[{"rating_text":"","rating_number":"10"}],"price":[{"shop":"","price":"","link":"","icon":""}],"jnews_override_counter":{"override_view_counter":"0","view_counter_number":"0","override_share_counter":"0","share_counter_number":"0","override_like_counter":"0","like_counter_number":"0","override_dislike_counter":"0","dislike_counter_number":"0"},"jnews_post_split":{"enable_post_split":"0","post_split":[{"template":"1","tag":"h2","numbering":"asc","mode":"normal"}]},"footnotes":""},"categories":[10],"tags":[603],"class_list":["post-22247","post","type-post","status-publish","format-standard","has-post-thumbnail","hentry","category-accion-politica","tag-homenaje-al-che-guevara"],"jetpack_featured_media_url":"https:\/\/atecordoba.org\/wp-content\/uploads\/2020\/10\/zoom-che-guevara.png","_links":{"self":[{"href":"https:\/\/atecordoba.org\/index.php?rest_route=\/wp\/v2\/posts\/22247","targetHints":{"allow":["GET"]}}],"collection":[{"href":"https:\/\/atecordoba.org\/index.php?rest_route=\/wp\/v2\/posts"}],"about":[{"href":"https:\/\/atecordoba.org\/index.php?rest_route=\/wp\/v2\/types\/post"}],"author":[{"embeddable":true,"href":"https:\/\/atecordoba.org\/index.php?rest_route=\/wp\/v2\/users\/7"}],"replies":[{"embeddable":true,"href":"https:\/\/atecordoba.org\/index.php?rest_route=%2Fwp%2Fv2%2Fcomments&post=22247"}],"version-history":[{"count":4,"href":"https:\/\/atecordoba.org\/index.php?rest_route=\/wp\/v2\/posts\/22247\/revisions"}],"predecessor-version":[{"id":22253,"href":"https:\/\/atecordoba.org\/index.php?rest_route=\/wp\/v2\/posts\/22247\/revisions\/22253"}],"wp:featuredmedia":[{"embeddable":true,"href":"https:\/\/atecordoba.org\/index.php?rest_route=\/wp\/v2\/media\/22248"}],"wp:attachment":[{"href":"https:\/\/atecordoba.org\/index.php?rest_route=%2Fwp%2Fv2%2Fmedia&parent=22247"}],"wp:term":[{"taxonomy":"category","embeddable":true,"href":"https:\/\/atecordoba.org\/index.php?rest_route=%2Fwp%2Fv2%2Fcategories&post=22247"},{"taxonomy":"post_tag","embeddable":true,"href":"https:\/\/atecordoba.org\/index.php?rest_route=%2Fwp%2Fv2%2Ftags&post=22247"}],"curies":[{"name":"wp","href":"https:\/\/api.w.org\/{rel}","templated":true}]}}