{"id":22243,"date":"2020-10-09T10:15:13","date_gmt":"2020-10-09T13:15:13","guid":{"rendered":"https:\/\/atecordoba.org\/?p=22243"},"modified":"2020-10-09T10:15:13","modified_gmt":"2020-10-09T13:15:13","slug":"pesar-por-el-fallecimiento-por-covid-del-companero-del-hospital-de-ninos-edgar-odierna","status":"publish","type":"post","link":"https:\/\/atecordoba.org\/?p=22243","title":{"rendered":"Pesar por el fallecimiento por Covid del compa\u00f1ero del Hospital de Ni\u00f1os Edgar Odierna"},"content":{"rendered":"<p><img loading=\"lazy\" decoding=\"async\" class=\" wp-image-22155 aligncenter\" src=\"https:\/\/atecordoba.org\/wp-content\/uploads\/2020\/10\/Hospital-de-Ni\u00f1os_ambulancia-300x190.jpg\" alt=\"\" width=\"600\" height=\"380\" srcset=\"https:\/\/atecordoba.org\/wp-content\/uploads\/2020\/10\/Hospital-de-Ni\u00f1os_ambulancia-300x190.jpg 300w, https:\/\/atecordoba.org\/wp-content\/uploads\/2020\/10\/Hospital-de-Ni\u00f1os_ambulancia-768x486.jpg 768w, https:\/\/atecordoba.org\/wp-content\/uploads\/2020\/10\/Hospital-de-Ni\u00f1os_ambulancia-750x475.jpg 750w, https:\/\/atecordoba.org\/wp-content\/uploads\/2020\/10\/Hospital-de-Ni\u00f1os_ambulancia.jpg 900w\" sizes=\"auto, (max-width: 600px) 100vw, 600px\" \/>ATE C\u00f3rdoba y el cuerpo de delegados del Hospital de Ni\u00f1os expresan su profundo pesar por el fallecimiento por contagio de COVID 19 del compa\u00f1ero Edgar Odierna, bioqu\u00edmico de 47 a\u00f1os y pap\u00e1 de dos hijos.<\/p>\n<p>Acompa\u00f1amos en el dolor a su familia y a cada una y cada uno de las y los compa\u00f1eros de Laboratorio del centro de salud. Su p\u00e9rdida es irreparable. Se nos ha ido un compa\u00f1ero con todas las letras, de una grandeza enorme como profesional y persona. Extra\u00f1aremos su calidez, su afecto presente en cada encuentro, en cada saludo, sus charlas, su predisposici\u00f3n. Siempre atento y solidario con su alegr\u00eda de cada ma\u00f1ana en el Laboratorio.<\/p>\n<p>Se nos ha ido uno de los mejores! Lo vamos a necesitar.<\/p>\n<p>Descansa en paz.<\/p>\n","protected":false},"excerpt":{"rendered":"<p>ATE C\u00f3rdoba y el cuerpo de delegados del Hospital de Ni\u00f1os expresan su profundo pesar por el fallecimiento por contagio de COVID 19 del compa\u00f1ero Edgar Odierna, bioqu\u00edmico de 47 a\u00f1os y pap\u00e1 de dos hijos. Acompa\u00f1amos en el dolor a su familia y a cada una y cada uno de las y los compa\u00f1eros [&hellip;]<\/p>\n","protected":false},"author":7,"featured_media":22155,"comment_status":"open","ping_status":"open","sticky":true,"template":"","format":"standard","meta":{"_exactmetrics_skip_tracking":false,"_exactmetrics_sitenote_active":false,"_exactmetrics_sitenote_note":"","_exactmetrics_sitenote_category":0,"jnews-multi-image_gallery":[],"jnews_single_post":{"source_name":"","source_url":"","via_name":"","via_url":"","override_template":"0","override":[{"template":"1","single_blog_custom":"","parallax":"1","fullscreen":"0","layout":"right-sidebar","sidebar":"default-sidebar","second_sidebar":"default-sidebar","sticky_sidebar":"1","share_position":"top","share_float_style":"share-monocrhome","show_share_counter":"1","show_view_counter":"1","show_featured":"1","show_post_meta":"1","show_post_author":"1","show_post_author_image":"1","show_post_date":"1","post_date_format":"default","post_date_format_custom":"Y\/m\/d","show_post_category":"1","show_post_reading_time":"0","post_reading_time_wpm":"300","show_zoom_button":"0","zoom_button_out_step":"2","zoom_button_in_step":"3","show_post_tag":"1","show_prev_next_post":"1","show_popup_post":"1","number_popup_post":"1","show_author_box":"0","show_post_related":"0","show_inline_post_related":"0"}],"override_image_size":"0","image_override":[{"single_post_thumbnail_size":"crop-500","single_post_gallery_size":"crop-500"}],"trending_post":"0","trending_post_position":"meta","trending_post_label":"Trending","sponsored_post":"0","sponsored_post_label":"Sponsored by","sponsored_post_name":"","sponsored_post_url":"","sponsored_post_logo_enable":"0","sponsored_post_logo":"","sponsored_post_desc":""},"jnews_primary_category":{"id":""},"jnews_social_meta":{"fb_title":"","fb_description":"","fb_image":"","twitter_title":"","twitter_description":"","twitter_image":""},"jnews_review":[],"enable_review":"0","type":"percentage","name":"","summary":"","brand":"","sku":"","good":[{"good_text":""}],"bad":[{"bad_text":""}],"score_override":"","override_value":"","rating":[{"rating_text":"","rating_number":"10"}],"price":[{"shop":"","price":"","link":"","icon":""}],"jnews_override_counter":{"override_view_counter":"0","view_counter_number":"0","override_share_counter":"0","share_counter_number":"0","override_like_counter":"0","like_counter_number":"0","override_dislike_counter":"0","dislike_counter_number":"0"},"jnews_post_split":{"enable_post_split":"0","post_split":[{"template":"1","tag":"h2","numbering":"asc","mode":"normal"}]},"footnotes":""},"categories":[341,104,8],"tags":[601,365,602],"class_list":["post-22243","post","type-post","status-publish","format-standard","has-post-thumbnail","hentry","category-cdp","category-departamento-de-salud","category-provinciales","tag-edgar-odierna","tag-hospital-de-ninos","tag-muerto-por-covid"],"jetpack_featured_media_url":"https:\/\/atecordoba.org\/wp-content\/uploads\/2020\/10\/Hospital-de-Ni\u00f1os_ambulancia.jpg","_links":{"self":[{"href":"https:\/\/atecordoba.org\/index.php?rest_route=\/wp\/v2\/posts\/22243","targetHints":{"allow":["GET"]}}],"collection":[{"href":"https:\/\/atecordoba.org\/index.php?rest_route=\/wp\/v2\/posts"}],"about":[{"href":"https:\/\/atecordoba.org\/index.php?rest_route=\/wp\/v2\/types\/post"}],"author":[{"embeddable":true,"href":"https:\/\/atecordoba.org\/index.php?rest_route=\/wp\/v2\/users\/7"}],"replies":[{"embeddable":true,"href":"https:\/\/atecordoba.org\/index.php?rest_route=%2Fwp%2Fv2%2Fcomments&post=22243"}],"version-history":[{"count":1,"href":"https:\/\/atecordoba.org\/index.php?rest_route=\/wp\/v2\/posts\/22243\/revisions"}],"predecessor-version":[{"id":22244,"href":"https:\/\/atecordoba.org\/index.php?rest_route=\/wp\/v2\/posts\/22243\/revisions\/22244"}],"wp:featuredmedia":[{"embeddable":true,"href":"https:\/\/atecordoba.org\/index.php?rest_route=\/wp\/v2\/media\/22155"}],"wp:attachment":[{"href":"https:\/\/atecordoba.org\/index.php?rest_route=%2Fwp%2Fv2%2Fmedia&parent=22243"}],"wp:term":[{"taxonomy":"category","embeddable":true,"href":"https:\/\/atecordoba.org\/index.php?rest_route=%2Fwp%2Fv2%2Fcategories&post=22243"},{"taxonomy":"post_tag","embeddable":true,"href":"https:\/\/atecordoba.org\/index.php?rest_route=%2Fwp%2Fv2%2Ftags&post=22243"}],"curies":[{"name":"wp","href":"https:\/\/api.w.org\/{rel}","templated":true}]}}