{"id":22232,"date":"2020-10-08T15:24:18","date_gmt":"2020-10-08T18:24:18","guid":{"rendered":"https:\/\/atecordoba.org\/?p=22232"},"modified":"2020-10-08T17:18:00","modified_gmt":"2020-10-08T20:18:00","slug":"las-acequias-ate-rio-cuarto-cierra-la-paritaria-municipal-de-este-ano-con-aumentos-salariales-del-35","status":"publish","type":"post","link":"https:\/\/atecordoba.org\/?p=22232","title":{"rendered":"Las Acequias: ATE R\u00edo Cuarto cierra la paritaria municipal de este a\u00f1o con aumentos salariales del 35%"},"content":{"rendered":"<p><img loading=\"lazy\" decoding=\"async\" class=\" wp-image-22233 aligncenter\" src=\"https:\/\/atecordoba.org\/wp-content\/uploads\/2020\/10\/las-acequias-300x225.jpeg\" alt=\"\" width=\"509\" height=\"382\" srcset=\"https:\/\/atecordoba.org\/wp-content\/uploads\/2020\/10\/las-acequias-300x225.jpeg 300w, https:\/\/atecordoba.org\/wp-content\/uploads\/2020\/10\/las-acequias-1024x768.jpeg 1024w, https:\/\/atecordoba.org\/wp-content\/uploads\/2020\/10\/las-acequias-768x576.jpeg 768w, https:\/\/atecordoba.org\/wp-content\/uploads\/2020\/10\/las-acequias-750x563.jpeg 750w, https:\/\/atecordoba.org\/wp-content\/uploads\/2020\/10\/las-acequias.jpeg 1040w\" sizes=\"auto, (max-width: 509px) 100vw, 509px\" \/><\/p>\n<p>Tras una reuni\u00f3n llevada a cabo hoy con el intendente de la localidad de Las Acequias, Gast\u00f3n Tomatis, la seccional ATE R\u00edo Cuarto y el cuerpo de delegados de las y los trabajadores municipales de la localidad alcanzaron un acuerdo salarial que significa una pauta para el \u00faltimo trimestre del a\u00f1o de un 15% de recomposici\u00f3n de haberes.<\/p>\n<p>Dicho aumento se realizar\u00e1 en tres cuotas acumulativas a pagar en los meses de octubre, noviembre y diciembre, completando as\u00ed una recomposici\u00f3n para todo el 2020 del orden del 35%, toda vez que la paritaria ya ven\u00eda sumando una pauta del 20% para el primer tramo del a\u00f1o.<\/p>\n<p>La secretaria General de ATE R\u00edo Cuarto, Rafaela Alcoba, detall\u00f3 que la paritaria arrib\u00f3 a buen t\u00e9rmino ya que al acuerdo salarial se suma el compromiso para que &#8220;en diciembre se realicen pases a planta permanente de compa\u00f1eras y compa\u00f1eros que est\u00e1n bajo modalidad de contratos. Para hacerlo de manera justa y equitativa solicitamos la n\u00f3mina de trabajadores y trabajadoras que est\u00e1n contratados, para sentarnos a fin de a\u00f1o y definir qui\u00e9nes pasar\u00e1n a planta en esta primera tanda. Mientras, queda pendiente para la paritaria de 2021 nuevos pases a planta&#8221;. Para diciembre est\u00e1 previsto tambi\u00e9n discutir el programa de recategorizaciones para toda la planta permanente y &#8220;solicitamos que se designe una persona desde el municipio que sea responsable para poner en marcha la Ley Micaela para funcionarios, funcionarias, trabajadores y trabajadoras de la localidad&#8221;, se\u00f1al\u00f3.<\/p>\n<p>Adem\u00e1s, Alcoba inform\u00f3 que el Departamento Ejecutivo municipal abrir\u00e1 las puertas a una discusi\u00f3n para la reforma del Estatuto del Trabajador Municipal. &#8220;Vale aclarar que en toda la provincia se est\u00e1 trabajando bajo estatutos vetustos, hay muchos otros municipios que ni siquiera tienen estatuto y est\u00e1n regulados por la ley provincial, o bien toman modalidades a medida que surgen situaciones&#8221;, explic\u00f3 la dirigente.<\/p>\n<p>En tal sentido, Alcoba valor\u00f3 la reuni\u00f3n llevada a cabo hoy como &#8220;una buena paritaria. Ambas partes logramos un acuerdo que nos permite a ambas partes acercarnos a la discusi\u00f3n de temas que venimos impulsando desde la primera audiencia&#8221;.<\/p>\n<p>En la oportunidad, formaron parte de la audiencia el secretario Gremial de ATE R\u00edo Cuarto, Pablo Irusta, y el cuerpo de delegados de ATE en la localidad, integrado por los compa\u00f1eros Ismael Imenson y Rodrigo Flores.<\/p>\n","protected":false},"excerpt":{"rendered":"<p>Tras una reuni\u00f3n llevada a cabo hoy con el intendente de la localidad de Las Acequias, Gast\u00f3n Tomatis, la seccional ATE R\u00edo Cuarto y el cuerpo de delegados de las y los trabajadores municipales de la localidad alcanzaron un acuerdo salarial que significa una pauta para el \u00faltimo trimestre del a\u00f1o de un 15% de [&hellip;]<\/p>\n","protected":false},"author":7,"featured_media":22233,"comment_status":"open","ping_status":"open","sticky":true,"template":"","format":"standard","meta":{"_exactmetrics_skip_tracking":false,"_exactmetrics_sitenote_active":false,"_exactmetrics_sitenote_note":"","_exactmetrics_sitenote_category":0,"jnews-multi-image_gallery":[],"jnews_single_post":{"source_name":"","source_url":"","via_name":"","via_url":"","override_template":"0","override":[{"template":"1","single_blog_custom":"","parallax":"1","fullscreen":"0","layout":"right-sidebar","sidebar":"default-sidebar","second_sidebar":"default-sidebar","sticky_sidebar":"1","share_position":"top","share_float_style":"share-monocrhome","show_share_counter":"1","show_view_counter":"1","show_featured":"1","show_post_meta":"1","show_post_author":"1","show_post_author_image":"1","show_post_date":"1","post_date_format":"default","post_date_format_custom":"Y\/m\/d","show_post_category":"1","show_post_reading_time":"0","post_reading_time_wpm":"300","show_zoom_button":"0","zoom_button_out_step":"2","zoom_button_in_step":"3","show_post_tag":"1","show_prev_next_post":"1","show_popup_post":"1","number_popup_post":"1","show_author_box":"0","show_post_related":"0","show_inline_post_related":"0"}],"override_image_size":"0","image_override":[{"single_post_thumbnail_size":"crop-500","single_post_gallery_size":"crop-500"}],"trending_post":"0","trending_post_position":"meta","trending_post_label":"Trending","sponsored_post":"0","sponsored_post_label":"Sponsored by","sponsored_post_name":"","sponsored_post_url":"","sponsored_post_logo_enable":"0","sponsored_post_logo":"","sponsored_post_desc":""},"jnews_primary_category":{"id":""},"jnews_social_meta":{"fb_title":"","fb_description":"","fb_image":"","twitter_title":"","twitter_description":"","twitter_image":""},"jnews_review":[],"enable_review":"0","type":"percentage","name":"","summary":"","brand":"","sku":"","good":[{"good_text":""}],"bad":[{"bad_text":""}],"score_override":"","override_value":"","rating":[{"rating_text":"","rating_number":"10"}],"price":[{"shop":"","price":"","link":"","icon":""}],"jnews_override_counter":{"override_view_counter":"0","view_counter_number":"0","override_share_counter":"0","share_counter_number":"0","override_like_counter":"0","like_counter_number":"0","override_dislike_counter":"0","dislike_counter_number":"0"},"jnews_post_split":{"enable_post_split":"0","post_split":[{"template":"1","tag":"h2","numbering":"asc","mode":"normal"}]},"footnotes":""},"categories":[20,12,34],"tags":[600,599],"class_list":["post-22232","post","type-post","status-publish","format-standard","has-post-thumbnail","hentry","category-municipales","category-rio-cuarto","category-seccionales","tag-municipalidad-de-las-acequias","tag-paritaria"],"jetpack_featured_media_url":"https:\/\/atecordoba.org\/wp-content\/uploads\/2020\/10\/las-acequias.jpeg","_links":{"self":[{"href":"https:\/\/atecordoba.org\/index.php?rest_route=\/wp\/v2\/posts\/22232","targetHints":{"allow":["GET"]}}],"collection":[{"href":"https:\/\/atecordoba.org\/index.php?rest_route=\/wp\/v2\/posts"}],"about":[{"href":"https:\/\/atecordoba.org\/index.php?rest_route=\/wp\/v2\/types\/post"}],"author":[{"embeddable":true,"href":"https:\/\/atecordoba.org\/index.php?rest_route=\/wp\/v2\/users\/7"}],"replies":[{"embeddable":true,"href":"https:\/\/atecordoba.org\/index.php?rest_route=%2Fwp%2Fv2%2Fcomments&post=22232"}],"version-history":[{"count":5,"href":"https:\/\/atecordoba.org\/index.php?rest_route=\/wp\/v2\/posts\/22232\/revisions"}],"predecessor-version":[{"id":22238,"href":"https:\/\/atecordoba.org\/index.php?rest_route=\/wp\/v2\/posts\/22232\/revisions\/22238"}],"wp:featuredmedia":[{"embeddable":true,"href":"https:\/\/atecordoba.org\/index.php?rest_route=\/wp\/v2\/media\/22233"}],"wp:attachment":[{"href":"https:\/\/atecordoba.org\/index.php?rest_route=%2Fwp%2Fv2%2Fmedia&parent=22232"}],"wp:term":[{"taxonomy":"category","embeddable":true,"href":"https:\/\/atecordoba.org\/index.php?rest_route=%2Fwp%2Fv2%2Fcategories&post=22232"},{"taxonomy":"post_tag","embeddable":true,"href":"https:\/\/atecordoba.org\/index.php?rest_route=%2Fwp%2Fv2%2Ftags&post=22232"}],"curies":[{"name":"wp","href":"https:\/\/api.w.org\/{rel}","templated":true}]}}