{"id":22219,"date":"2020-10-07T16:05:32","date_gmt":"2020-10-07T19:05:32","guid":{"rendered":"https:\/\/atecordoba.org\/?p=22219"},"modified":"2020-10-08T10:17:52","modified_gmt":"2020-10-08T13:17:52","slug":"cordoba-se-prepara-para-una-nueva-marcha-por-la-salud-mental","status":"publish","type":"post","link":"https:\/\/atecordoba.org\/?p=22219","title":{"rendered":"C\u00f3rdoba se prepara para una nueva marcha por la salud mental"},"content":{"rendered":"<p><img loading=\"lazy\" decoding=\"async\" class=\" wp-image-22220 alignleft\" src=\"https:\/\/atecordoba.org\/wp-content\/uploads\/2020\/10\/flyer-marcha-salud-mental-261x300.jpeg\" alt=\"\" width=\"423\" height=\"486\" srcset=\"https:\/\/atecordoba.org\/wp-content\/uploads\/2020\/10\/flyer-marcha-salud-mental-261x300.jpeg 261w, https:\/\/atecordoba.org\/wp-content\/uploads\/2020\/10\/flyer-marcha-salud-mental-892x1024.jpeg 892w, https:\/\/atecordoba.org\/wp-content\/uploads\/2020\/10\/flyer-marcha-salud-mental-768x882.jpeg 768w, https:\/\/atecordoba.org\/wp-content\/uploads\/2020\/10\/flyer-marcha-salud-mental-750x861.jpeg 750w, https:\/\/atecordoba.org\/wp-content\/uploads\/2020\/10\/flyer-marcha-salud-mental.jpeg 1098w\" sizes=\"auto, (max-width: 423px) 100vw, 423px\" \/>Tras la multitudinaria respuesta que obtuvo el a\u00f1o pasado, el pr\u00f3ximo 16 de octubre se llevar\u00e1 a cabo la 7\u00aa Marcha por el Derecho a la Salud Mental en C\u00f3rdoba, esta vez con modalidad virtual debido a la pandemia.<\/p>\n<p>Bajo la consigna &#8220;Ni un paso atr\u00e1s, la urgencia es construir comunidad&#8221;, ATE renueva el compromiso con el objetivo de aportar la presencia y la interconexi\u00f3n de nuestra organizaci\u00f3n para crecer y articular los reclamos por una mejora urgente y sustantiva de la atenci\u00f3n para la salud mental en toda la provincia.<\/p>\n<p>&#8220;A 10 a\u00f1os de la sanci\u00f3n de la ley de Salud Mental Nacional, C\u00f3rdoba a\u00fan no cerr\u00f3 sus manicomios como se hab\u00eda comprometido, tampoco existen los mecanismos sustitutivos que prev\u00e9 la ley&#8221;, explica Nora Gal\u00e1n, afiliada a ATE y psic\u00f3loga del equipo de salud comunitaria de Villa Libertador, espacio que viene sufriendo una brutal persecuci\u00f3n por parte del Ministerio de Salud, con clausuras y traslados arbitrarios y compulsivos.\u00a0ATE ya <a href=\"https:\/\/atecordoba.org\/?p=21984\">judicializ\u00f3 la situaci\u00f3n<\/a> a los fines de restituir el servicio y garantizar el derecho a la atenci\u00f3n de los vecinos del sector.<\/p>\n<p>Otros servicios como el de la ciudad de R\u00edo Cuarto, tambi\u00e9n vienen sufriendo destratos, con mudanzas permanentes del espacio f\u00edsico, agravadas en pandemia.<\/p>\n<p>&#8220;No saben bien que hacer con el servicio, m\u00e1s all\u00e1 que tenemos leyes desde el 2010 que plasman con mucha claridad la importancia de que la salud mental est\u00e9 verdaderamente integrada, con un abordaje comunitario,\u00a0 con presupuesto y recursos para poder garantizar los tratamientos. A su vez, la legislaci\u00f3n de C\u00f3rdoba sigue los lineamientos nacionales pero despu\u00e9s nada se hace efectivo porque no hay un solo recurso disponible para desarrollar dispositivos de abordaje comunitario, ni para desarrollar dispositivos relacionados con la inclusi\u00f3n social de los pacientes usuarios de los servicios de salud mental&#8221;, agreg\u00f3 Andrea Ferreyra, delegada normalizadora de ATE en el Nuevo Hospital de R\u00edo Cuarto y psic\u00f3loga de planta del hospital.<\/p>\n<p>Ambas compa\u00f1eras sostienen que la pandemia agudiza esta situaci\u00f3n. &#8220;Desde marzo sufrimos distintos traslados del servicio dentro del hospital, achicamiento de camas y ni siquiera tenemos ahora ba\u00f1os disponibles en las habitaciones. Lo que observamos es un corrimiento porque desde las autoridades no parece que tengan la mirada puesta en que la salud mental siga funcionando para los usuarios que necesitan mantener los tratamientos. Hay derechos cercenados y menoscabados&#8221;, sostiene Ferreyra. &#8220;Por eso la consigna es &#8216;marchamos con la consigna ni un paso atr\u00e1s, la urgencia es construir en comunidad'&#8221;, concluye Gal\u00e1n.<\/p>\n<p>La movilizaci\u00f3n tiene car\u00e1cter multisectorial y est\u00e1 promovida desde la web http:\/marchasaludmental.com.ar<\/p>\n<p>&nbsp;<\/p>\n","protected":false},"excerpt":{"rendered":"<p>Tras la multitudinaria respuesta que obtuvo el a\u00f1o pasado, el pr\u00f3ximo 16 de octubre se llevar\u00e1 a cabo la 7\u00aa Marcha por el Derecho a la Salud Mental en C\u00f3rdoba, esta vez con modalidad virtual debido a la pandemia. Bajo la consigna &#8220;Ni un paso atr\u00e1s, la urgencia es construir comunidad&#8221;, ATE renueva el compromiso [&hellip;]<\/p>\n","protected":false},"author":7,"featured_media":22220,"comment_status":"open","ping_status":"open","sticky":true,"template":"","format":"standard","meta":{"_exactmetrics_skip_tracking":false,"_exactmetrics_sitenote_active":false,"_exactmetrics_sitenote_note":"","_exactmetrics_sitenote_category":0,"jnews-multi-image_gallery":[],"jnews_single_post":{"source_name":"","source_url":"","via_name":"","via_url":"","override_template":"0","override":[{"template":"1","single_blog_custom":"","parallax":"1","fullscreen":"0","layout":"right-sidebar","sidebar":"default-sidebar","second_sidebar":"default-sidebar","sticky_sidebar":"1","share_position":"top","share_float_style":"share-monocrhome","show_share_counter":"1","show_view_counter":"1","show_featured":"1","show_post_meta":"1","show_post_author":"1","show_post_author_image":"1","show_post_date":"1","post_date_format":"default","post_date_format_custom":"Y\/m\/d","show_post_category":"1","show_post_reading_time":"0","post_reading_time_wpm":"300","show_zoom_button":"0","zoom_button_out_step":"2","zoom_button_in_step":"3","show_post_tag":"1","show_prev_next_post":"1","show_popup_post":"1","number_popup_post":"1","show_author_box":"0","show_post_related":"0","show_inline_post_related":"0"}],"override_image_size":"0","image_override":[{"single_post_thumbnail_size":"crop-500","single_post_gallery_size":"crop-500"}],"trending_post":"0","trending_post_position":"meta","trending_post_label":"Trending","sponsored_post":"0","sponsored_post_label":"Sponsored by","sponsored_post_name":"","sponsored_post_url":"","sponsored_post_logo_enable":"0","sponsored_post_logo":"","sponsored_post_desc":""},"jnews_primary_category":{"id":""},"jnews_social_meta":{"fb_title":"","fb_description":"","fb_image":"","twitter_title":"","twitter_description":"","twitter_image":""},"jnews_review":[],"enable_review":"0","type":"percentage","name":"","summary":"","brand":"","sku":"","good":[{"good_text":""}],"bad":[{"bad_text":""}],"score_override":"","override_value":"","rating":[{"rating_text":"","rating_number":"10"}],"price":[{"shop":"","price":"","link":"","icon":""}],"jnews_override_counter":{"override_view_counter":"0","view_counter_number":"0","override_share_counter":"0","share_counter_number":"0","override_like_counter":"0","like_counter_number":"0","override_dislike_counter":"0","dislike_counter_number":"0"},"jnews_post_split":{"enable_post_split":"0","post_split":[{"template":"1","tag":"h2","numbering":"asc","mode":"normal"}]},"footnotes":""},"categories":[341,8],"tags":[435],"class_list":["post-22219","post","type-post","status-publish","format-standard","has-post-thumbnail","hentry","category-cdp","category-provinciales","tag-salud-mental"],"jetpack_featured_media_url":"https:\/\/atecordoba.org\/wp-content\/uploads\/2020\/10\/flyer-marcha-salud-mental.jpeg","_links":{"self":[{"href":"https:\/\/atecordoba.org\/index.php?rest_route=\/wp\/v2\/posts\/22219","targetHints":{"allow":["GET"]}}],"collection":[{"href":"https:\/\/atecordoba.org\/index.php?rest_route=\/wp\/v2\/posts"}],"about":[{"href":"https:\/\/atecordoba.org\/index.php?rest_route=\/wp\/v2\/types\/post"}],"author":[{"embeddable":true,"href":"https:\/\/atecordoba.org\/index.php?rest_route=\/wp\/v2\/users\/7"}],"replies":[{"embeddable":true,"href":"https:\/\/atecordoba.org\/index.php?rest_route=%2Fwp%2Fv2%2Fcomments&post=22219"}],"version-history":[{"count":2,"href":"https:\/\/atecordoba.org\/index.php?rest_route=\/wp\/v2\/posts\/22219\/revisions"}],"predecessor-version":[{"id":22223,"href":"https:\/\/atecordoba.org\/index.php?rest_route=\/wp\/v2\/posts\/22219\/revisions\/22223"}],"wp:featuredmedia":[{"embeddable":true,"href":"https:\/\/atecordoba.org\/index.php?rest_route=\/wp\/v2\/media\/22220"}],"wp:attachment":[{"href":"https:\/\/atecordoba.org\/index.php?rest_route=%2Fwp%2Fv2%2Fmedia&parent=22219"}],"wp:term":[{"taxonomy":"category","embeddable":true,"href":"https:\/\/atecordoba.org\/index.php?rest_route=%2Fwp%2Fv2%2Fcategories&post=22219"},{"taxonomy":"post_tag","embeddable":true,"href":"https:\/\/atecordoba.org\/index.php?rest_route=%2Fwp%2Fv2%2Ftags&post=22219"}],"curies":[{"name":"wp","href":"https:\/\/api.w.org\/{rel}","templated":true}]}}