{"id":22214,"date":"2020-10-07T13:34:09","date_gmt":"2020-10-07T16:34:09","guid":{"rendered":"https:\/\/atecordoba.org\/?p=22214"},"modified":"2020-10-08T10:20:27","modified_gmt":"2020-10-08T13:20:27","slug":"donaciones-a-bomberos-en-achiras","status":"publish","type":"post","link":"https:\/\/atecordoba.org\/?p=22214","title":{"rendered":"Donaciones a bomberos de Achiras"},"content":{"rendered":"<p><img loading=\"lazy\" decoding=\"async\" class=\" wp-image-22217 aligncenter\" src=\"https:\/\/atecordoba.org\/wp-content\/uploads\/2020\/10\/achiras-bomberos-300x139.jpeg\" alt=\"\" width=\"600\" height=\"278\" srcset=\"https:\/\/atecordoba.org\/wp-content\/uploads\/2020\/10\/achiras-bomberos-300x139.jpeg 300w, https:\/\/atecordoba.org\/wp-content\/uploads\/2020\/10\/achiras-bomberos-1024x473.jpeg 1024w, https:\/\/atecordoba.org\/wp-content\/uploads\/2020\/10\/achiras-bomberos-768x355.jpeg 768w, https:\/\/atecordoba.org\/wp-content\/uploads\/2020\/10\/achiras-bomberos-750x346.jpeg 750w, https:\/\/atecordoba.org\/wp-content\/uploads\/2020\/10\/achiras-bomberos-1140x526.jpeg 1140w, https:\/\/atecordoba.org\/wp-content\/uploads\/2020\/10\/achiras-bomberos.jpeg 1152w\" sizes=\"auto, (max-width: 600px) 100vw, 600px\" \/>La Seccional ATE R\u00edo Cuarto realiz\u00f3 hoy la entrega de un aporte econ\u00f3mico para colaborar con los bomberos de la localidad de Achiras, donde el incendio del medio ambiente es uno de los focos actuales de mayor intensidad.<\/p>\n<p>La donaci\u00f3n se realiz\u00f3 a trav\u00e9s del cuerpo de delegados y delegadas municipales de Achiras, integrado por la compa\u00f1era Natalia Garay y los compa\u00f1eros Rodrigo Olguin y Antonio Carrizo.<\/p>\n<p>La lucha de ATE es integral y all\u00ed donde se necesite articular para frenar este tipo acciones inhumanas contra el medio ambiente tambi\u00e9n est\u00e1 nuestra organizaci\u00f3n.<\/p>\n<p><img loading=\"lazy\" decoding=\"async\" class=\" wp-image-22216 aligncenter\" src=\"https:\/\/atecordoba.org\/wp-content\/uploads\/2020\/10\/achiras-bomberos-recibo-300x203.jpeg\" alt=\"\" width=\"606\" height=\"410\" srcset=\"https:\/\/atecordoba.org\/wp-content\/uploads\/2020\/10\/achiras-bomberos-recibo-300x203.jpeg 300w, https:\/\/atecordoba.org\/wp-content\/uploads\/2020\/10\/achiras-bomberos-recibo-1024x694.jpeg 1024w, https:\/\/atecordoba.org\/wp-content\/uploads\/2020\/10\/achiras-bomberos-recibo-768x521.jpeg 768w, https:\/\/atecordoba.org\/wp-content\/uploads\/2020\/10\/achiras-bomberos-recibo-750x509.jpeg 750w, https:\/\/atecordoba.org\/wp-content\/uploads\/2020\/10\/achiras-bomberos-recibo-1140x773.jpeg 1140w, https:\/\/atecordoba.org\/wp-content\/uploads\/2020\/10\/achiras-bomberos-recibo.jpeg 1280w\" sizes=\"auto, (max-width: 606px) 100vw, 606px\" \/><\/p>\n","protected":false},"excerpt":{"rendered":"<p>La Seccional ATE R\u00edo Cuarto realiz\u00f3 hoy la entrega de un aporte econ\u00f3mico para colaborar con los bomberos de la localidad de Achiras, donde el incendio del medio ambiente es uno de los focos actuales de mayor intensidad. La donaci\u00f3n se realiz\u00f3 a trav\u00e9s del cuerpo de delegados y delegadas municipales de Achiras, integrado por [&hellip;]<\/p>\n","protected":false},"author":7,"featured_media":22216,"comment_status":"open","ping_status":"open","sticky":true,"template":"","format":"standard","meta":{"_exactmetrics_skip_tracking":false,"_exactmetrics_sitenote_active":false,"_exactmetrics_sitenote_note":"","_exactmetrics_sitenote_category":0,"jnews-multi-image_gallery":[],"jnews_single_post":{"source_name":"","source_url":"","via_name":"","via_url":"","override_template":"0","override":[{"template":"1","single_blog_custom":"","parallax":"1","fullscreen":"0","layout":"right-sidebar","sidebar":"default-sidebar","second_sidebar":"default-sidebar","sticky_sidebar":"1","share_position":"top","share_float_style":"share-monocrhome","show_share_counter":"1","show_view_counter":"1","show_featured":"1","show_post_meta":"1","show_post_author":"1","show_post_author_image":"1","show_post_date":"1","post_date_format":"default","post_date_format_custom":"Y\/m\/d","show_post_category":"1","show_post_reading_time":"0","post_reading_time_wpm":"300","show_zoom_button":"0","zoom_button_out_step":"2","zoom_button_in_step":"3","show_post_tag":"1","show_prev_next_post":"1","show_popup_post":"1","number_popup_post":"1","show_author_box":"0","show_post_related":"0","show_inline_post_related":"0"}],"override_image_size":"0","image_override":[{"single_post_thumbnail_size":"crop-500","single_post_gallery_size":"crop-500"}],"trending_post":"0","trending_post_position":"meta","trending_post_label":"Trending","sponsored_post":"0","sponsored_post_label":"Sponsored by","sponsored_post_name":"","sponsored_post_url":"","sponsored_post_logo_enable":"0","sponsored_post_logo":"","sponsored_post_desc":""},"jnews_primary_category":{"id":""},"jnews_social_meta":{"fb_title":"","fb_description":"","fb_image":"","twitter_title":"","twitter_description":"","twitter_image":""},"jnews_review":[],"enable_review":"0","type":"percentage","name":"","summary":"","brand":"","sku":"","good":[{"good_text":""}],"bad":[{"bad_text":""}],"score_override":"","override_value":"","rating":[{"rating_text":"","rating_number":"10"}],"price":[{"shop":"","price":"","link":"","icon":""}],"jnews_override_counter":{"override_view_counter":"0","view_counter_number":"0","override_share_counter":"0","share_counter_number":"0","override_like_counter":"0","like_counter_number":"0","override_dislike_counter":"0","dislike_counter_number":"0"},"jnews_post_split":{"enable_post_split":"0","post_split":[{"template":"1","tag":"h2","numbering":"asc","mode":"normal"}]},"footnotes":""},"categories":[20,12,34,1],"tags":[597,531],"class_list":["post-22214","post","type-post","status-publish","format-standard","has-post-thumbnail","hentry","category-municipales","category-rio-cuarto","category-seccionales","category-sin-categoria","tag-bomberos","tag-donaciones"],"jetpack_featured_media_url":"https:\/\/atecordoba.org\/wp-content\/uploads\/2020\/10\/achiras-bomberos-recibo.jpeg","_links":{"self":[{"href":"https:\/\/atecordoba.org\/index.php?rest_route=\/wp\/v2\/posts\/22214","targetHints":{"allow":["GET"]}}],"collection":[{"href":"https:\/\/atecordoba.org\/index.php?rest_route=\/wp\/v2\/posts"}],"about":[{"href":"https:\/\/atecordoba.org\/index.php?rest_route=\/wp\/v2\/types\/post"}],"author":[{"embeddable":true,"href":"https:\/\/atecordoba.org\/index.php?rest_route=\/wp\/v2\/users\/7"}],"replies":[{"embeddable":true,"href":"https:\/\/atecordoba.org\/index.php?rest_route=%2Fwp%2Fv2%2Fcomments&post=22214"}],"version-history":[{"count":3,"href":"https:\/\/atecordoba.org\/index.php?rest_route=\/wp\/v2\/posts\/22214\/revisions"}],"predecessor-version":[{"id":22225,"href":"https:\/\/atecordoba.org\/index.php?rest_route=\/wp\/v2\/posts\/22214\/revisions\/22225"}],"wp:featuredmedia":[{"embeddable":true,"href":"https:\/\/atecordoba.org\/index.php?rest_route=\/wp\/v2\/media\/22216"}],"wp:attachment":[{"href":"https:\/\/atecordoba.org\/index.php?rest_route=%2Fwp%2Fv2%2Fmedia&parent=22214"}],"wp:term":[{"taxonomy":"category","embeddable":true,"href":"https:\/\/atecordoba.org\/index.php?rest_route=%2Fwp%2Fv2%2Fcategories&post=22214"},{"taxonomy":"post_tag","embeddable":true,"href":"https:\/\/atecordoba.org\/index.php?rest_route=%2Fwp%2Fv2%2Ftags&post=22214"}],"curies":[{"name":"wp","href":"https:\/\/api.w.org\/{rel}","templated":true}]}}