{"id":22172,"date":"2020-10-06T15:55:11","date_gmt":"2020-10-06T18:55:11","guid":{"rendered":"https:\/\/atecordoba.org\/?p=22172"},"modified":"2020-10-06T15:55:11","modified_gmt":"2020-10-06T18:55:11","slug":"una-caravana-corono-la-jornada-nacional-de-lucha-de-ate-en-cordoba","status":"publish","type":"post","link":"https:\/\/atecordoba.org\/?p=22172","title":{"rendered":"Una caravana coron\u00f3 la jornada nacional de lucha de ATE en C\u00f3rdoba"},"content":{"rendered":"<p><img loading=\"lazy\" decoding=\"async\" class=\" wp-image-22175 aligncenter\" src=\"https:\/\/atecordoba.org\/wp-content\/uploads\/2020\/10\/WhatsApp-Image-2020-10-06-at-13.27.33-2-300x169.jpeg\" alt=\"\" width=\"578\" height=\"326\" srcset=\"https:\/\/atecordoba.org\/wp-content\/uploads\/2020\/10\/WhatsApp-Image-2020-10-06-at-13.27.33-2-300x169.jpeg 300w, https:\/\/atecordoba.org\/wp-content\/uploads\/2020\/10\/WhatsApp-Image-2020-10-06-at-13.27.33-2-1024x576.jpeg 1024w, https:\/\/atecordoba.org\/wp-content\/uploads\/2020\/10\/WhatsApp-Image-2020-10-06-at-13.27.33-2-768x432.jpeg 768w, https:\/\/atecordoba.org\/wp-content\/uploads\/2020\/10\/WhatsApp-Image-2020-10-06-at-13.27.33-2-750x422.jpeg 750w, https:\/\/atecordoba.org\/wp-content\/uploads\/2020\/10\/WhatsApp-Image-2020-10-06-at-13.27.33-2-1140x641.jpeg 1140w, https:\/\/atecordoba.org\/wp-content\/uploads\/2020\/10\/WhatsApp-Image-2020-10-06-at-13.27.33-2.jpeg 1280w\" sizes=\"auto, (max-width: 578px) 100vw, 578px\" \/>Tras el rechazo al acuerdo salarial de la paritaria nacional que cerr\u00f3 el gobierno de Alberto Fernandez con UPCN, que significa un 7% de aumento de haberes, ATE C\u00f3rdoba sali\u00f3 a la calle a expresar el repudio de las y los estatales y para exigir una reapertura de la paritaria que incluya, adem\u00e1s de un verdadero y necesario reconocimiento a la labor de trabajadoras y trabajadores esenciales, una recepci\u00f3n al reclamo de ATE por reincorporaci\u00f3n de los despedidos del macrismo, mejoras en las condiciones de trabajo para terminar con la precarizaci\u00f3n laboral y el cumplimiento de los protocolos de higiene y seguridad en el trabajo. <img loading=\"lazy\" decoding=\"async\" class=\" wp-image-22176 alignright\" src=\"https:\/\/atecordoba.org\/wp-content\/uploads\/2020\/10\/WhatsApp-Image-2020-10-06-at-13.27.29-1-169x300.jpeg\" alt=\"\" width=\"305\" height=\"541\" srcset=\"https:\/\/atecordoba.org\/wp-content\/uploads\/2020\/10\/WhatsApp-Image-2020-10-06-at-13.27.29-1-169x300.jpeg 169w, https:\/\/atecordoba.org\/wp-content\/uploads\/2020\/10\/WhatsApp-Image-2020-10-06-at-13.27.29-1-576x1024.jpeg 576w, https:\/\/atecordoba.org\/wp-content\/uploads\/2020\/10\/WhatsApp-Image-2020-10-06-at-13.27.29-1.jpeg 720w\" sizes=\"auto, (max-width: 305px) 100vw, 305px\" \/><\/p>\n<p>La movilizaci\u00f3n parti\u00f3 con una gran caravana de veh\u00edculos desde la sede local del Ministerio de Desarrollo Social de la Naci\u00f3n, se traslad\u00f3 hasta el PAMI para exigir la reinstalaci\u00f3n de una trabajadora trasladada arbitrariamente, pas\u00f3 por la delegaci\u00f3n del Ministerio de Trabajo para hacer entrega formal de un petitorio donde se exige la reapertura de paritarias y finaliz\u00f3 con un acto en la Plaza Agust\u00edn Tosco, frente al Patio Olmos, s\u00edmbolo de la imposici\u00f3n en C\u00f3rdoba de lo privado sobre lo p\u00fablico, toda vez que se trata de una hist\u00f3rica escuela estatal que fue transformada en shopping.<\/p>\n<p>En la oportunidad, estuvieron presentes, junto al secretario General del Consejo Directivo Provincial, Federico Giuliani, y el resto de los integrantes de la comisi\u00f3n directiva, los secretarios generales de las seccionales R\u00edo Cuarto, Rafaela Alcoba, de R\u00edo Tercero, Damian Albornoz, y de Cruz del Eje, Daniel Allende, junto al referente de ATE Traslasierra, Hugo Gamburri.<\/p>\n<p>Participaron compa\u00f1eros de organismos nacionales como PAMI, ANSES, Ministerio de Trabajo, ANAC -que en primeras horas de la ma\u00f1ana realizaron un acto de protesta en el Aeropuerto C\u00f3rdoba-, Personal Civil de las Fuerzas Armadas, Fabricaciones Militares, entre otros.<\/p>\n<p>&#8220;Qu\u00e9 lindo es ser de ATE&#8221;, exclam\u00f3 Giuliani al iniciar su discurso, frente a la concentraci\u00f3n de compa\u00f1eros y compa\u00f1eras presentes. &#8220;Claramente hemos construido esta jornada, subray\u00f3 el dirigente. No fue decretada sino realizada desde abajo para arriba. Nuestra conducci\u00f3n nacional tuvo que tomar el mandato de convocar a un paro en todo el pa\u00eds no solo para rechazar la burla por un espurio 7% en el medio de la pandemia. Tambi\u00e9n en octubre de 2020 seguimos exigiendo de manera inclaudicable por la reincorporaci\u00f3n inmediata de los despedidos del macrismo&#8221;.<img loading=\"lazy\" decoding=\"async\" class=\" wp-image-22177 alignleft\" src=\"https:\/\/atecordoba.org\/wp-content\/uploads\/2020\/10\/caravana-300x225.jpeg\" alt=\"\" width=\"392\" height=\"294\" srcset=\"https:\/\/atecordoba.org\/wp-content\/uploads\/2020\/10\/caravana-300x225.jpeg 300w, https:\/\/atecordoba.org\/wp-content\/uploads\/2020\/10\/caravana-1024x768.jpeg 1024w, https:\/\/atecordoba.org\/wp-content\/uploads\/2020\/10\/caravana-768x576.jpeg 768w, https:\/\/atecordoba.org\/wp-content\/uploads\/2020\/10\/caravana-750x563.jpeg 750w, https:\/\/atecordoba.org\/wp-content\/uploads\/2020\/10\/caravana-1140x855.jpeg 1140w, https:\/\/atecordoba.org\/wp-content\/uploads\/2020\/10\/caravana.jpeg 1280w\" sizes=\"auto, (max-width: 392px) 100vw, 392px\" \/><\/p>\n<p>En tal sentido, el secretario General de ATE dijo que &#8220;no solo queremos discutir salario en esta paritaria. Es una verg\u00fcenza que en el Estado nacional siga habiendo esta precarizaci\u00f3n. Hay compa\u00f1eras y compa\u00f1eros con sueldos de 20 mil pesos en la obra social del ej\u00e9rcito. Esos compa\u00f1eros tienen que pasar a planta permanente porque muchos tienen 15 o 20 a\u00f1os de antig\u00fcedad&#8221;.<\/p>\n<p>Y agreg\u00f3. &#8220;en medio de la pandemia queremos plantear que en nuestra primera l\u00ednea las y los trabajadores esenciales seguimos con los contagiados, con los muertos, porque no hay medidas de bioseguridad y un ambiente de trabajo digno&#8221;.<\/p>\n<p><strong>Una salida colectiva<\/strong><\/p>\n<p>Giuliani destac\u00f3 que &#8220;la salida de la pandemia no es individual ni sectorial, tiene que ser colectiva. Tenemos que ser protagonistas\u00a0 de este nuevo tiempo pol\u00edtico que se vive en Argentina. \u00a0Al Presidente le decimos que no se confunda porque nosotros no le firmamos un cheque en blanco, somos aut\u00f3nomos de las patronales privadas y estatales y nos debemos a los intereses de la clase trabajadora&#8221;.<img loading=\"lazy\" decoding=\"async\" class=\" wp-image-22178 alignright\" src=\"https:\/\/atecordoba.org\/wp-content\/uploads\/2020\/10\/WhatsApp-Image-2020-10-06-at-13.27.29-300x169.jpeg\" alt=\"\" width=\"451\" height=\"254\" srcset=\"https:\/\/atecordoba.org\/wp-content\/uploads\/2020\/10\/WhatsApp-Image-2020-10-06-at-13.27.29-300x169.jpeg 300w, https:\/\/atecordoba.org\/wp-content\/uploads\/2020\/10\/WhatsApp-Image-2020-10-06-at-13.27.29-1024x576.jpeg 1024w, https:\/\/atecordoba.org\/wp-content\/uploads\/2020\/10\/WhatsApp-Image-2020-10-06-at-13.27.29-768x432.jpeg 768w, https:\/\/atecordoba.org\/wp-content\/uploads\/2020\/10\/WhatsApp-Image-2020-10-06-at-13.27.29-750x422.jpeg 750w, https:\/\/atecordoba.org\/wp-content\/uploads\/2020\/10\/WhatsApp-Image-2020-10-06-at-13.27.29-1140x641.jpeg 1140w, https:\/\/atecordoba.org\/wp-content\/uploads\/2020\/10\/WhatsApp-Image-2020-10-06-at-13.27.29.jpeg 1280w\" sizes=\"auto, (max-width: 451px) 100vw, 451px\" \/><\/p>\n<p>Seguidamente, Giuliani critic\u00f3 algunos aspectos de la pol\u00edtica oficial y reclam\u00f3 mayor compromiso con las y los trabajadores porque &#8220;esta tibieza del gobierno nacional nos obliga a salir a la calle. No se puede construir una sociedad distinta con el 50% de pobreza&#8221;.<\/p>\n<p>En esa l\u00ednea destac\u00f3 que &#8220;esto no es el fin de nada sino el comienzo de un plan de lucha para poner en agenda la pelea sindical.\u00a0Queremos discutir salarios, reincorporaciones, condiciones de trabajo, pero queremos discutir tambi\u00e9n qu\u00e9 tipo de estado queremos. No hay patria liberada sin un estado al servicio del pueblo, de las mayor\u00edas populares&#8221;.<\/p>\n<p>Por \u00faltimo alent\u00f3 a la militancia de ATE &#8220;a salir a afiliar y discutir cara a cara con los compa\u00f1eros, porque lleg\u00f3 el momento de tener compromiso y solidaridad, empat\u00eda y protagonismo, para demostrar que ATE es el gremio <img loading=\"lazy\" decoding=\"async\" class=\" wp-image-22179 alignleft\" src=\"https:\/\/atecordoba.org\/wp-content\/uploads\/2020\/10\/petitorio-ministerio-de-trabajo-2-300x169.jpg\" alt=\"\" width=\"367\" height=\"207\" srcset=\"https:\/\/atecordoba.org\/wp-content\/uploads\/2020\/10\/petitorio-ministerio-de-trabajo-2-300x169.jpg 300w, https:\/\/atecordoba.org\/wp-content\/uploads\/2020\/10\/petitorio-ministerio-de-trabajo-2-1024x576.jpg 1024w, https:\/\/atecordoba.org\/wp-content\/uploads\/2020\/10\/petitorio-ministerio-de-trabajo-2-768x432.jpg 768w, https:\/\/atecordoba.org\/wp-content\/uploads\/2020\/10\/petitorio-ministerio-de-trabajo-2-750x422.jpg 750w, https:\/\/atecordoba.org\/wp-content\/uploads\/2020\/10\/petitorio-ministerio-de-trabajo-2.jpg 1080w\" sizes=\"auto, (max-width: 367px) 100vw, 367px\" \/>mayoritario en el Estado nacional. Hay que seguir dando la disputa por el sentido, hay que salir a conmover a los que no creen, a volver a enamorar para ser millones y construir la relaci\u00f3n de fuerzas necesaria para cambiar esta realidad de injusticia&#8221;.<\/p>\n<p><strong>Seccionales<\/strong><\/p>\n<p>Los dirigentes de ATE del interior provincial tambi\u00e9n se expresaron en l\u00ednea con el reclamo que plante\u00f3 Giuliani.<\/p>\n<p>Rafaela Alcoba, de ATE R\u00edo Cuarto, dijo que &#8220;venimos siendo parte del plan de lucha, con la movilizaci\u00f3n del 29 de septiembre, porque decimos que para dar vuelta la paritaria hay que organizarse y salir a la calle. Entendemos que ATE es el sindicato con una propuesta que no significa ser opositor u oficialista sino que nuestra \u00fanica lealtad es con las y los trabajadores&#8221;.<img loading=\"lazy\" decoding=\"async\" class=\" wp-image-22180 alignright\" src=\"https:\/\/atecordoba.org\/wp-content\/uploads\/2020\/10\/fadea-300x225.jpg\" alt=\"\" width=\"360\" height=\"270\" srcset=\"https:\/\/atecordoba.org\/wp-content\/uploads\/2020\/10\/fadea-300x225.jpg 300w, https:\/\/atecordoba.org\/wp-content\/uploads\/2020\/10\/fadea-1024x768.jpg 1024w, https:\/\/atecordoba.org\/wp-content\/uploads\/2020\/10\/fadea-768x576.jpg 768w, https:\/\/atecordoba.org\/wp-content\/uploads\/2020\/10\/fadea-750x563.jpg 750w, https:\/\/atecordoba.org\/wp-content\/uploads\/2020\/10\/fadea-1140x855.jpg 1140w, https:\/\/atecordoba.org\/wp-content\/uploads\/2020\/10\/fadea.jpg 1280w\" sizes=\"auto, (max-width: 360px) 100vw, 360px\" \/><\/p>\n<p>Alcoba aseguro que &#8220;rechazamos la recomposici\u00f3n del 7% porque entendemos que no solo va en detrimento del salario de los trabajadores sino que es una falta de reconocimiento de las y los compa\u00f1eros que fuimos declarados como esenciales. Hay que avanzar en la calidad del ambiente y las condiciones de trabajo y sobre el teletrabajo, con la invasi\u00f3n en nuestra vida que significa&#8221;.<\/p>\n<p>La dirigente finaliz\u00f3 resaltando que &#8220;en varios municipios del sur de la provincia, donde tenemos organizaci\u00f3n, avanzamos en la discusi\u00f3n salarial y estamos alcanzando acuerdos del 35% de recomposici\u00f3n salarial. Si los intendentes puede discutir salario con esos par\u00e1metros, no se entiende que no pueda hacerlo el Estado a nivel nacional y provincial. Lo que hace falta es voluntad pol\u00edtica&#8221;.<\/p>\n<p>\u00b7En igual sentido se expres\u00f3 Dami\u00e1n Albornoz, de ATE R\u00edo Tercero, afirm\u00f3 que &#8220;as\u00ed como estamos ac\u00e1 poniendo el cuerpo, otros compa\u00f1eros est\u00e1n dentro de los organismos, haciendo asambleas, rechazando el paup\u00e9rrimo 7%&#8221;.<\/p>\n<p><img loading=\"lazy\" decoding=\"async\" class=\" wp-image-22181 alignleft\" src=\"https:\/\/atecordoba.org\/wp-content\/uploads\/2020\/10\/WhatsApp-Image-2020-10-06-at-13.27.32-1-300x169.jpeg\" alt=\"\" width=\"444\" height=\"250\" srcset=\"https:\/\/atecordoba.org\/wp-content\/uploads\/2020\/10\/WhatsApp-Image-2020-10-06-at-13.27.32-1-300x169.jpeg 300w, https:\/\/atecordoba.org\/wp-content\/uploads\/2020\/10\/WhatsApp-Image-2020-10-06-at-13.27.32-1-1024x576.jpeg 1024w, https:\/\/atecordoba.org\/wp-content\/uploads\/2020\/10\/WhatsApp-Image-2020-10-06-at-13.27.32-1-768x432.jpeg 768w, https:\/\/atecordoba.org\/wp-content\/uploads\/2020\/10\/WhatsApp-Image-2020-10-06-at-13.27.32-1-750x422.jpeg 750w, https:\/\/atecordoba.org\/wp-content\/uploads\/2020\/10\/WhatsApp-Image-2020-10-06-at-13.27.32-1-1140x641.jpeg 1140w, https:\/\/atecordoba.org\/wp-content\/uploads\/2020\/10\/WhatsApp-Image-2020-10-06-at-13.27.32-1.jpeg 1280w\" sizes=\"auto, (max-width: 444px) 100vw, 444px\" \/>El dirigente fabriquero castig\u00f3 a UPCN, firmante de la paritaria afirmando que &#8220;siempre fueron entreguistas de las y los estatales&#8221; y reafirm\u00f3 el compromiso &#8220;de autonom\u00eda que es estrat\u00e9gica&#8221;.<\/p>\n<p>Albornoz explic\u00f3 que en R\u00edo Tercero &#8220;se realizaron asambleas con retenci\u00f3n de tareas de dos horas por turno. Entendemos que hay que estar preparados para discutir una recomposici\u00f3n en diciembre&#8221;.<\/p>\n<p>A su vez, Daniel Allende, de ATE Cruz del Eje, sostuvo que &#8220;venimos desde el norte cordob\u00e9s a decir que somos trabajadores esenciales y no nos merecemos un 7%, trabajando con contratos que no sirven y nos dejan a merced del apriete de los funcionarios de los distintos niveles&#8221;.<\/p>\n<p>El dirigente afirm\u00f3 que &#8220;hay que discutir fuertemente las condiciones de trabajo, sea para los equipos de salud, <img loading=\"lazy\" decoding=\"async\" class=\" wp-image-22182 alignright\" src=\"https:\/\/atecordoba.org\/wp-content\/uploads\/2020\/10\/bandera-despedidos-300x157.jpg\" alt=\"\" width=\"432\" height=\"226\" srcset=\"https:\/\/atecordoba.org\/wp-content\/uploads\/2020\/10\/bandera-despedidos-300x157.jpg 300w, https:\/\/atecordoba.org\/wp-content\/uploads\/2020\/10\/bandera-despedidos-1024x537.jpg 1024w, https:\/\/atecordoba.org\/wp-content\/uploads\/2020\/10\/bandera-despedidos-768x402.jpg 768w, https:\/\/atecordoba.org\/wp-content\/uploads\/2020\/10\/bandera-despedidos-750x393.jpg 750w, https:\/\/atecordoba.org\/wp-content\/uploads\/2020\/10\/bandera-despedidos.jpg 1080w\" sizes=\"auto, (max-width: 432px) 100vw, 432px\" \/>para los municipales, para los trabajadores de ciencia y t\u00e9cnica. Basta de seguir d\u00e1ndole plata a los ricos, bajando retenciones, pagando deuda que no sabemos a d\u00f3nde fueron ni c\u00f3mo llegaron. El arreglo no es con el FMI sino con las familias de los trabajadores que est\u00e1n sufriendo&#8221;.<\/p>\n<p>Allende tuvo un p\u00e1rrafo para apuntar a los incendios que azolaron la provincia. &#8220;La situaci\u00f3n est\u00e1 muy complicada por las condiciones ambientales como la sequ\u00eda, pero tambi\u00e9n por la intencionalidad de los incendios para la especulaci\u00f3n inmobiliaria y el corrimiento de la frontera agr\u00edcola&#8221;.<\/p>\n<p>A su turno, Hugo Galaburri, de ATE Traslasierra, dijo que &#8220;el 7% no alcanza. Estos 9 meses de pandemia nos van a liquidar si no logramos un aumento. Estamos en la calle aun habiendo apoyado al Presidente&#8221;.<\/p>\n<p><img loading=\"lazy\" decoding=\"async\" class=\" wp-image-22183 alignleft\" src=\"https:\/\/atecordoba.org\/wp-content\/uploads\/2020\/10\/auto-300x224.jpg\" alt=\"\" width=\"367\" height=\"274\" srcset=\"https:\/\/atecordoba.org\/wp-content\/uploads\/2020\/10\/auto-300x224.jpg 300w, https:\/\/atecordoba.org\/wp-content\/uploads\/2020\/10\/auto-1024x766.jpg 1024w, https:\/\/atecordoba.org\/wp-content\/uploads\/2020\/10\/auto-768x575.jpg 768w, https:\/\/atecordoba.org\/wp-content\/uploads\/2020\/10\/auto-750x561.jpg 750w, https:\/\/atecordoba.org\/wp-content\/uploads\/2020\/10\/auto.jpg 1080w\" sizes=\"auto, (max-width: 367px) 100vw, 367px\" \/>El dirigente destac\u00f3 el crecimiento de ATE en su zona porque &#8220;en Traslasierra reci\u00e9n se est\u00e1 conociendo a ATE y en pocos meses ya duplicamos la cantidad de afiliados. Hay una bronca con los gremios patronales porque si UPCN acept\u00f3 un 7%, el SEP arregl\u00f3 por el 4%. ATE est\u00e1 representando esa bronca&#8221;.<\/p>\n<p>Por su parte, la seccional de ATE Villa Mar\u00eda, convoc\u00f3 a una conferencia de prensa donde el secretario General, Fernando Mercado, manifest\u00f3 &#8220;nuestra total disconformidad con la pauta salarial que se firm\u00f3 entre el Gobierno y el otro gremio&#8221;.<\/p>\n<p>&nbsp;<\/p>\n<p>&#8220;Siempre estuvimos acostumbrados al otro sindicato. En Fabricaciones Militares nos cost\u00f3 que cerraran 10 f\u00e1bricas y 18 mil trabajadores en la calle, para quedarse con la obra social. Ahora ten\u00edamos esperanza con el aumento del 15%, pero algo pas\u00f3 en el medio, que el sindicato firm\u00f3. Tambi\u00e9n lo del Gobierno nos cay\u00f3 como un balde de agua fr\u00eda. Trabajamos mucho para que el gobierno est\u00e9 d\u00f3nde est\u00e9 y sabemos la situaci\u00f3n que est\u00e1 atravesando el pa\u00eds, pero los trabajadores del Estado siempre somos la variable de ajuste&#8221;, agreg\u00f3 el dirigente.<\/p>\n<p>&#8220;Pedimos al Gobierno que tenga un poco de sensibilidad con los trabajadores del Estado&#8221;, finaliz\u00f3 Mercado.<\/p>\n<div id='gallery_1' class='gallery galleryid-22172 gallery-columns-3 gallery-size-thumbnail'><figure class='gallery-item'>\n                <div class='gallery-icon portrait'>\n                    <a href='https:\/\/atecordoba.org\/wp-content\/uploads\/2020\/10\/WhatsApp-Image-2020-10-06-at-13.27.32-3.jpeg'><img loading=\"lazy\" decoding=\"async\" width=\"150\" height=\"150\" src=\"\" class=\"attachment-thumbnail size-thumbnail lazyload\" alt=\"\" data-src=\"https:\/\/atecordoba.org\/wp-content\/uploads\/2020\/10\/WhatsApp-Image-2020-10-06-at-13.27.32-3-150x150.jpeg\" data-sizes=\"auto\" data-srcset=\"https:\/\/atecordoba.org\/wp-content\/uploads\/2020\/10\/WhatsApp-Image-2020-10-06-at-13.27.32-3-150x150.jpeg 150w, https:\/\/atecordoba.org\/wp-content\/uploads\/2020\/10\/WhatsApp-Image-2020-10-06-at-13.27.32-3-560x560.jpeg 560w, https:\/\/atecordoba.org\/wp-content\/uploads\/2020\/10\/WhatsApp-Image-2020-10-06-at-13.27.32-3-75x75.jpeg 75w\" data-expand=\"700\" \/><\/a>\n                <\/div><\/figure><figure class='gallery-item'>\n                <div class='gallery-icon landscape'>\n                    <a href='https:\/\/atecordoba.org\/wp-content\/uploads\/2020\/10\/WhatsApp-Image-2020-10-06-at-13.27.32.jpeg'><img loading=\"lazy\" decoding=\"async\" width=\"150\" height=\"150\" src=\"\" class=\"attachment-thumbnail size-thumbnail lazyload\" alt=\"\" data-src=\"https:\/\/atecordoba.org\/wp-content\/uploads\/2020\/10\/WhatsApp-Image-2020-10-06-at-13.27.32-150x150.jpeg\" data-sizes=\"auto\" data-srcset=\"https:\/\/atecordoba.org\/wp-content\/uploads\/2020\/10\/WhatsApp-Image-2020-10-06-at-13.27.32-150x150.jpeg 150w, https:\/\/atecordoba.org\/wp-content\/uploads\/2020\/10\/WhatsApp-Image-2020-10-06-at-13.27.32-560x560.jpeg 560w, https:\/\/atecordoba.org\/wp-content\/uploads\/2020\/10\/WhatsApp-Image-2020-10-06-at-13.27.32-75x75.jpeg 75w\" data-expand=\"700\" \/><\/a>\n                <\/div><\/figure><figure class='gallery-item'>\n                <div class='gallery-icon landscape'>\n                    <a href='https:\/\/atecordoba.org\/wp-content\/uploads\/2020\/10\/WhatsApp-Image-2020-10-06-at-13.27.33-1.jpeg'><img loading=\"lazy\" decoding=\"async\" width=\"150\" height=\"150\" src=\"\" class=\"attachment-thumbnail size-thumbnail lazyload\" alt=\"\" data-src=\"https:\/\/atecordoba.org\/wp-content\/uploads\/2020\/10\/WhatsApp-Image-2020-10-06-at-13.27.33-1-150x150.jpeg\" data-sizes=\"auto\" data-srcset=\"https:\/\/atecordoba.org\/wp-content\/uploads\/2020\/10\/WhatsApp-Image-2020-10-06-at-13.27.33-1-150x150.jpeg 150w, https:\/\/atecordoba.org\/wp-content\/uploads\/2020\/10\/WhatsApp-Image-2020-10-06-at-13.27.33-1-560x560.jpeg 560w, https:\/\/atecordoba.org\/wp-content\/uploads\/2020\/10\/WhatsApp-Image-2020-10-06-at-13.27.33-1-75x75.jpeg 75w\" data-expand=\"700\" \/><\/a>\n                <\/div><\/figure><br style=\"clear: both\" \/><figure class='gallery-item'>\n                <div class='gallery-icon landscape'>\n                    <a href='https:\/\/atecordoba.org\/wp-content\/uploads\/2020\/10\/WhatsApp-Image-2020-10-06-at-13.27.33-2-1.jpeg'><img loading=\"lazy\" decoding=\"async\" width=\"150\" height=\"150\" src=\"\" class=\"attachment-thumbnail size-thumbnail lazyload\" alt=\"\" data-src=\"https:\/\/atecordoba.org\/wp-content\/uploads\/2020\/10\/WhatsApp-Image-2020-10-06-at-13.27.33-2-1-150x150.jpeg\" data-sizes=\"auto\" data-srcset=\"https:\/\/atecordoba.org\/wp-content\/uploads\/2020\/10\/WhatsApp-Image-2020-10-06-at-13.27.33-2-1-150x150.jpeg 150w, https:\/\/atecordoba.org\/wp-content\/uploads\/2020\/10\/WhatsApp-Image-2020-10-06-at-13.27.33-2-1-560x560.jpeg 560w, https:\/\/atecordoba.org\/wp-content\/uploads\/2020\/10\/WhatsApp-Image-2020-10-06-at-13.27.33-2-1-75x75.jpeg 75w\" data-expand=\"700\" \/><\/a>\n                <\/div><\/figure><figure class='gallery-item'>\n                <div class='gallery-icon landscape'>\n                    <a href='https:\/\/atecordoba.org\/wp-content\/uploads\/2020\/10\/WhatsApp-Image-2020-10-06-at-13.27.33.jpeg'><img loading=\"lazy\" decoding=\"async\" width=\"150\" height=\"150\" src=\"\" class=\"attachment-thumbnail size-thumbnail lazyload\" alt=\"\" data-src=\"https:\/\/atecordoba.org\/wp-content\/uploads\/2020\/10\/WhatsApp-Image-2020-10-06-at-13.27.33-150x150.jpeg\" data-sizes=\"auto\" data-srcset=\"https:\/\/atecordoba.org\/wp-content\/uploads\/2020\/10\/WhatsApp-Image-2020-10-06-at-13.27.33-150x150.jpeg 150w, https:\/\/atecordoba.org\/wp-content\/uploads\/2020\/10\/WhatsApp-Image-2020-10-06-at-13.27.33-560x560.jpeg 560w, https:\/\/atecordoba.org\/wp-content\/uploads\/2020\/10\/WhatsApp-Image-2020-10-06-at-13.27.33-75x75.jpeg 75w\" data-expand=\"700\" \/><\/a>\n                <\/div><\/figure><figure class='gallery-item'>\n                <div class='gallery-icon landscape'>\n                    <a href='https:\/\/atecordoba.org\/wp-content\/uploads\/2020\/10\/WhatsApp-Image-2020-10-06-at-13.27.34.jpeg'><img loading=\"lazy\" decoding=\"async\" width=\"150\" height=\"150\" src=\"\" class=\"attachment-thumbnail size-thumbnail lazyload\" alt=\"\" data-src=\"https:\/\/atecordoba.org\/wp-content\/uploads\/2020\/10\/WhatsApp-Image-2020-10-06-at-13.27.34-150x150.jpeg\" data-sizes=\"auto\" data-srcset=\"https:\/\/atecordoba.org\/wp-content\/uploads\/2020\/10\/WhatsApp-Image-2020-10-06-at-13.27.34-150x150.jpeg 150w, https:\/\/atecordoba.org\/wp-content\/uploads\/2020\/10\/WhatsApp-Image-2020-10-06-at-13.27.34-560x560.jpeg 560w, https:\/\/atecordoba.org\/wp-content\/uploads\/2020\/10\/WhatsApp-Image-2020-10-06-at-13.27.34-75x75.jpeg 75w\" data-expand=\"700\" \/><\/a>\n                <\/div><\/figure><br style=\"clear: both\" \/><figure class='gallery-item'>\n                <div class='gallery-icon landscape'>\n                    <a href='https:\/\/atecordoba.org\/wp-content\/uploads\/2020\/10\/auto-2.jpg'><img loading=\"lazy\" decoding=\"async\" width=\"150\" height=\"150\" src=\"\" class=\"attachment-thumbnail size-thumbnail lazyload\" alt=\"\" data-src=\"https:\/\/atecordoba.org\/wp-content\/uploads\/2020\/10\/auto-2-150x150.jpg\" data-sizes=\"auto\" data-srcset=\"https:\/\/atecordoba.org\/wp-content\/uploads\/2020\/10\/auto-2-150x150.jpg 150w, https:\/\/atecordoba.org\/wp-content\/uploads\/2020\/10\/auto-2-560x560.jpg 560w, https:\/\/atecordoba.org\/wp-content\/uploads\/2020\/10\/auto-2-75x75.jpg 75w\" data-expand=\"700\" \/><\/a>\n                <\/div><\/figure><figure class='gallery-item'>\n                <div class='gallery-icon landscape'>\n                    <a href='https:\/\/atecordoba.org\/wp-content\/uploads\/2020\/10\/anac3.jpg'><img loading=\"lazy\" decoding=\"async\" width=\"150\" height=\"150\" src=\"\" class=\"attachment-thumbnail size-thumbnail lazyload\" alt=\"\" data-src=\"https:\/\/atecordoba.org\/wp-content\/uploads\/2020\/10\/anac3-150x150.jpg\" data-sizes=\"auto\" data-srcset=\"https:\/\/atecordoba.org\/wp-content\/uploads\/2020\/10\/anac3-150x150.jpg 150w, https:\/\/atecordoba.org\/wp-content\/uploads\/2020\/10\/anac3-560x560.jpg 560w, https:\/\/atecordoba.org\/wp-content\/uploads\/2020\/10\/anac3-75x75.jpg 75w\" data-expand=\"700\" \/><\/a>\n                <\/div><\/figure><figure class='gallery-item'>\n                <div class='gallery-icon landscape'>\n                    <a href='https:\/\/atecordoba.org\/wp-content\/uploads\/2020\/10\/anac2.jpg'><img loading=\"lazy\" decoding=\"async\" width=\"150\" height=\"150\" src=\"\" class=\"attachment-thumbnail size-thumbnail lazyload\" alt=\"\" data-src=\"https:\/\/atecordoba.org\/wp-content\/uploads\/2020\/10\/anac2-150x150.jpg\" data-sizes=\"auto\" data-srcset=\"https:\/\/atecordoba.org\/wp-content\/uploads\/2020\/10\/anac2-150x150.jpg 150w, https:\/\/atecordoba.org\/wp-content\/uploads\/2020\/10\/anac2-560x560.jpg 560w, https:\/\/atecordoba.org\/wp-content\/uploads\/2020\/10\/anac2-75x75.jpg 75w\" data-expand=\"700\" \/><\/a>\n                <\/div><\/figure><br style=\"clear: both\" \/><figure class='gallery-item'>\n                <div class='gallery-icon landscape'>\n                    <a href='https:\/\/atecordoba.org\/wp-content\/uploads\/2020\/10\/anac1.jpg'><img loading=\"lazy\" decoding=\"async\" width=\"150\" height=\"150\" src=\"\" class=\"attachment-thumbnail size-thumbnail lazyload\" alt=\"\" data-src=\"https:\/\/atecordoba.org\/wp-content\/uploads\/2020\/10\/anac1-150x150.jpg\" data-sizes=\"auto\" data-srcset=\"https:\/\/atecordoba.org\/wp-content\/uploads\/2020\/10\/anac1-150x150.jpg 150w, https:\/\/atecordoba.org\/wp-content\/uploads\/2020\/10\/anac1-560x560.jpg 560w, https:\/\/atecordoba.org\/wp-content\/uploads\/2020\/10\/anac1-75x75.jpg 75w\" data-expand=\"700\" \/><\/a>\n                <\/div><\/figure><figure class='gallery-item'>\n                <div class='gallery-icon landscape'>\n                    <a href='https:\/\/atecordoba.org\/wp-content\/uploads\/2020\/10\/WhatsApp-Image-2020-10-06-at-13.27.35.jpeg'><img loading=\"lazy\" decoding=\"async\" width=\"150\" height=\"150\" src=\"\" class=\"attachment-thumbnail size-thumbnail lazyload\" alt=\"\" data-src=\"https:\/\/atecordoba.org\/wp-content\/uploads\/2020\/10\/WhatsApp-Image-2020-10-06-at-13.27.35-150x150.jpeg\" data-sizes=\"auto\" data-srcset=\"https:\/\/atecordoba.org\/wp-content\/uploads\/2020\/10\/WhatsApp-Image-2020-10-06-at-13.27.35-150x150.jpeg 150w, https:\/\/atecordoba.org\/wp-content\/uploads\/2020\/10\/WhatsApp-Image-2020-10-06-at-13.27.35-560x560.jpeg 560w, https:\/\/atecordoba.org\/wp-content\/uploads\/2020\/10\/WhatsApp-Image-2020-10-06-at-13.27.35-75x75.jpeg 75w\" data-expand=\"700\" \/><\/a>\n                <\/div><\/figure><figure class='gallery-item'>\n                <div class='gallery-icon landscape'>\n                    <a href='https:\/\/atecordoba.org\/wp-content\/uploads\/2020\/10\/auto-1.jpg'><img loading=\"lazy\" decoding=\"async\" width=\"150\" height=\"150\" src=\"\" class=\"attachment-thumbnail size-thumbnail lazyload\" alt=\"\" data-src=\"https:\/\/atecordoba.org\/wp-content\/uploads\/2020\/10\/auto-1-150x150.jpg\" data-sizes=\"auto\" data-srcset=\"https:\/\/atecordoba.org\/wp-content\/uploads\/2020\/10\/auto-1-150x150.jpg 150w, https:\/\/atecordoba.org\/wp-content\/uploads\/2020\/10\/auto-1-560x560.jpg 560w, https:\/\/atecordoba.org\/wp-content\/uploads\/2020\/10\/auto-1-75x75.jpg 75w\" data-expand=\"700\" \/><\/a>\n                <\/div><\/figure><br style=\"clear: both\" \/><figure class='gallery-item'>\n                <div class='gallery-icon landscape'>\n                    <a href='https:\/\/atecordoba.org\/wp-content\/uploads\/2020\/10\/caravana-autos-2.jpg'><img loading=\"lazy\" decoding=\"async\" width=\"150\" height=\"150\" src=\"\" class=\"attachment-thumbnail size-thumbnail lazyload\" alt=\"\" data-src=\"https:\/\/atecordoba.org\/wp-content\/uploads\/2020\/10\/caravana-autos-2-150x150.jpg\" data-sizes=\"auto\" data-srcset=\"https:\/\/atecordoba.org\/wp-content\/uploads\/2020\/10\/caravana-autos-2-150x150.jpg 150w, https:\/\/atecordoba.org\/wp-content\/uploads\/2020\/10\/caravana-autos-2-560x560.jpg 560w, https:\/\/atecordoba.org\/wp-content\/uploads\/2020\/10\/caravana-autos-2-75x75.jpg 75w\" data-expand=\"700\" \/><\/a>\n                <\/div><\/figure><figure class='gallery-item'>\n                <div class='gallery-icon landscape'>\n                    <a href='https:\/\/atecordoba.org\/wp-content\/uploads\/2020\/10\/caravana-autos-2jpg.jpg'><img loading=\"lazy\" decoding=\"async\" width=\"150\" height=\"150\" src=\"\" class=\"attachment-thumbnail size-thumbnail lazyload\" alt=\"\" data-src=\"https:\/\/atecordoba.org\/wp-content\/uploads\/2020\/10\/caravana-autos-2jpg-150x150.jpg\" data-sizes=\"auto\" data-srcset=\"https:\/\/atecordoba.org\/wp-content\/uploads\/2020\/10\/caravana-autos-2jpg-150x150.jpg 150w, https:\/\/atecordoba.org\/wp-content\/uploads\/2020\/10\/caravana-autos-2jpg-75x75.jpg 75w\" data-expand=\"700\" \/><\/a>\n                <\/div><\/figure><figure class='gallery-item'>\n                <div class='gallery-icon landscape'>\n                    <a href='https:\/\/atecordoba.org\/wp-content\/uploads\/2020\/10\/caravana-autos.jpg'><img loading=\"lazy\" decoding=\"async\" width=\"150\" height=\"150\" src=\"\" class=\"attachment-thumbnail size-thumbnail lazyload\" alt=\"\" data-src=\"https:\/\/atecordoba.org\/wp-content\/uploads\/2020\/10\/caravana-autos-150x150.jpg\" data-sizes=\"auto\" data-srcset=\"https:\/\/atecordoba.org\/wp-content\/uploads\/2020\/10\/caravana-autos-150x150.jpg 150w, https:\/\/atecordoba.org\/wp-content\/uploads\/2020\/10\/caravana-autos-560x560.jpg 560w, https:\/\/atecordoba.org\/wp-content\/uploads\/2020\/10\/caravana-autos-75x75.jpg 75w\" data-expand=\"700\" \/><\/a>\n                <\/div><\/figure><br style=\"clear: both\" \/><figure class='gallery-item'>\n                <div class='gallery-icon landscape'>\n                    <a href='https:\/\/atecordoba.org\/wp-content\/uploads\/2020\/10\/fadea-ate-cta.jpg'><img loading=\"lazy\" decoding=\"async\" width=\"150\" height=\"150\" src=\"\" class=\"attachment-thumbnail size-thumbnail lazyload\" alt=\"\" data-src=\"https:\/\/atecordoba.org\/wp-content\/uploads\/2020\/10\/fadea-ate-cta-150x150.jpg\" data-sizes=\"auto\" data-srcset=\"https:\/\/atecordoba.org\/wp-content\/uploads\/2020\/10\/fadea-ate-cta-150x150.jpg 150w, https:\/\/atecordoba.org\/wp-content\/uploads\/2020\/10\/fadea-ate-cta-560x560.jpg 560w, https:\/\/atecordoba.org\/wp-content\/uploads\/2020\/10\/fadea-ate-cta-75x75.jpg 75w\" data-expand=\"700\" \/><\/a>\n                <\/div><\/figure><figure class='gallery-item'>\n                <div class='gallery-icon portrait'>\n                    <a href='https:\/\/atecordoba.org\/wp-content\/uploads\/2020\/10\/WhatsApp-Image-2020-10-06-at-13.27.28-1.jpeg'><img loading=\"lazy\" decoding=\"async\" width=\"150\" height=\"150\" src=\"\" class=\"attachment-thumbnail size-thumbnail lazyload\" alt=\"\" data-src=\"https:\/\/atecordoba.org\/wp-content\/uploads\/2020\/10\/WhatsApp-Image-2020-10-06-at-13.27.28-1-150x150.jpeg\" data-sizes=\"auto\" data-srcset=\"https:\/\/atecordoba.org\/wp-content\/uploads\/2020\/10\/WhatsApp-Image-2020-10-06-at-13.27.28-1-150x150.jpeg 150w, https:\/\/atecordoba.org\/wp-content\/uploads\/2020\/10\/WhatsApp-Image-2020-10-06-at-13.27.28-1-560x560.jpeg 560w, https:\/\/atecordoba.org\/wp-content\/uploads\/2020\/10\/WhatsApp-Image-2020-10-06-at-13.27.28-1-75x75.jpeg 75w\" data-expand=\"700\" \/><\/a>\n                <\/div><\/figure><figure class='gallery-item'>\n                <div class='gallery-icon portrait'>\n                    <a href='https:\/\/atecordoba.org\/wp-content\/uploads\/2020\/10\/WhatsApp-Image-2020-10-06-at-13.27.27.jpeg'><img loading=\"lazy\" decoding=\"async\" width=\"150\" height=\"150\" src=\"\" class=\"attachment-thumbnail size-thumbnail lazyload\" alt=\"\" data-src=\"https:\/\/atecordoba.org\/wp-content\/uploads\/2020\/10\/WhatsApp-Image-2020-10-06-at-13.27.27-150x150.jpeg\" data-sizes=\"auto\" data-srcset=\"https:\/\/atecordoba.org\/wp-content\/uploads\/2020\/10\/WhatsApp-Image-2020-10-06-at-13.27.27-150x150.jpeg 150w, https:\/\/atecordoba.org\/wp-content\/uploads\/2020\/10\/WhatsApp-Image-2020-10-06-at-13.27.27-560x560.jpeg 560w, https:\/\/atecordoba.org\/wp-content\/uploads\/2020\/10\/WhatsApp-Image-2020-10-06-at-13.27.27-75x75.jpeg 75w\" data-expand=\"700\" \/><\/a>\n                <\/div><\/figure><br style=\"clear: both\" \/><figure class='gallery-item'>\n                <div class='gallery-icon landscape'>\n                    <a href='https:\/\/atecordoba.org\/wp-content\/uploads\/2020\/10\/mercado-1.jpg'><img loading=\"lazy\" decoding=\"async\" width=\"150\" height=\"150\" src=\"\" class=\"attachment-thumbnail size-thumbnail lazyload\" alt=\"\" data-src=\"https:\/\/atecordoba.org\/wp-content\/uploads\/2020\/10\/mercado-1-150x150.jpg\" data-sizes=\"auto\" data-srcset=\"https:\/\/atecordoba.org\/wp-content\/uploads\/2020\/10\/mercado-1-150x150.jpg 150w, https:\/\/atecordoba.org\/wp-content\/uploads\/2020\/10\/mercado-1-75x75.jpg 75w\" data-expand=\"700\" \/><\/a>\n                <\/div><\/figure><figure class='gallery-item'>\n                <div class='gallery-icon portrait'>\n                    <a href='https:\/\/atecordoba.org\/wp-content\/uploads\/2020\/10\/flyer-aeropuerto.jpg'><img loading=\"lazy\" decoding=\"async\" width=\"150\" height=\"150\" src=\"\" class=\"attachment-thumbnail size-thumbnail lazyload\" alt=\"\" data-src=\"https:\/\/atecordoba.org\/wp-content\/uploads\/2020\/10\/flyer-aeropuerto-150x150.jpg\" data-sizes=\"auto\" data-srcset=\"https:\/\/atecordoba.org\/wp-content\/uploads\/2020\/10\/flyer-aeropuerto-150x150.jpg 150w, https:\/\/atecordoba.org\/wp-content\/uploads\/2020\/10\/flyer-aeropuerto-560x560.jpg 560w, https:\/\/atecordoba.org\/wp-content\/uploads\/2020\/10\/flyer-aeropuerto-75x75.jpg 75w\" data-expand=\"700\" \/><\/a>\n                <\/div><\/figure><figure class='gallery-item'>\n                <div class='gallery-icon landscape'>\n                    <a href='https:\/\/atecordoba.org\/wp-content\/uploads\/2020\/10\/fadea2.jpg'><img loading=\"lazy\" decoding=\"async\" width=\"150\" height=\"150\" src=\"\" class=\"attachment-thumbnail size-thumbnail lazyload\" alt=\"\" data-src=\"https:\/\/atecordoba.org\/wp-content\/uploads\/2020\/10\/fadea2-150x150.jpg\" data-sizes=\"auto\" data-srcset=\"https:\/\/atecordoba.org\/wp-content\/uploads\/2020\/10\/fadea2-150x150.jpg 150w, https:\/\/atecordoba.org\/wp-content\/uploads\/2020\/10\/fadea2-560x560.jpg 560w, https:\/\/atecordoba.org\/wp-content\/uploads\/2020\/10\/fadea2-75x75.jpg 75w\" data-expand=\"700\" \/><\/a>\n                <\/div><\/figure><br style=\"clear: both\" \/><figure class='gallery-item'>\n                <div class='gallery-icon landscape'>\n                    <a href='https:\/\/atecordoba.org\/wp-content\/uploads\/2020\/10\/WhatsApp-Image-2020-10-06-at-13.27.28.jpeg'><img loading=\"lazy\" decoding=\"async\" width=\"150\" height=\"150\" src=\"\" class=\"attachment-thumbnail size-thumbnail lazyload\" alt=\"\" data-src=\"https:\/\/atecordoba.org\/wp-content\/uploads\/2020\/10\/WhatsApp-Image-2020-10-06-at-13.27.28-150x150.jpeg\" data-sizes=\"auto\" data-srcset=\"https:\/\/atecordoba.org\/wp-content\/uploads\/2020\/10\/WhatsApp-Image-2020-10-06-at-13.27.28-150x150.jpeg 150w, https:\/\/atecordoba.org\/wp-content\/uploads\/2020\/10\/WhatsApp-Image-2020-10-06-at-13.27.28-560x560.jpeg 560w, https:\/\/atecordoba.org\/wp-content\/uploads\/2020\/10\/WhatsApp-Image-2020-10-06-at-13.27.28-75x75.jpeg 75w\" data-expand=\"700\" \/><\/a>\n                <\/div><\/figure><figure class='gallery-item'>\n                <div class='gallery-icon portrait'>\n                    <a href='https:\/\/atecordoba.org\/wp-content\/uploads\/2020\/10\/WhatsApp-Image-2020-10-06-at-13.27.29-1-1.jpeg'><img loading=\"lazy\" decoding=\"async\" width=\"150\" height=\"150\" src=\"\" class=\"attachment-thumbnail size-thumbnail lazyload\" alt=\"\" data-src=\"https:\/\/atecordoba.org\/wp-content\/uploads\/2020\/10\/WhatsApp-Image-2020-10-06-at-13.27.29-1-1-150x150.jpeg\" data-sizes=\"auto\" data-srcset=\"https:\/\/atecordoba.org\/wp-content\/uploads\/2020\/10\/WhatsApp-Image-2020-10-06-at-13.27.29-1-1-150x150.jpeg 150w, https:\/\/atecordoba.org\/wp-content\/uploads\/2020\/10\/WhatsApp-Image-2020-10-06-at-13.27.29-1-1-560x560.jpeg 560w, https:\/\/atecordoba.org\/wp-content\/uploads\/2020\/10\/WhatsApp-Image-2020-10-06-at-13.27.29-1-1-75x75.jpeg 75w\" data-expand=\"700\" \/><\/a>\n                <\/div><\/figure><figure class='gallery-item'>\n                <div class='gallery-icon landscape'>\n                    <a href='https:\/\/atecordoba.org\/wp-content\/uploads\/2020\/10\/WhatsApp-Image-2020-10-06-at-13.27.29-2.jpeg'><img loading=\"lazy\" decoding=\"async\" width=\"150\" height=\"150\" src=\"\" class=\"attachment-thumbnail size-thumbnail lazyload\" alt=\"\" data-src=\"https:\/\/atecordoba.org\/wp-content\/uploads\/2020\/10\/WhatsApp-Image-2020-10-06-at-13.27.29-2-150x150.jpeg\" data-sizes=\"auto\" data-srcset=\"https:\/\/atecordoba.org\/wp-content\/uploads\/2020\/10\/WhatsApp-Image-2020-10-06-at-13.27.29-2-150x150.jpeg 150w, https:\/\/atecordoba.org\/wp-content\/uploads\/2020\/10\/WhatsApp-Image-2020-10-06-at-13.27.29-2-560x560.jpeg 560w, https:\/\/atecordoba.org\/wp-content\/uploads\/2020\/10\/WhatsApp-Image-2020-10-06-at-13.27.29-2-75x75.jpeg 75w\" data-expand=\"700\" \/><\/a>\n                <\/div><\/figure><br style=\"clear: both\" \/><figure class='gallery-item'>\n                <div class='gallery-icon portrait'>\n                    <a href='https:\/\/atecordoba.org\/wp-content\/uploads\/2020\/10\/WhatsApp-Image-2020-10-06-at-13.27.31.jpeg'><img loading=\"lazy\" decoding=\"async\" width=\"150\" height=\"150\" src=\"\" class=\"attachment-thumbnail size-thumbnail lazyload\" alt=\"\" data-src=\"https:\/\/atecordoba.org\/wp-content\/uploads\/2020\/10\/WhatsApp-Image-2020-10-06-at-13.27.31-150x150.jpeg\" data-sizes=\"auto\" data-srcset=\"https:\/\/atecordoba.org\/wp-content\/uploads\/2020\/10\/WhatsApp-Image-2020-10-06-at-13.27.31-150x150.jpeg 150w, https:\/\/atecordoba.org\/wp-content\/uploads\/2020\/10\/WhatsApp-Image-2020-10-06-at-13.27.31-560x560.jpeg 560w, https:\/\/atecordoba.org\/wp-content\/uploads\/2020\/10\/WhatsApp-Image-2020-10-06-at-13.27.31-75x75.jpeg 75w\" data-expand=\"700\" \/><\/a>\n                <\/div><\/figure><figure class='gallery-item'>\n                <div class='gallery-icon landscape'>\n                    <a href='https:\/\/atecordoba.org\/wp-content\/uploads\/2020\/10\/WhatsApp-Image-2020-10-06-at-13.27.32-2.jpeg'><img loading=\"lazy\" decoding=\"async\" width=\"150\" height=\"150\" src=\"\" class=\"attachment-thumbnail size-thumbnail lazyload\" alt=\"\" data-src=\"https:\/\/atecordoba.org\/wp-content\/uploads\/2020\/10\/WhatsApp-Image-2020-10-06-at-13.27.32-2-150x150.jpeg\" data-sizes=\"auto\" data-srcset=\"https:\/\/atecordoba.org\/wp-content\/uploads\/2020\/10\/WhatsApp-Image-2020-10-06-at-13.27.32-2-150x150.jpeg 150w, https:\/\/atecordoba.org\/wp-content\/uploads\/2020\/10\/WhatsApp-Image-2020-10-06-at-13.27.32-2-560x560.jpeg 560w, https:\/\/atecordoba.org\/wp-content\/uploads\/2020\/10\/WhatsApp-Image-2020-10-06-at-13.27.32-2-75x75.jpeg 75w\" data-expand=\"700\" \/><\/a>\n                <\/div><\/figure>\n                <br style='clear: both' \/>\n            <\/div>\n\n","protected":false},"excerpt":{"rendered":"<p>Tras el rechazo al acuerdo salarial de la paritaria nacional que cerr\u00f3 el gobierno de Alberto Fernandez con UPCN, que significa un 7% de aumento de haberes, ATE C\u00f3rdoba sali\u00f3 a la calle a expresar el repudio de las y los estatales y para exigir una reapertura de la paritaria que incluya, adem\u00e1s de un [&hellip;]<\/p>\n","protected":false},"author":7,"featured_media":22181,"comment_status":"open","ping_status":"open","sticky":true,"template":"","format":"standard","meta":{"_exactmetrics_skip_tracking":false,"_exactmetrics_sitenote_active":false,"_exactmetrics_sitenote_note":"","_exactmetrics_sitenote_category":0,"jnews-multi-image_gallery":[],"jnews_single_post":{"source_name":"","source_url":"","via_name":"","via_url":"","override_template":"0","override":[{"template":"1","single_blog_custom":"","parallax":"1","fullscreen":"0","layout":"right-sidebar","sidebar":"default-sidebar","second_sidebar":"default-sidebar","sticky_sidebar":"1","share_position":"top","share_float_style":"share-monocrhome","show_share_counter":"1","show_view_counter":"1","show_featured":"1","show_post_meta":"1","show_post_author":"1","show_post_author_image":"1","show_post_date":"1","post_date_format":"default","post_date_format_custom":"Y\/m\/d","show_post_category":"1","show_post_reading_time":"0","post_reading_time_wpm":"300","show_zoom_button":"0","zoom_button_out_step":"2","zoom_button_in_step":"3","show_post_tag":"1","show_prev_next_post":"1","show_popup_post":"1","number_popup_post":"1","show_author_box":"0","show_post_related":"0","show_inline_post_related":"0"}],"override_image_size":"0","image_override":[{"single_post_thumbnail_size":"crop-500","single_post_gallery_size":"crop-500"}],"trending_post":"0","trending_post_position":"meta","trending_post_label":"Trending","sponsored_post":"0","sponsored_post_label":"Sponsored by","sponsored_post_name":"","sponsored_post_url":"","sponsored_post_logo_enable":"0","sponsored_post_logo":"","sponsored_post_desc":""},"jnews_primary_category":{"id":""},"jnews_social_meta":{"fb_title":"","fb_description":"","fb_image":"","twitter_title":"","twitter_description":"","twitter_image":""},"jnews_review":[],"enable_review":"0","type":"percentage","name":"","summary":"","brand":"","sku":"","good":[{"good_text":""}],"bad":[{"bad_text":""}],"score_override":"","override_value":"","rating":[{"rating_text":"","rating_number":"10"}],"price":[{"shop":"","price":"","link":"","icon":""}],"jnews_override_counter":{"override_view_counter":"0","view_counter_number":"0","override_share_counter":"0","share_counter_number":"0","override_like_counter":"0","like_counter_number":"0","override_dislike_counter":"0","dislike_counter_number":"0"},"jnews_post_split":{"enable_post_split":"0","post_split":[{"template":"1","tag":"h2","numbering":"asc","mode":"normal"}]},"footnotes":""},"categories":[341,18,1],"tags":[595],"class_list":["post-22172","post","type-post","status-publish","format-standard","has-post-thumbnail","hentry","category-cdp","category-nacionales","category-sin-categoria","tag-paro-nacional"],"jetpack_featured_media_url":"https:\/\/atecordoba.org\/wp-content\/uploads\/2020\/10\/WhatsApp-Image-2020-10-06-at-13.27.32-1.jpeg","_links":{"self":[{"href":"https:\/\/atecordoba.org\/index.php?rest_route=\/wp\/v2\/posts\/22172","targetHints":{"allow":["GET"]}}],"collection":[{"href":"https:\/\/atecordoba.org\/index.php?rest_route=\/wp\/v2\/posts"}],"about":[{"href":"https:\/\/atecordoba.org\/index.php?rest_route=\/wp\/v2\/types\/post"}],"author":[{"embeddable":true,"href":"https:\/\/atecordoba.org\/index.php?rest_route=\/wp\/v2\/users\/7"}],"replies":[{"embeddable":true,"href":"https:\/\/atecordoba.org\/index.php?rest_route=%2Fwp%2Fv2%2Fcomments&post=22172"}],"version-history":[{"count":2,"href":"https:\/\/atecordoba.org\/index.php?rest_route=\/wp\/v2\/posts\/22172\/revisions"}],"predecessor-version":[{"id":22210,"href":"https:\/\/atecordoba.org\/index.php?rest_route=\/wp\/v2\/posts\/22172\/revisions\/22210"}],"wp:featuredmedia":[{"embeddable":true,"href":"https:\/\/atecordoba.org\/index.php?rest_route=\/wp\/v2\/media\/22181"}],"wp:attachment":[{"href":"https:\/\/atecordoba.org\/index.php?rest_route=%2Fwp%2Fv2%2Fmedia&parent=22172"}],"wp:term":[{"taxonomy":"category","embeddable":true,"href":"https:\/\/atecordoba.org\/index.php?rest_route=%2Fwp%2Fv2%2Fcategories&post=22172"},{"taxonomy":"post_tag","embeddable":true,"href":"https:\/\/atecordoba.org\/index.php?rest_route=%2Fwp%2Fv2%2Ftags&post=22172"}],"curies":[{"name":"wp","href":"https:\/\/api.w.org\/{rel}","templated":true}]}}