{"id":22165,"date":"2020-10-05T17:24:47","date_gmt":"2020-10-05T20:24:47","guid":{"rendered":"https:\/\/atecordoba.org\/?p=22165"},"modified":"2020-10-05T17:24:47","modified_gmt":"2020-10-05T20:24:47","slug":"la-campana-de-afiliacion-de-municipales-se-afirma-en-el-departamento-san-justo","status":"publish","type":"post","link":"https:\/\/atecordoba.org\/?p=22165","title":{"rendered":"La campa\u00f1a de afiliaci\u00f3n de municipales se afirma en el Departamento San Justo"},"content":{"rendered":"<p><img loading=\"lazy\" decoding=\"async\" class=\"size-medium wp-image-22168 alignleft\" src=\"https:\/\/atecordoba.org\/wp-content\/uploads\/2020\/10\/afiche-252x300.jpg\" alt=\"\" width=\"252\" height=\"300\" srcset=\"https:\/\/atecordoba.org\/wp-content\/uploads\/2020\/10\/afiche-252x300.jpg 252w, https:\/\/atecordoba.org\/wp-content\/uploads\/2020\/10\/afiche.jpg 712w\" sizes=\"auto, (max-width: 252px) 100vw, 252px\" \/>Compa\u00f1eros y compa\u00f1eras de la delegaci\u00f3n ATE San Francisco realizaron visitas a tres localidades del Departamento San Justo para difundir la propuesta gremial de nuestra organizaci\u00f3n en el marco de la campa\u00f1a de afiliaci\u00f3n de los y las municipales.<\/p>\n<p>As\u00ed, los compa\u00f1eros mantuvieron reuniones en Freyre, Devoto y Tr\u00e1nsito donde fueron recibidos por trabajadores y trabajadores con muy buena recepci\u00f3n a los lineamientos de ATE basados en recomposici\u00f3n salarial, pase a planta, fin de la precarizaci\u00f3n, mejora en las condiciones de trabajo e higiene y seguridad laboral.<\/p>\n<p>De esta forma, ATE contin\u00faa su crecimiento organizativo en el interior provincial, m\u00e1s all\u00e1 de las limitaciones que impone la pandemia de Covid 19.<\/p>\n<div id='gallery_1' class='gallery galleryid-22165 gallery-columns-2 gallery-size-full'><figure class='gallery-item'>\n                <div class='gallery-icon landscape'>\n                    <a href='https:\/\/atecordoba.org\/wp-content\/uploads\/2020\/10\/recolectores-devoto.jpg'><img loading=\"lazy\" decoding=\"async\" width=\"960\" height=\"720\" src=\"\" class=\"attachment-full size-full lazyload\" alt=\"\" data-src=\"https:\/\/atecordoba.org\/wp-content\/uploads\/2020\/10\/recolectores-devoto.jpg\" data-sizes=\"auto\" data-srcset=\"https:\/\/atecordoba.org\/wp-content\/uploads\/2020\/10\/recolectores-devoto.jpg 960w, https:\/\/atecordoba.org\/wp-content\/uploads\/2020\/10\/recolectores-devoto-300x225.jpg 300w, https:\/\/atecordoba.org\/wp-content\/uploads\/2020\/10\/recolectores-devoto-768x576.jpg 768w, https:\/\/atecordoba.org\/wp-content\/uploads\/2020\/10\/recolectores-devoto-750x563.jpg 750w\" data-expand=\"700\" \/><\/a>\n                <\/div><\/figure><figure class='gallery-item'>\n                <div class='gallery-icon landscape'>\n                    <a href='https:\/\/atecordoba.org\/wp-content\/uploads\/2020\/10\/caravana.jpg'><img loading=\"lazy\" decoding=\"async\" width=\"960\" height=\"720\" src=\"\" class=\"attachment-full size-full lazyload\" alt=\"\" data-src=\"https:\/\/atecordoba.org\/wp-content\/uploads\/2020\/10\/caravana.jpg\" data-sizes=\"auto\" data-srcset=\"https:\/\/atecordoba.org\/wp-content\/uploads\/2020\/10\/caravana.jpg 960w, https:\/\/atecordoba.org\/wp-content\/uploads\/2020\/10\/caravana-300x225.jpg 300w, https:\/\/atecordoba.org\/wp-content\/uploads\/2020\/10\/caravana-768x576.jpg 768w, https:\/\/atecordoba.org\/wp-content\/uploads\/2020\/10\/caravana-750x563.jpg 750w\" data-expand=\"700\" \/><\/a>\n                <\/div><\/figure><br style=\"clear: both\" \/><figure class='gallery-item'>\n                <div class='gallery-icon portrait'>\n                    <a href='https:\/\/atecordoba.org\/wp-content\/uploads\/2020\/10\/transito-1.jpg'><img loading=\"lazy\" decoding=\"async\" width=\"720\" height=\"960\" src=\"\" class=\"attachment-full size-full lazyload\" alt=\"\" data-src=\"https:\/\/atecordoba.org\/wp-content\/uploads\/2020\/10\/transito-1.jpg\" data-sizes=\"auto\" data-srcset=\"https:\/\/atecordoba.org\/wp-content\/uploads\/2020\/10\/transito-1.jpg 720w, https:\/\/atecordoba.org\/wp-content\/uploads\/2020\/10\/transito-1-225x300.jpg 225w\" data-expand=\"700\" \/><\/a>\n                <\/div><\/figure><figure class='gallery-item'>\n                <div class='gallery-icon landscape'>\n                    <a href='https:\/\/atecordoba.org\/wp-content\/uploads\/2020\/10\/freyre-1.jpg'><img loading=\"lazy\" decoding=\"async\" width=\"600\" height=\"450\" src=\"\" class=\"attachment-full size-full lazyload\" alt=\"\" data-src=\"https:\/\/atecordoba.org\/wp-content\/uploads\/2020\/10\/freyre-1.jpg\" data-sizes=\"auto\" data-srcset=\"https:\/\/atecordoba.org\/wp-content\/uploads\/2020\/10\/freyre-1.jpg 600w, https:\/\/atecordoba.org\/wp-content\/uploads\/2020\/10\/freyre-1-300x225.jpg 300w\" data-expand=\"700\" \/><\/a>\n                <\/div><\/figure><br style=\"clear: both\" \/>\n            <\/div>\n\n","protected":false},"excerpt":{"rendered":"<p>Compa\u00f1eros y compa\u00f1eras de la delegaci\u00f3n ATE San Francisco realizaron visitas a tres localidades del Departamento San Justo para difundir la propuesta gremial de nuestra organizaci\u00f3n en el marco de la campa\u00f1a de afiliaci\u00f3n de los y las municipales. As\u00ed, los compa\u00f1eros mantuvieron reuniones en Freyre, Devoto y Tr\u00e1nsito donde fueron recibidos por trabajadores y [&hellip;]<\/p>\n","protected":false},"author":7,"featured_media":22168,"comment_status":"open","ping_status":"open","sticky":true,"template":"","format":"standard","meta":{"_exactmetrics_skip_tracking":false,"_exactmetrics_sitenote_active":false,"_exactmetrics_sitenote_note":"","_exactmetrics_sitenote_category":0,"jnews-multi-image_gallery":[],"jnews_single_post":{"source_name":"","source_url":"","via_name":"","via_url":"","override_template":"0","override":[{"template":"1","single_blog_custom":"","parallax":"1","fullscreen":"0","layout":"right-sidebar","sidebar":"default-sidebar","second_sidebar":"default-sidebar","sticky_sidebar":"1","share_position":"top","share_float_style":"share-monocrhome","show_share_counter":"1","show_view_counter":"1","show_featured":"1","show_post_meta":"1","show_post_author":"1","show_post_author_image":"1","show_post_date":"1","post_date_format":"default","post_date_format_custom":"Y\/m\/d","show_post_category":"1","show_post_reading_time":"0","post_reading_time_wpm":"300","show_zoom_button":"0","zoom_button_out_step":"2","zoom_button_in_step":"3","show_post_tag":"1","show_prev_next_post":"1","show_popup_post":"1","number_popup_post":"1","show_author_box":"0","show_post_related":"0","show_inline_post_related":"0"}],"override_image_size":"0","image_override":[{"single_post_thumbnail_size":"crop-500","single_post_gallery_size":"crop-500"}],"trending_post":"0","trending_post_position":"meta","trending_post_label":"Trending","sponsored_post":"0","sponsored_post_label":"Sponsored by","sponsored_post_name":"","sponsored_post_url":"","sponsored_post_logo_enable":"0","sponsored_post_logo":"","sponsored_post_desc":""},"jnews_primary_category":{"id":""},"jnews_social_meta":{"fb_title":"","fb_description":"","fb_image":"","twitter_title":"","twitter_description":"","twitter_image":""},"jnews_review":[],"enable_review":"0","type":"percentage","name":"","summary":"","brand":"","sku":"","good":[{"good_text":""}],"bad":[{"bad_text":""}],"score_override":"","override_value":"","rating":[{"rating_text":"","rating_number":"10"}],"price":[{"shop":"","price":"","link":"","icon":""}],"jnews_override_counter":{"override_view_counter":"0","view_counter_number":"0","override_share_counter":"0","share_counter_number":"0","override_like_counter":"0","like_counter_number":"0","override_dislike_counter":"0","dislike_counter_number":"0"},"jnews_post_split":{"enable_post_split":"0","post_split":[{"template":"1","tag":"h2","numbering":"asc","mode":"normal"}]},"footnotes":""},"categories":[20,148,34],"tags":[596],"class_list":["post-22165","post","type-post","status-publish","format-standard","has-post-thumbnail","hentry","category-municipales","category-san-justo","category-seccionales","tag-campana-de-afiliaciones"],"jetpack_featured_media_url":"https:\/\/atecordoba.org\/wp-content\/uploads\/2020\/10\/afiche.jpg","_links":{"self":[{"href":"https:\/\/atecordoba.org\/index.php?rest_route=\/wp\/v2\/posts\/22165","targetHints":{"allow":["GET"]}}],"collection":[{"href":"https:\/\/atecordoba.org\/index.php?rest_route=\/wp\/v2\/posts"}],"about":[{"href":"https:\/\/atecordoba.org\/index.php?rest_route=\/wp\/v2\/types\/post"}],"author":[{"embeddable":true,"href":"https:\/\/atecordoba.org\/index.php?rest_route=\/wp\/v2\/users\/7"}],"replies":[{"embeddable":true,"href":"https:\/\/atecordoba.org\/index.php?rest_route=%2Fwp%2Fv2%2Fcomments&post=22165"}],"version-history":[{"count":1,"href":"https:\/\/atecordoba.org\/index.php?rest_route=\/wp\/v2\/posts\/22165\/revisions"}],"predecessor-version":[{"id":22171,"href":"https:\/\/atecordoba.org\/index.php?rest_route=\/wp\/v2\/posts\/22165\/revisions\/22171"}],"wp:featuredmedia":[{"embeddable":true,"href":"https:\/\/atecordoba.org\/index.php?rest_route=\/wp\/v2\/media\/22168"}],"wp:attachment":[{"href":"https:\/\/atecordoba.org\/index.php?rest_route=%2Fwp%2Fv2%2Fmedia&parent=22165"}],"wp:term":[{"taxonomy":"category","embeddable":true,"href":"https:\/\/atecordoba.org\/index.php?rest_route=%2Fwp%2Fv2%2Fcategories&post=22165"},{"taxonomy":"post_tag","embeddable":true,"href":"https:\/\/atecordoba.org\/index.php?rest_route=%2Fwp%2Fv2%2Ftags&post=22165"}],"curies":[{"name":"wp","href":"https:\/\/api.w.org\/{rel}","templated":true}]}}