{"id":22160,"date":"2020-10-05T14:19:43","date_gmt":"2020-10-05T17:19:43","guid":{"rendered":"https:\/\/atecordoba.org\/?p=22160"},"modified":"2020-10-05T14:20:49","modified_gmt":"2020-10-05T17:20:49","slug":"paro-nacional-en-rechazo-al-7-de-la-paritaria-2020","status":"publish","type":"post","link":"https:\/\/atecordoba.org\/?p=22160","title":{"rendered":"Paro nacional en rechazo al 7% de la paritaria 2020"},"content":{"rendered":"<p><img loading=\"lazy\" decoding=\"async\" class=\" wp-image-22162 alignleft\" src=\"https:\/\/atecordoba.org\/wp-content\/uploads\/2020\/10\/flyer-paro-6-10-261x300.jpeg\" alt=\"\" width=\"458\" height=\"526\" srcset=\"https:\/\/atecordoba.org\/wp-content\/uploads\/2020\/10\/flyer-paro-6-10-261x300.jpeg 261w, https:\/\/atecordoba.org\/wp-content\/uploads\/2020\/10\/flyer-paro-6-10-892x1024.jpeg 892w, https:\/\/atecordoba.org\/wp-content\/uploads\/2020\/10\/flyer-paro-6-10-768x882.jpeg 768w, https:\/\/atecordoba.org\/wp-content\/uploads\/2020\/10\/flyer-paro-6-10-750x861.jpeg 750w, https:\/\/atecordoba.org\/wp-content\/uploads\/2020\/10\/flyer-paro-6-10.jpeg 1098w\" sizes=\"auto, (max-width: 458px) 100vw, 458px\" \/>Tras el cierre de la discusi\u00f3n paritaria entre los sindicatos estatales y el gobierno nacional, con la confirmaci\u00f3n de una recomposici\u00f3n del 7% qua ATE rechaz\u00f3 por insuficiente, ma\u00f1ana se realizar\u00e1 una medida de fuerza en todo el pa\u00eds en reclamo de un verdadero aumento salarial que tengo en cuenta la p\u00e9rdida de poder adquisitivo por inflaci\u00f3n de este a\u00f1o y el necesario reconocimiento a la labor que las y los estatales realizamos durante la pandemia de Covid 19.<\/p>\n<p>En C\u00f3rdoba el paro ser\u00e1 con movilizaci\u00f3n en C\u00f3rdoba Capital y con diversas acciones en las seccionales para manifestar el rechazo a una pol\u00edtica salarial que no atiende las demandas de las y los trabajadores ni contempla la situaci\u00f3n real ante los m\u00edseros salarios que paga el Estado nacional.<\/p>\n<p>La movilizaci\u00f3n se concentrar\u00e1 desde media ma\u00f1ana frente al Ministerio de Desarrollo Social, Chacabuco 329, para posteriormente partir en caravana de veh\u00edculos hasta la sede de Pami, seguir hasta el Ministerio de Trabajo, donde se entregar\u00e1 un petitorio, para finalizar en un acto frente al Patio Olmos, en la Plaza Agust\u00edn Tosco.<\/p>\n<p>En declaraciones a la prensa, el secretario General de ATE C\u00f3rdoba, Federico Giuliani, <a href=\"https:\/\/laranchada.com.ar\/desde-ate-rechazan-la-oferta-salarial-del-gobierno-y-realizan-un-paro-nacional\/\">declar\u00f3<\/a> que la oferta que hizo el gobierno nacional &#8220;claramente es una burla. Que estando en el 2020 esa sea la propuesta, para un a\u00f1o dificil\u00edsimo para nuestro pueblo en general y para los estatales en particular, un a\u00f1o donde se destac\u00f3 que somos esenciales para la presencia del Estado en el territorio, sosteniendo y garantizando derechos de nuestra <img loading=\"lazy\" decoding=\"async\" class=\" wp-image-22039 alignright\" src=\"https:\/\/atecordoba.org\/wp-content\/uploads\/2020\/09\/WhatsApp-Image-2020-09-29-at-11.47.22-1-300x169.jpeg\" alt=\"\" width=\"471\" height=\"265\" srcset=\"https:\/\/atecordoba.org\/wp-content\/uploads\/2020\/09\/WhatsApp-Image-2020-09-29-at-11.47.22-1-300x169.jpeg 300w, https:\/\/atecordoba.org\/wp-content\/uploads\/2020\/09\/WhatsApp-Image-2020-09-29-at-11.47.22-1-1024x576.jpeg 1024w, https:\/\/atecordoba.org\/wp-content\/uploads\/2020\/09\/WhatsApp-Image-2020-09-29-at-11.47.22-1-768x432.jpeg 768w, https:\/\/atecordoba.org\/wp-content\/uploads\/2020\/09\/WhatsApp-Image-2020-09-29-at-11.47.22-1-750x422.jpeg 750w, https:\/\/atecordoba.org\/wp-content\/uploads\/2020\/09\/WhatsApp-Image-2020-09-29-at-11.47.22-1-1140x641.jpeg 1140w, https:\/\/atecordoba.org\/wp-content\/uploads\/2020\/09\/WhatsApp-Image-2020-09-29-at-11.47.22-1.jpeg 1280w\" sizes=\"auto, (max-width: 471px) 100vw, 471px\" \/>comunidad&#8221;.<\/p>\n<p>El dirigente denunci\u00f3 que mientras el gobierno ofrece esa escasa recomposici\u00f3n &#8220;resulta que no hay cobro a la riqueza, se le paga a los bonistas, se quita retenciones a los exportadores\u00a0 de cereales y de carne, se vuelve atr\u00e1s con la expropiaci\u00f3n de Vicent\u00edn. Esta tibieza del gobierno nacional obliga a que ATE ocupe las calles. Hay que destacar que nuestro CDP est\u00e1 desde el 8 de julio manifest\u00e1ndose, ocupando nuestro lugar natural que es la trinchera en la calle , marcando la agenda de los trabajadores y las trabajadoras estatales, nacionales, provinciales y municipales, con diferentes actividades, donde una o dos veces por semana estamos marchando&#8221;.<\/p>\n<p><strong>Movilizaci\u00f3n y plan de lucha<\/strong><\/p>\n<p>Giuliani dijo que que &#8220;ma\u00f1ana lo importante es dar el puntapi\u00e9 inicial para lo que entendemos como un plan de lucha en todo el pa\u00eds, planteando el rechazo a la oferta salarial, reclamando la inmediata reincorporaci\u00f3n de las y los despedidos del macrismo, que fue unas promesa de campa\u00f1a hoy incumplida, el pase a planta permanente de los miles de precarizados que tiene el Estado nacional y que tiene\u00a0 que ver con poder discutir de manera conjunta y no impuesta por el gobierno las condiciones de trabajo. Hay que profundizar el reclamo por seguridad e higiene laboral de aquellos trabajadores esenciales, porque est\u00e1 demostrada la alt\u00edsima cantidad de contagiados que estamos teniendo en los lugares de trabajo porque no se cumplen los protocolos, porque no hay insumos de bioseguridad, no hay prevenci\u00f3n&#8221;.<img loading=\"lazy\" decoding=\"async\" class=\" wp-image-22040 alignleft\" src=\"https:\/\/atecordoba.org\/wp-content\/uploads\/2020\/09\/WhatsApp-Image-2020-09-29-at-11.47.18-300x169.jpeg\" alt=\"\" width=\"470\" height=\"265\" srcset=\"https:\/\/atecordoba.org\/wp-content\/uploads\/2020\/09\/WhatsApp-Image-2020-09-29-at-11.47.18-300x169.jpeg 300w, https:\/\/atecordoba.org\/wp-content\/uploads\/2020\/09\/WhatsApp-Image-2020-09-29-at-11.47.18-1024x576.jpeg 1024w, https:\/\/atecordoba.org\/wp-content\/uploads\/2020\/09\/WhatsApp-Image-2020-09-29-at-11.47.18-768x432.jpeg 768w, https:\/\/atecordoba.org\/wp-content\/uploads\/2020\/09\/WhatsApp-Image-2020-09-29-at-11.47.18-750x422.jpeg 750w, https:\/\/atecordoba.org\/wp-content\/uploads\/2020\/09\/WhatsApp-Image-2020-09-29-at-11.47.18-1140x641.jpeg 1140w, https:\/\/atecordoba.org\/wp-content\/uploads\/2020\/09\/WhatsApp-Image-2020-09-29-at-11.47.18.jpeg 1280w\" sizes=\"auto, (max-width: 470px) 100vw, 470px\" \/><\/p>\n<p>En ese contexto, dijo Giuliani, &#8220;ATE C\u00f3rdoba se pliega a la medida nacional. Entendemos que hay que hacerla sentir\u00a0 en cada rinc\u00f3n de la provincia, con acciones en el territorio, en las seccionales. \u00b7La actividad central ser\u00e1 en C\u00f3rdoba Capital partiendo desde el Ministerio de Desarrollo Social, pasando por el PAMI para reclamar por el traslado de una trabajadora del sector muy antigua en su puesto de mando, siguiendo por el Ministerio de Trabajo para entregar un petitorio y finalizando frente al Patio Olmos&#8221;.<\/p>\n<p>El secretario General de ATE dijo que la movilizaci\u00f3n busca tambi\u00e9n &#8220;interpelar al poder pol\u00edtico de C\u00f3rdoba, y el Patio Olmos es s\u00edmbolo de lo privado sobre lo p\u00fablico. Tambi\u00e9n vamos a homenajear a Agust\u00edn Tosco en la plaza, porque su monumento que fue violentado, mancillado y vandalizado por los anticuarentena, por la derecha violenta. ATE es querellante en una causa penal y con una presentaci\u00f3n ante el Inadi para que los responsables paguen sus cuentas ante la justicia&#8221;.<\/p>\n<p>Y concluy\u00f3 afirmando que &#8220;vamos a llevar adelante una actividad importante pero entendemos que no puede ser una medida aislada a nivel nacional sino el inicio de un proceso de lucha que le plantee al gobierno la agenda de las y los trabajadores del estado nacional&#8221;.<\/p>\n<p>&nbsp;<\/p>\n<p>&nbsp;<\/p>\n","protected":false},"excerpt":{"rendered":"<p>Tras el cierre de la discusi\u00f3n paritaria entre los sindicatos estatales y el gobierno nacional, con la confirmaci\u00f3n de una recomposici\u00f3n del 7% qua ATE rechaz\u00f3 por insuficiente, ma\u00f1ana se realizar\u00e1 una medida de fuerza en todo el pa\u00eds en reclamo de un verdadero aumento salarial que tengo en cuenta la p\u00e9rdida de poder adquisitivo [&hellip;]<\/p>\n","protected":false},"author":7,"featured_media":22162,"comment_status":"open","ping_status":"open","sticky":true,"template":"","format":"standard","meta":{"_exactmetrics_skip_tracking":false,"_exactmetrics_sitenote_active":false,"_exactmetrics_sitenote_note":"","_exactmetrics_sitenote_category":0,"jnews-multi-image_gallery":[],"jnews_single_post":{"source_name":"","source_url":"","via_name":"","via_url":"","override_template":"0","override":[{"template":"1","single_blog_custom":"","parallax":"1","fullscreen":"0","layout":"right-sidebar","sidebar":"default-sidebar","second_sidebar":"default-sidebar","sticky_sidebar":"1","share_position":"top","share_float_style":"share-monocrhome","show_share_counter":"1","show_view_counter":"1","show_featured":"1","show_post_meta":"1","show_post_author":"1","show_post_author_image":"1","show_post_date":"1","post_date_format":"default","post_date_format_custom":"Y\/m\/d","show_post_category":"1","show_post_reading_time":"0","post_reading_time_wpm":"300","show_zoom_button":"0","zoom_button_out_step":"2","zoom_button_in_step":"3","show_post_tag":"1","show_prev_next_post":"1","show_popup_post":"1","number_popup_post":"1","show_author_box":"0","show_post_related":"0","show_inline_post_related":"0"}],"override_image_size":"0","image_override":[{"single_post_thumbnail_size":"crop-500","single_post_gallery_size":"crop-500"}],"trending_post":"0","trending_post_position":"meta","trending_post_label":"Trending","sponsored_post":"0","sponsored_post_label":"Sponsored by","sponsored_post_name":"","sponsored_post_url":"","sponsored_post_logo_enable":"0","sponsored_post_logo":"","sponsored_post_desc":""},"jnews_primary_category":{"id":""},"jnews_social_meta":{"fb_title":"","fb_description":"","fb_image":"","twitter_title":"","twitter_description":"","twitter_image":""},"jnews_review":[],"enable_review":"0","type":"percentage","name":"","summary":"","brand":"","sku":"","good":[{"good_text":""}],"bad":[{"bad_text":""}],"score_override":"","override_value":"","rating":[{"rating_text":"","rating_number":"10"}],"price":[{"shop":"","price":"","link":"","icon":""}],"jnews_override_counter":{"override_view_counter":"0","view_counter_number":"0","override_share_counter":"0","share_counter_number":"0","override_like_counter":"0","like_counter_number":"0","override_dislike_counter":"0","dislike_counter_number":"0"},"jnews_post_split":{"enable_post_split":"0","post_split":[{"template":"1","tag":"h2","numbering":"asc","mode":"normal"}]},"footnotes":""},"categories":[341,18],"tags":[455,595],"class_list":["post-22160","post","type-post","status-publish","format-standard","has-post-thumbnail","hentry","category-cdp","category-nacionales","tag-paritaria-2020","tag-paro-nacional"],"jetpack_featured_media_url":"https:\/\/atecordoba.org\/wp-content\/uploads\/2020\/10\/flyer-paro-6-10.jpeg","_links":{"self":[{"href":"https:\/\/atecordoba.org\/index.php?rest_route=\/wp\/v2\/posts\/22160","targetHints":{"allow":["GET"]}}],"collection":[{"href":"https:\/\/atecordoba.org\/index.php?rest_route=\/wp\/v2\/posts"}],"about":[{"href":"https:\/\/atecordoba.org\/index.php?rest_route=\/wp\/v2\/types\/post"}],"author":[{"embeddable":true,"href":"https:\/\/atecordoba.org\/index.php?rest_route=\/wp\/v2\/users\/7"}],"replies":[{"embeddable":true,"href":"https:\/\/atecordoba.org\/index.php?rest_route=%2Fwp%2Fv2%2Fcomments&post=22160"}],"version-history":[{"count":3,"href":"https:\/\/atecordoba.org\/index.php?rest_route=\/wp\/v2\/posts\/22160\/revisions"}],"predecessor-version":[{"id":22164,"href":"https:\/\/atecordoba.org\/index.php?rest_route=\/wp\/v2\/posts\/22160\/revisions\/22164"}],"wp:featuredmedia":[{"embeddable":true,"href":"https:\/\/atecordoba.org\/index.php?rest_route=\/wp\/v2\/media\/22162"}],"wp:attachment":[{"href":"https:\/\/atecordoba.org\/index.php?rest_route=%2Fwp%2Fv2%2Fmedia&parent=22160"}],"wp:term":[{"taxonomy":"category","embeddable":true,"href":"https:\/\/atecordoba.org\/index.php?rest_route=%2Fwp%2Fv2%2Fcategories&post=22160"},{"taxonomy":"post_tag","embeddable":true,"href":"https:\/\/atecordoba.org\/index.php?rest_route=%2Fwp%2Fv2%2Ftags&post=22160"}],"curies":[{"name":"wp","href":"https:\/\/api.w.org\/{rel}","templated":true}]}}