{"id":22150,"date":"2020-10-05T11:09:58","date_gmt":"2020-10-05T14:09:58","guid":{"rendered":"https:\/\/atecordoba.org\/?p=22150"},"modified":"2020-10-05T11:09:58","modified_gmt":"2020-10-05T14:09:58","slug":"ate-cordoba-apuesta-a-la-comunicacion-propia-con-un-programa-de-radio-semanal","status":"publish","type":"post","link":"https:\/\/atecordoba.org\/?p=22150","title":{"rendered":"ATE C\u00f3rdoba apuesta a la Comunicaci\u00f3n propia con un programa de radio semanal"},"content":{"rendered":"<div dir=\"auto\"><\/div>\n<div dir=\"auto\"><img loading=\"lazy\" decoding=\"async\" class=\"size-medium wp-image-22151 alignleft\" src=\"https:\/\/atecordoba.org\/wp-content\/uploads\/2020\/10\/flyer-progr-radio-300x300.jpg\" alt=\"\" width=\"300\" height=\"300\" srcset=\"https:\/\/atecordoba.org\/wp-content\/uploads\/2020\/10\/flyer-progr-radio-300x300.jpg 300w, https:\/\/atecordoba.org\/wp-content\/uploads\/2020\/10\/flyer-progr-radio-1024x1024.jpg 1024w, https:\/\/atecordoba.org\/wp-content\/uploads\/2020\/10\/flyer-progr-radio-150x150.jpg 150w, https:\/\/atecordoba.org\/wp-content\/uploads\/2020\/10\/flyer-progr-radio-768x768.jpg 768w, https:\/\/atecordoba.org\/wp-content\/uploads\/2020\/10\/flyer-progr-radio-560x560.jpg 560w, https:\/\/atecordoba.org\/wp-content\/uploads\/2020\/10\/flyer-progr-radio-75x75.jpg 75w, https:\/\/atecordoba.org\/wp-content\/uploads\/2020\/10\/flyer-progr-radio-750x750.jpg 750w, https:\/\/atecordoba.org\/wp-content\/uploads\/2020\/10\/flyer-progr-radio.jpg 1080w\" sizes=\"auto, (max-width: 300px) 100vw, 300px\" \/>El programa \u201cEntre Todos y Todas. La voz de las y los estatales\u201d, se difundir\u00e1 los d\u00edas martes en el horario de 18 a 20 horas a trav\u00e9s de FM Gen 107.5 de la ciudad de C\u00f3rdoba.<\/div>\n<div dir=\"auto\"><\/div>\n<div dir=\"auto\">\u201cSe viene un desaf\u00edo hermoso que supone tambi\u00e9n el compromiso de seguir amplificando nuestra voz y nuestra agenda\u201d, sostuvo Julia Giuliani, Secretaria de Prensa y Comunicaci\u00f3n del Consejo Directivo Provincial del gremio.<\/div>\n<div dir=\"auto\"><\/div>\n<div dir=\"auto\">\u201cDesde ATE apostamos a una Comunicaci\u00f3n propia que circule por las diferentes plataformas\u00a0que permiten las nuevas tecnolog\u00edas sin excluir ninguna herramienta: Desde el tradicional peri\u00f3dico de papel, pasando por una actividad sistem\u00e1tica y muy activa en las redes sociales y ahora con este programa radial. En todos los casos, el objetivo es romper el cerco informativo para fijar nuestra agenda de trabajo en primera persona, sin intermediarios\u201d, remat\u00f3 Giuliani.<\/div>\n","protected":false},"excerpt":{"rendered":"<p>El programa \u201cEntre Todos y Todas. La voz de las y los estatales\u201d, se difundir\u00e1 los d\u00edas martes en el horario de 18 a 20 horas a trav\u00e9s de FM Gen 107.5 de la ciudad de C\u00f3rdoba. \u201cSe viene un desaf\u00edo hermoso que supone tambi\u00e9n el compromiso de seguir amplificando nuestra voz y nuestra agenda\u201d, [&hellip;]<\/p>\n","protected":false},"author":7,"featured_media":22151,"comment_status":"open","ping_status":"open","sticky":true,"template":"","format":"standard","meta":{"_exactmetrics_skip_tracking":false,"_exactmetrics_sitenote_active":false,"_exactmetrics_sitenote_note":"","_exactmetrics_sitenote_category":0,"jnews-multi-image_gallery":[],"jnews_single_post":{"source_name":"","source_url":"","via_name":"","via_url":"","override_template":"0","override":[{"template":"1","single_blog_custom":"","parallax":"1","fullscreen":"0","layout":"right-sidebar","sidebar":"default-sidebar","second_sidebar":"default-sidebar","sticky_sidebar":"1","share_position":"top","share_float_style":"share-monocrhome","show_share_counter":"1","show_view_counter":"1","show_featured":"1","show_post_meta":"1","show_post_author":"1","show_post_author_image":"1","show_post_date":"1","post_date_format":"default","post_date_format_custom":"Y\/m\/d","show_post_category":"1","show_post_reading_time":"0","post_reading_time_wpm":"300","show_zoom_button":"0","zoom_button_out_step":"2","zoom_button_in_step":"3","show_post_tag":"1","show_prev_next_post":"1","show_popup_post":"1","number_popup_post":"1","show_author_box":"0","show_post_related":"0","show_inline_post_related":"0"}],"override_image_size":"0","image_override":[{"single_post_thumbnail_size":"crop-500","single_post_gallery_size":"crop-500"}],"trending_post":"0","trending_post_position":"meta","trending_post_label":"Trending","sponsored_post":"0","sponsored_post_label":"Sponsored by","sponsored_post_name":"","sponsored_post_url":"","sponsored_post_logo_enable":"0","sponsored_post_logo":"","sponsored_post_desc":""},"jnews_primary_category":{"id":""},"jnews_social_meta":{"fb_title":"","fb_description":"","fb_image":"","twitter_title":"","twitter_description":"","twitter_image":""},"jnews_review":[],"enable_review":"0","type":"percentage","name":"","summary":"","brand":"","sku":"","good":[{"good_text":""}],"bad":[{"bad_text":""}],"score_override":"","override_value":"","rating":[{"rating_text":"","rating_number":"10"}],"price":[{"shop":"","price":"","link":"","icon":""}],"jnews_override_counter":{"override_view_counter":"0","view_counter_number":"0","override_share_counter":"0","share_counter_number":"0","override_like_counter":"0","like_counter_number":"0","override_dislike_counter":"0","dislike_counter_number":"0"},"jnews_post_split":{"enable_post_split":"0","post_split":[{"template":"1","tag":"h2","numbering":"asc","mode":"normal"}]},"footnotes":""},"categories":[346],"tags":[593,592],"class_list":["post-22150","post","type-post","status-publish","format-standard","has-post-thumbnail","hentry","category-prensa-y-comunicacion","tag-gen-fm","tag-programa-de-radio"],"jetpack_featured_media_url":"https:\/\/atecordoba.org\/wp-content\/uploads\/2020\/10\/flyer-progr-radio.jpg","_links":{"self":[{"href":"https:\/\/atecordoba.org\/index.php?rest_route=\/wp\/v2\/posts\/22150","targetHints":{"allow":["GET"]}}],"collection":[{"href":"https:\/\/atecordoba.org\/index.php?rest_route=\/wp\/v2\/posts"}],"about":[{"href":"https:\/\/atecordoba.org\/index.php?rest_route=\/wp\/v2\/types\/post"}],"author":[{"embeddable":true,"href":"https:\/\/atecordoba.org\/index.php?rest_route=\/wp\/v2\/users\/7"}],"replies":[{"embeddable":true,"href":"https:\/\/atecordoba.org\/index.php?rest_route=%2Fwp%2Fv2%2Fcomments&post=22150"}],"version-history":[{"count":1,"href":"https:\/\/atecordoba.org\/index.php?rest_route=\/wp\/v2\/posts\/22150\/revisions"}],"predecessor-version":[{"id":22152,"href":"https:\/\/atecordoba.org\/index.php?rest_route=\/wp\/v2\/posts\/22150\/revisions\/22152"}],"wp:featuredmedia":[{"embeddable":true,"href":"https:\/\/atecordoba.org\/index.php?rest_route=\/wp\/v2\/media\/22151"}],"wp:attachment":[{"href":"https:\/\/atecordoba.org\/index.php?rest_route=%2Fwp%2Fv2%2Fmedia&parent=22150"}],"wp:term":[{"taxonomy":"category","embeddable":true,"href":"https:\/\/atecordoba.org\/index.php?rest_route=%2Fwp%2Fv2%2Fcategories&post=22150"},{"taxonomy":"post_tag","embeddable":true,"href":"https:\/\/atecordoba.org\/index.php?rest_route=%2Fwp%2Fv2%2Ftags&post=22150"}],"curies":[{"name":"wp","href":"https:\/\/api.w.org\/{rel}","templated":true}]}}