{"id":22142,"date":"2020-10-02T19:40:04","date_gmt":"2020-10-02T22:40:04","guid":{"rendered":"https:\/\/atecordoba.org\/?p=22142"},"modified":"2020-10-02T19:40:04","modified_gmt":"2020-10-02T22:40:04","slug":"plenario-de-nacionales-rechaza-el-7-de-aumento-salarial-y-se-pliega-al-paro-del-6-de-octubre","status":"publish","type":"post","link":"https:\/\/atecordoba.org\/?p=22142","title":{"rendered":"Plenario de nacionales rechaza el 7% de aumento salarial y se pliega al paro del 6 de Octubre"},"content":{"rendered":"<p><img loading=\"lazy\" decoding=\"async\" class=\"alignnone size-thumbnail wp-image-22143\" src=\"https:\/\/atecordoba.org\/wp-content\/uploads\/2020\/10\/1--150x150.png\" alt=\"\" width=\"150\" height=\"150\" srcset=\"https:\/\/atecordoba.org\/wp-content\/uploads\/2020\/10\/1--150x150.png 150w, https:\/\/atecordoba.org\/wp-content\/uploads\/2020\/10\/1--560x560.png 560w, https:\/\/atecordoba.org\/wp-content\/uploads\/2020\/10\/1--75x75.png 75w\" sizes=\"auto, (max-width: 150px) 100vw, 150px\" \/> <img loading=\"lazy\" decoding=\"async\" class=\"alignnone size-thumbnail wp-image-22144\" src=\"https:\/\/atecordoba.org\/wp-content\/uploads\/2020\/10\/2-150x150.png\" alt=\"\" width=\"150\" height=\"150\" srcset=\"https:\/\/atecordoba.org\/wp-content\/uploads\/2020\/10\/2-150x150.png 150w, https:\/\/atecordoba.org\/wp-content\/uploads\/2020\/10\/2-560x560.png 560w, https:\/\/atecordoba.org\/wp-content\/uploads\/2020\/10\/2-75x75.png 75w\" sizes=\"auto, (max-width: 150px) 100vw, 150px\" \/> <img loading=\"lazy\" decoding=\"async\" class=\"size-thumbnail wp-image-22145 alignnone\" src=\"https:\/\/atecordoba.org\/wp-content\/uploads\/2020\/10\/3-150x150.png\" alt=\"\" width=\"150\" height=\"150\" srcset=\"https:\/\/atecordoba.org\/wp-content\/uploads\/2020\/10\/3-150x150.png 150w, https:\/\/atecordoba.org\/wp-content\/uploads\/2020\/10\/3-560x560.png 560w, https:\/\/atecordoba.org\/wp-content\/uploads\/2020\/10\/3-75x75.png 75w\" sizes=\"auto, (max-width: 150px) 100vw, 150px\" \/><\/p>\n<p>Federico Giuliani Secretario General del Consejo Directivo Provincial de ATE C\u00f3rdoba comenz\u00f3 el plenario declarando: \u201cfuimos a la instancia con el Gobierno Nacional y recibimos una oferta nefasta del 15% en cuatro cuotas. Tuvimos mandato para participar de la audiencia paritaria para romper esa din\u00e1mica entre Capital y Buenos Aires\u201d.<\/p>\n<p>Giuliani remarc\u00f3: \u201cC\u00f3rdoba debe estar en esta instancia porque es la provincia que tiene, m\u00e1s nacionales luego de CABA y Buenos Aires\u201d.<\/p>\n<p>La realidad indica que hoy, plantear una movilizaci\u00f3n con una paritaria metida por la ventana, es dif\u00edcil. Es por eso que hay que destacar esta instancia democr\u00e1tica de plenarios virtuales en donde el mandato y la construcci\u00f3n de las medidas es, de abajo para arriba.<\/p>\n<p>En el orden de la palabra comenz\u00f3 Alejandro Charra, del sector Personal Civil destacando \u00e9l, como Noelia Martino, Javier Bracamonte y otras compa\u00f1eras del sector la moci\u00f3n de una caravana que pase por diferentes puntos y que cada auto m\u00e1s all\u00e1 de la consigna en general, exprese a trav\u00e9s de carteler\u00eda las problem\u00e1ticas sectoriales. Resaltando que el 6 de octubre debe ser punta de lanza de un plan de lucha.<\/p>\n<p>Por su parte Marcela Ch\u00e1vez y Liz Paz de IOSFA expusieron lo que resolvi\u00f3 su sector: asambleas virtuales definieron que viralicemos a trav\u00e9s de redes sociales fotos con las consignas con nuestros reclamos, apag\u00f3n virtual y delegadas y delegados se sumar\u00e1n a lo que decida el plenario provincial.<\/p>\n<p>Mat\u00edas Giuliani y Alejandra Agnone de SENASA acotaron que el organismo acompa\u00f1ar\u00e1 el paro del 6 para que sea un hecho contundente en el que se manifieste el rechazo al 7% y se exija la apertura de paritarias sectoriales, teniendo C\u00f3rdoba cupo en las mismas.<\/p>\n<p>Tambi\u00e9n participaron del plenario, representantes de las distintas seccionales. Tal es el caso de Dami\u00e1n Albornoz Secretario General de ATE Seccional R\u00edo Tercero que dijo: \u201cla paritaria gener\u00f3 un nivel de enojo muy grande. Desde nuestra ciudad nos acoplaremos al 6 con salida en los medios de prensa y acciones frente a la Porter\u00eda de la F\u00e1brica Militar, tenemos que sostener y exigir las reincorporaciones y las partidas presupuestarias correspondientes para lograr la plena reactivaci\u00f3n\u201d.<\/p>\n<p>En cuanto a la F\u00e1brica Militar de Villa Mar\u00eda, Gustavo Vilches miembro de la Comisi\u00f3n Directiva de ATE Villa Mar\u00eda remarc\u00f3 que all\u00ed realizar\u00e1n una conferencia de prensa y el lunes en asamblea definir\u00e1n que medidas hacen.<\/p>\n<p>Hay que destacar que a lo largo del plenario se tuvo presente la coyuntura y el marco de pandemia que nos atraviesa y preocupa, por eso las acciones fueron consensuadas y debatidas durante m\u00e1s de dos horas, teniendo presente que somos las y los trabajadores quienes est\u00e1n en la primera l\u00ednea poni\u00e9ndole el cuerpo a la emergencia sanitaria.<\/p>\n<p>El paro del 6 de octubre no solo es convocado por ATE, sino tambi\u00e9n por Fresprosa y Conadu Hist\u00f3rica. En ese sentido Isidoro Diaz, delegado de ATE en la Universidad Nacional de C\u00f3rdoba reforz\u00f3 que su paritaria sectorial no cerr\u00f3 y que \u201ceste es el momento justo para tambi\u00e9n sumar al movimiento estudiantil y acoplar a docentes universitarios; es por eso que deber\u00edamos terminar en el centro para darle mayor visibilidad a esta que es una paritaria testigo y debemos demostrar unidad, porque lo que est\u00e1 en disputa es quien paga la crisis\u201d, al cierre\u00a0 propuso que se trace un plan de lucha.<\/p>\n<p>Desde el Ministerio de Desarrollo Social, Soledad y Fabi\u00e1n expresaron que se participar\u00e1 incluso con actividades de aquellos y aquellas compa\u00f1eras que viven en el interior de la provincia, \u201chay que extender la lucha\u201d, destac\u00f3 Soledad. Difundiendo y reforzando una campa\u00f1a medi\u00e1tica por cada sector.<\/p>\n<p>Por ANAC Agust\u00edn Bertone y Mario Arce comentaron que su sector mantuvo una asamblea que defini\u00f3 hacer una movida primero frente al Aeropuerto para desde all\u00ed plegarse a la jornada provincial, lo cual coincide con lo expuesto por Eugenia Palacio de ANSES de rechazar el 7% y realizar caravana por las principales arterias.<\/p>\n<p>En el uso de la palabra intervinieron unos 30 oradores, entre ellos Iv\u00e1n Contreras del Ministerio de Trabajo de la Naci\u00f3n y actual Secretario de Acci\u00f3n Social del CDP, resaltando que: \u201ces fundamental que nos hagamos escuchar, y para eso comparto lo discutido en la asamblea sectorial del Ministerio que es tener dos modalidades en simultaneo: asamblea virtual y por otro lado caravana, respetando siempre los cuidados de bioseguridad necesarios\u201d. \u00a0Mientras que Lucas Arce ex trabajador de FADEA, despedido por el Macrismo, apuntal\u00f3 el acompa\u00f1amiento para con las acciones que se definan.<\/p>\n<p>CONICET dijo presente participando de la mano de sus dos nuevos representantes, Magal\u00ed Paz y Santiago Benitez. Benitez fue quien expuso la grave situaci\u00f3n que viven de este a\u00f1o tambi\u00e9n hemos perdido bastante, venimos exponiendo nuestra situaci\u00f3n as\u00ed que acompa\u00f1amos\u201d.<\/p>\n<p>Durante el plenario, se coincidi\u00f3 en el an\u00e1lisis y en el rechazo al aumento acordado entre la Naci\u00f3n y UPCN. A su vez que el hilo conductor fue plasmar el descontento con una caravana que permita \u201chacer ruido\u201d. En ese marco Elisa Ojeda de PAMI solicit\u00f3 que los autos pasen por la sede de PAMI ubicada en calle General Paz para reclamar y acompa\u00f1ar un conflicto sectorial existente por el traslado de una compa\u00f1era.<\/p>\n<p>El norte cordob\u00e9s tambi\u00e9n dijo presente de la mano de Daniel Allende Secretario General de ATE Cruz del Eje, quien expres\u00f3 que \u201cacompa\u00f1amos caravana, que las medidas tambi\u00e9n repercutan en los medios de comunicaci\u00f3n y en nuestro CDN. Por eso viajaremos algunos a C\u00f3rdoba y trabajaremos la jornada mucho por redes sociales\u201d. Adem\u00e1s de estar Leandro Rueda del INTI y Secretario de Finanzas de ATE Cruz del Eje, estuvo Majo Pe\u00f1aloza, Daniel Gamarro y Enrique Ortiz, delegado de ANSES Cosqu\u00edn que se plegar\u00e1n a la jornada, al igual que las y los trabajadores de la SAF (Agricultura Familiar).<\/p>\n<p>Al ir finalizando en el uso de la palabra Rafaela Alcoba Secretaria General de ATE Seccional R\u00edo Cuarto expuso el rechazo al aumento acordado y a que la seccional del sur cordob\u00e9s dir\u00e1 presente en la jornada de paro y lucha del 6 de octubre.<\/p>\n<p>Finalmente Federico Giuliani fue quien sintetiz\u00f3 lo que el plenario expuso, y con el aporte de todas y todos se acord\u00f3 que el 6 de Octubre es el comienzo de un plan de lucha; que habr\u00e1 actividades en horas previas en ANAC, FADEA y encuentro de Personal Civil en la Rotonda del Ala ubicada en Ruta 20.<\/p>\n<p>Luego se concentrar\u00e1 en Chacabuco 329, frente al Ministerio de Desarrollo Social de la Naci\u00f3n, para pasar por PAMI y de ah\u00ed seguir la marcha de la caravana hasta la Plaza Agust\u00edn Tosco frente al Patio Olmos, para el cierre.<\/p>\n<p>Ante la inminente visita del Presidente Alberto Fern\u00e1ndez el d\u00eda 7 de Octubre a FADEA, el plenario qued\u00f3 en estado de alerta y movilizaci\u00f3n para poder presentarle un petitorio al Presidente, por reincorporaciones y situaci\u00f3n e las y los estatales que hoy, est\u00e1n dejando el cuero y la vida en la primera l\u00ednea.<\/p>\n","protected":false},"excerpt":{"rendered":"<p>Federico Giuliani Secretario General del Consejo Directivo Provincial de ATE C\u00f3rdoba comenz\u00f3 el plenario declarando: \u201cfuimos a la instancia con el Gobierno Nacional y recibimos una oferta nefasta del 15% en cuatro cuotas. Tuvimos mandato para participar de la audiencia paritaria para romper esa din\u00e1mica entre Capital y Buenos Aires\u201d. Giuliani remarc\u00f3: \u201cC\u00f3rdoba debe estar [&hellip;]<\/p>\n","protected":false},"author":3,"featured_media":22144,"comment_status":"open","ping_status":"open","sticky":false,"template":"","format":"standard","meta":{"_exactmetrics_skip_tracking":false,"_exactmetrics_sitenote_active":false,"_exactmetrics_sitenote_note":"","_exactmetrics_sitenote_category":0,"jnews-multi-image_gallery":[],"jnews_single_post":{"source_name":"","source_url":"","via_name":"","via_url":"","override_template":"0","override":[{"template":"1","single_blog_custom":"","parallax":"1","fullscreen":"0","layout":"right-sidebar","sidebar":"default-sidebar","second_sidebar":"default-sidebar","sticky_sidebar":"1","share_position":"top","share_float_style":"share-monocrhome","show_share_counter":"1","show_view_counter":"1","show_featured":"1","show_post_meta":"1","show_post_author":"1","show_post_author_image":"1","show_post_date":"1","post_date_format":"default","post_date_format_custom":"Y\/m\/d","show_post_category":"1","show_post_reading_time":"0","post_reading_time_wpm":"300","show_zoom_button":"0","zoom_button_out_step":"2","zoom_button_in_step":"3","show_post_tag":"1","show_prev_next_post":"1","show_popup_post":"1","number_popup_post":"1","show_author_box":"0","show_post_related":"0","show_inline_post_related":"0"}],"override_image_size":"0","image_override":[{"single_post_thumbnail_size":"crop-500","single_post_gallery_size":"crop-500"}],"trending_post":"0","trending_post_position":"meta","trending_post_label":"Trending","sponsored_post":"0","sponsored_post_label":"Sponsored by","sponsored_post_name":"","sponsored_post_url":"","sponsored_post_logo_enable":"0","sponsored_post_logo":"","sponsored_post_desc":""},"jnews_primary_category":{"id":""},"jnews_social_meta":{"fb_title":"","fb_description":"","fb_image":"","twitter_title":"","twitter_description":"","twitter_image":""},"jnews_review":[],"enable_review":"0","type":"percentage","name":"","summary":"","brand":"","sku":"","good":[{"good_text":""}],"bad":[{"bad_text":""}],"score_override":"","override_value":"","rating":[{"rating_text":"","rating_number":"10"}],"price":[{"shop":"","price":"","link":"","icon":""}],"jnews_override_counter":{"override_view_counter":"0","view_counter_number":"0","override_share_counter":"0","share_counter_number":"0","override_like_counter":"0","like_counter_number":"0","override_dislike_counter":"0","dislike_counter_number":"0"},"jnews_post_split":{"enable_post_split":"0","post_split":[{"template":"1","tag":"h2","numbering":"asc","mode":"normal"}]},"footnotes":""},"categories":[53,124,150,145,113,17,356,139,100,107,18,21,12,13,16,97,112,9,14],"tags":[],"class_list":["post-22142","post","type-post","status-publish","format-standard","has-post-thumbnail","hentry","category-comunicados-de-prensa","category-congreso-provincial","category-cruz-del-eje","category-delegados","category-desarrollo-social-nacion","category-fabricaciones-militares","category-fadea","category-inta","category-inti","category-ministerio-de-trabajo","category-nacionales","category-paro-nacional","category-rio-cuarto","category-rio-tercero","category-saf","category-senaf","category-senasa","category-trabajadores-civiles-ff-aa","category-villa-maria"],"jetpack_featured_media_url":"https:\/\/atecordoba.org\/wp-content\/uploads\/2020\/10\/2.png","_links":{"self":[{"href":"https:\/\/atecordoba.org\/index.php?rest_route=\/wp\/v2\/posts\/22142","targetHints":{"allow":["GET"]}}],"collection":[{"href":"https:\/\/atecordoba.org\/index.php?rest_route=\/wp\/v2\/posts"}],"about":[{"href":"https:\/\/atecordoba.org\/index.php?rest_route=\/wp\/v2\/types\/post"}],"author":[{"embeddable":true,"href":"https:\/\/atecordoba.org\/index.php?rest_route=\/wp\/v2\/users\/3"}],"replies":[{"embeddable":true,"href":"https:\/\/atecordoba.org\/index.php?rest_route=%2Fwp%2Fv2%2Fcomments&post=22142"}],"version-history":[{"count":1,"href":"https:\/\/atecordoba.org\/index.php?rest_route=\/wp\/v2\/posts\/22142\/revisions"}],"predecessor-version":[{"id":22146,"href":"https:\/\/atecordoba.org\/index.php?rest_route=\/wp\/v2\/posts\/22142\/revisions\/22146"}],"wp:featuredmedia":[{"embeddable":true,"href":"https:\/\/atecordoba.org\/index.php?rest_route=\/wp\/v2\/media\/22144"}],"wp:attachment":[{"href":"https:\/\/atecordoba.org\/index.php?rest_route=%2Fwp%2Fv2%2Fmedia&parent=22142"}],"wp:term":[{"taxonomy":"category","embeddable":true,"href":"https:\/\/atecordoba.org\/index.php?rest_route=%2Fwp%2Fv2%2Fcategories&post=22142"},{"taxonomy":"post_tag","embeddable":true,"href":"https:\/\/atecordoba.org\/index.php?rest_route=%2Fwp%2Fv2%2Ftags&post=22142"}],"curies":[{"name":"wp","href":"https:\/\/api.w.org\/{rel}","templated":true}]}}