{"id":22131,"date":"2020-10-02T12:32:35","date_gmt":"2020-10-02T15:32:35","guid":{"rendered":"https:\/\/atecordoba.org\/?p=22131"},"modified":"2020-10-02T12:32:35","modified_gmt":"2020-10-02T15:32:35","slug":"bulnes-municipales-acuerdan-7-de-aumento-salarial-para-septiembre-y-acumulan-30-en-2020","status":"publish","type":"post","link":"https:\/\/atecordoba.org\/?p=22131","title":{"rendered":"Bulnes: municipales acuerdan 7% de aumento salarial para septiembre y acumulan 30% en 2020"},"content":{"rendered":"<p><img loading=\"lazy\" decoding=\"async\" class=\" wp-image-22129 aligncenter\" src=\"https:\/\/atecordoba.org\/wp-content\/uploads\/2020\/10\/bulnes.jpg\" alt=\"\" width=\"587\" height=\"329\" \/>El mi\u00e9rcoles pasado ATE celebr\u00f3 un acuerdo salarial para los salarios municipales de la localidad de Bulnes, que significa una recomposici\u00f3n del 7% para a cobrar con los sueldos del mes de septiembre.<\/p>\n<p>De esta forma, las y los trabajadores acumulan en el a\u00f1o un aumento salarial del 29.79%. El acta fue suscripta por el secretario General la seccional Adelia Mar\u00eda, Diego Villegas, el Adjunto, Roberto S\u00e1nchez , y la delegada de ATE Liliana Morales.<\/p>\n<p>Adem\u00e1s, ATE solicit\u00f3 la posibilidad de evaluar un 6% a pagarse de manera escalonada para octubre, noviembre y diciembre, a raz\u00f3n de 2% mensual.<\/p>\n<p>A los fines de dar cierre a la paritaria del a\u00f1o 2020 las partes se reunir\u00e1n en el mes de noviembre. Particip\u00f3 el Intendente Martin Toselli en representaci\u00f3n del Ejecutivo Municipal.<\/p>\n<p><img loading=\"lazy\" decoding=\"async\" class=\" wp-image-22130 aligncenter\" src=\"https:\/\/atecordoba.org\/wp-content\/uploads\/2020\/10\/acta_bulnes-169x300.jpeg\" alt=\"\" width=\"412\" height=\"731\" srcset=\"https:\/\/atecordoba.org\/wp-content\/uploads\/2020\/10\/acta_bulnes-169x300.jpeg 169w, https:\/\/atecordoba.org\/wp-content\/uploads\/2020\/10\/acta_bulnes-576x1024.jpeg 576w, https:\/\/atecordoba.org\/wp-content\/uploads\/2020\/10\/acta_bulnes.jpeg 585w\" sizes=\"auto, (max-width: 412px) 100vw, 412px\" \/><\/p>\n","protected":false},"excerpt":{"rendered":"<p>El mi\u00e9rcoles pasado ATE celebr\u00f3 un acuerdo salarial para los salarios municipales de la localidad de Bulnes, que significa una recomposici\u00f3n del 7% para a cobrar con los sueldos del mes de septiembre. De esta forma, las y los trabajadores acumulan en el a\u00f1o un aumento salarial del 29.79%. El acta fue suscripta por el [&hellip;]<\/p>\n","protected":false},"author":7,"featured_media":22129,"comment_status":"open","ping_status":"open","sticky":true,"template":"","format":"standard","meta":{"_exactmetrics_skip_tracking":false,"_exactmetrics_sitenote_active":false,"_exactmetrics_sitenote_note":"","_exactmetrics_sitenote_category":0,"jnews-multi-image_gallery":[],"jnews_single_post":{"source_name":"","source_url":"","via_name":"","via_url":"","override_template":"0","override":[{"template":"1","single_blog_custom":"","parallax":"1","fullscreen":"0","layout":"right-sidebar","sidebar":"default-sidebar","second_sidebar":"default-sidebar","sticky_sidebar":"1","share_position":"top","share_float_style":"share-monocrhome","show_share_counter":"1","show_view_counter":"1","show_featured":"1","show_post_meta":"1","show_post_author":"1","show_post_author_image":"1","show_post_date":"1","post_date_format":"default","post_date_format_custom":"Y\/m\/d","show_post_category":"1","show_post_reading_time":"0","post_reading_time_wpm":"300","show_zoom_button":"0","zoom_button_out_step":"2","zoom_button_in_step":"3","show_post_tag":"1","show_prev_next_post":"1","show_popup_post":"1","number_popup_post":"1","show_author_box":"0","show_post_related":"0","show_inline_post_related":"0"}],"override_image_size":"0","image_override":[{"single_post_thumbnail_size":"crop-500","single_post_gallery_size":"crop-500"}],"trending_post":"0","trending_post_position":"meta","trending_post_label":"Trending","sponsored_post":"0","sponsored_post_label":"Sponsored by","sponsored_post_name":"","sponsored_post_url":"","sponsored_post_logo_enable":"0","sponsored_post_logo":"","sponsored_post_desc":""},"jnews_primary_category":{"id":""},"jnews_social_meta":{"fb_title":"","fb_description":"","fb_image":"","twitter_title":"","twitter_description":"","twitter_image":""},"jnews_review":[],"enable_review":"0","type":"percentage","name":"","summary":"","brand":"","sku":"","good":[{"good_text":""}],"bad":[{"bad_text":""}],"score_override":"","override_value":"","rating":[{"rating_text":"","rating_number":"10"}],"price":[{"shop":"","price":"","link":"","icon":""}],"jnews_override_counter":{"override_view_counter":"0","view_counter_number":"0","override_share_counter":"0","share_counter_number":"0","override_like_counter":"0","like_counter_number":"0","override_dislike_counter":"0","dislike_counter_number":"0"},"jnews_post_split":{"enable_post_split":"0","post_split":[{"template":"1","tag":"h2","numbering":"asc","mode":"normal"}]},"footnotes":""},"categories":[149,20],"tags":[385,455],"class_list":["post-22131","post","type-post","status-publish","format-standard","has-post-thumbnail","hentry","category-adelia-maria","category-municipales","tag-aumento-salarial","tag-paritaria-2020"],"jetpack_featured_media_url":"https:\/\/atecordoba.org\/wp-content\/uploads\/2020\/10\/bulnes.jpg","_links":{"self":[{"href":"https:\/\/atecordoba.org\/index.php?rest_route=\/wp\/v2\/posts\/22131","targetHints":{"allow":["GET"]}}],"collection":[{"href":"https:\/\/atecordoba.org\/index.php?rest_route=\/wp\/v2\/posts"}],"about":[{"href":"https:\/\/atecordoba.org\/index.php?rest_route=\/wp\/v2\/types\/post"}],"author":[{"embeddable":true,"href":"https:\/\/atecordoba.org\/index.php?rest_route=\/wp\/v2\/users\/7"}],"replies":[{"embeddable":true,"href":"https:\/\/atecordoba.org\/index.php?rest_route=%2Fwp%2Fv2%2Fcomments&post=22131"}],"version-history":[{"count":1,"href":"https:\/\/atecordoba.org\/index.php?rest_route=\/wp\/v2\/posts\/22131\/revisions"}],"predecessor-version":[{"id":22132,"href":"https:\/\/atecordoba.org\/index.php?rest_route=\/wp\/v2\/posts\/22131\/revisions\/22132"}],"wp:featuredmedia":[{"embeddable":true,"href":"https:\/\/atecordoba.org\/index.php?rest_route=\/wp\/v2\/media\/22129"}],"wp:attachment":[{"href":"https:\/\/atecordoba.org\/index.php?rest_route=%2Fwp%2Fv2%2Fmedia&parent=22131"}],"wp:term":[{"taxonomy":"category","embeddable":true,"href":"https:\/\/atecordoba.org\/index.php?rest_route=%2Fwp%2Fv2%2Fcategories&post=22131"},{"taxonomy":"post_tag","embeddable":true,"href":"https:\/\/atecordoba.org\/index.php?rest_route=%2Fwp%2Fv2%2Ftags&post=22131"}],"curies":[{"name":"wp","href":"https:\/\/api.w.org\/{rel}","templated":true}]}}