{"id":22123,"date":"2020-10-02T11:41:07","date_gmt":"2020-10-02T14:41:07","guid":{"rendered":"https:\/\/atecordoba.org\/?p=22123"},"modified":"2020-10-02T12:46:53","modified_gmt":"2020-10-02T15:46:53","slug":"en-el-pico-de-la-pandemia-falta-personal-en-el-hospital-de-ninos","status":"publish","type":"post","link":"https:\/\/atecordoba.org\/?p=22123","title":{"rendered":"En el pico de la pandemia falta personal en el Hospital de Ni\u00f1os"},"content":{"rendered":"<p><img loading=\"lazy\" decoding=\"async\" class=\"wp-image-22126 aligncenter\" src=\"https:\/\/atecordoba.org\/wp-content\/uploads\/2020\/10\/Hospital-de-Ni\u00f1os-300x165.jpg\" alt=\"\" width=\"604\" height=\"332\" srcset=\"https:\/\/atecordoba.org\/wp-content\/uploads\/2020\/10\/Hospital-de-Ni\u00f1os-300x165.jpg 300w, https:\/\/atecordoba.org\/wp-content\/uploads\/2020\/10\/Hospital-de-Ni\u00f1os-768x422.jpg 768w, https:\/\/atecordoba.org\/wp-content\/uploads\/2020\/10\/Hospital-de-Ni\u00f1os-750x412.jpg 750w, https:\/\/atecordoba.org\/wp-content\/uploads\/2020\/10\/Hospital-de-Ni\u00f1os.jpg 1000w\" sizes=\"auto, (max-width: 604px) 100vw, 604px\" \/>El delegado de ATE del Hospital de Ni\u00f1os, Pablo Jodar, cedi\u00f3 una entrevista donde describi\u00f3 la dura realidad que atraviesa el nosocomio debido a la falta de personal que ostenta para la atenci\u00f3n de los pacientes en plena pandemia.<\/p>\n<figure id=\"attachment_22124\" aria-describedby=\"caption-attachment-22124\" style=\"width: 321px\" class=\"wp-caption alignright\"><img loading=\"lazy\" decoding=\"async\" class=\"wp-image-22124\" src=\"https:\/\/atecordoba.org\/wp-content\/uploads\/2020\/10\/pablo-jodar-224x300.png\" alt=\"\" width=\"321\" height=\"430\" srcset=\"https:\/\/atecordoba.org\/wp-content\/uploads\/2020\/10\/pablo-jodar-224x300.png 224w, https:\/\/atecordoba.org\/wp-content\/uploads\/2020\/10\/pablo-jodar.png 587w\" sizes=\"auto, (max-width: 321px) 100vw, 321px\" \/><figcaption id=\"caption-attachment-22124\" class=\"wp-caption-text\">El delegado Pablo Jodar.<\/figcaption><\/figure>\n<p>Consultado por Radio Presencia, Jodar acus\u00f3 a la Direcci\u00f3n del centro de salud de enga\u00f1ar y mentir a los trabajadores ya que desde el comienzo de la pandemia se comprometi\u00f3 a nombrar alrededor de 60 nuevos trabajadores para afrontar la subida de la demanda de atenci\u00f3n. &#8220;De 60 pasaron a anunciarnos 30 nuevos nombramientos de compa\u00f1eras y compa\u00f1eros. Pero hasta el momento no se nombr\u00f3 a nadie&#8221;, se\u00f1al\u00f3 el delegado.<\/p>\n<p>&#8220;Estamos muy complicados porque en realidad faltan 130 trabajadores, sin contar los licenciados por ser grupo de riesgo. Y del personal que tenemos hay muchos precarizados, e incluso cuatro o cinco personas en negro directamente&#8221;, alert\u00f3.<\/p>\n<p>La falta de personal se expresa en situaciones como que miembros del equipo de salud no se est\u00e1n tomando los 14 d\u00edas de aislamiento obligatorio por contacto estrecho con un contagio, sino que el aislamiento es solo de cinco o seis d\u00edas. &#8220;Los testeos a asintom\u00e1ticos se hacen una vez al mes con suerte cuando dijeron que iban a realizarse una vez a la semana. La situaci\u00f3n real es que el personal no da abasto, nos estamos enfermando todos. Pero no lo quieren entender ni la Direcci\u00f3n del hospital, ni el Ministerio de Salud, ni el Gobierno en general&#8221;, describi\u00f3 Jodar.<\/p>\n<figure id=\"attachment_22125\" aria-describedby=\"caption-attachment-22125\" style=\"width: 517px\" class=\"wp-caption aligncenter\"><img loading=\"lazy\" decoding=\"async\" class=\"wp-image-22125\" src=\"https:\/\/atecordoba.org\/wp-content\/uploads\/2020\/10\/asamblea-hosp-ni\u00f1os-300x169.jpg\" alt=\"\" width=\"517\" height=\"291\" srcset=\"https:\/\/atecordoba.org\/wp-content\/uploads\/2020\/10\/asamblea-hosp-ni\u00f1os-300x169.jpg 300w, https:\/\/atecordoba.org\/wp-content\/uploads\/2020\/10\/asamblea-hosp-ni\u00f1os-1024x577.jpg 1024w, https:\/\/atecordoba.org\/wp-content\/uploads\/2020\/10\/asamblea-hosp-ni\u00f1os-768x433.jpg 768w, https:\/\/atecordoba.org\/wp-content\/uploads\/2020\/10\/asamblea-hosp-ni\u00f1os-750x422.jpg 750w, https:\/\/atecordoba.org\/wp-content\/uploads\/2020\/10\/asamblea-hosp-ni\u00f1os-1140x642.jpg 1140w, https:\/\/atecordoba.org\/wp-content\/uploads\/2020\/10\/asamblea-hosp-ni\u00f1os.jpg 1280w\" sizes=\"auto, (max-width: 517px) 100vw, 517px\" \/><figcaption id=\"caption-attachment-22125\" class=\"wp-caption-text\">Asamblea de trabajadores del Hospital de Ni\u00f1os (archivo).<\/figcaption><\/figure>\n<p>A su vez, las y los trabajadores reclaman la urgente apertura de la mesa salarial. &#8220;Ac\u00e1 los sueldos se definen con entre el gobierno y su gremio amigo, entre los dos que destrozaron nuestro salario durante d\u00e9cadas. Adem\u00e1s faltan insumos elementales como jabones en los ba\u00f1os que usan las familias de los pacientes. O tenemos roto el tom\u00f3grafo, as\u00ed que trasladamos a los pacientes al instituto oncol\u00f3gico para hacerles los estudios, con todo el riesgo que implica manipular pacientes de los lado al otro en estos momentos. Si les reclam\u00e1s te responden que &#8216;si no te gusta andate&#8217;. Nos terminan castigando nuestros propios empleadores&#8221;, complet\u00f3 el delegado.<\/p>\n<p>&nbsp;<\/p>\n<p>&nbsp;<\/p>\n","protected":false},"excerpt":{"rendered":"<p>El delegado de ATE del Hospital de Ni\u00f1os, Pablo Jodar, cedi\u00f3 una entrevista donde describi\u00f3 la dura realidad que atraviesa el nosocomio debido a la falta de personal que ostenta para la atenci\u00f3n de los pacientes en plena pandemia. Consultado por Radio Presencia, Jodar acus\u00f3 a la Direcci\u00f3n del centro de salud de enga\u00f1ar y [&hellip;]<\/p>\n","protected":false},"author":7,"featured_media":22126,"comment_status":"open","ping_status":"open","sticky":false,"template":"","format":"standard","meta":{"_exactmetrics_skip_tracking":false,"_exactmetrics_sitenote_active":false,"_exactmetrics_sitenote_note":"","_exactmetrics_sitenote_category":0,"jnews-multi-image_gallery":[],"jnews_single_post":{"source_name":"","source_url":"","via_name":"","via_url":"","override_template":"0","override":[{"template":"1","single_blog_custom":"","parallax":"1","fullscreen":"0","layout":"right-sidebar","sidebar":"default-sidebar","second_sidebar":"default-sidebar","sticky_sidebar":"1","share_position":"top","share_float_style":"share-monocrhome","show_share_counter":"1","show_view_counter":"1","show_featured":"1","show_post_meta":"1","show_post_author":"1","show_post_author_image":"1","show_post_date":"1","post_date_format":"default","post_date_format_custom":"Y\/m\/d","show_post_category":"1","show_post_reading_time":"0","post_reading_time_wpm":"300","show_zoom_button":"0","zoom_button_out_step":"2","zoom_button_in_step":"3","show_post_tag":"1","show_prev_next_post":"1","show_popup_post":"1","number_popup_post":"1","show_author_box":"0","show_post_related":"0","show_inline_post_related":"0"}],"override_image_size":"0","image_override":[{"single_post_thumbnail_size":"crop-500","single_post_gallery_size":"crop-500"}],"trending_post":"0","trending_post_position":"meta","trending_post_label":"Trending","sponsored_post":"0","sponsored_post_label":"Sponsored by","sponsored_post_name":"","sponsored_post_url":"","sponsored_post_logo_enable":"0","sponsored_post_logo":"","sponsored_post_desc":""},"jnews_primary_category":{"id":""},"jnews_social_meta":{"fb_title":"","fb_description":"","fb_image":"","twitter_title":"","twitter_description":"","twitter_image":""},"jnews_review":[],"enable_review":"0","type":"percentage","name":"","summary":"","brand":"","sku":"","good":[{"good_text":""}],"bad":[{"bad_text":""}],"score_override":"","override_value":"","rating":[{"rating_text":"","rating_number":"10"}],"price":[{"shop":"","price":"","link":"","icon":""}],"jnews_override_counter":{"override_view_counter":"0","view_counter_number":"0","override_share_counter":"0","share_counter_number":"0","override_like_counter":"0","like_counter_number":"0","override_dislike_counter":"0","dislike_counter_number":"0"},"jnews_post_split":{"enable_post_split":"0","post_split":[{"template":"1","tag":"h2","numbering":"asc","mode":"normal"}]},"footnotes":""},"categories":[104,8],"tags":[476,486],"class_list":["post-22123","post","type-post","status-publish","format-standard","has-post-thumbnail","hentry","category-departamento-de-salud","category-provinciales","tag-equipos-de-salud","tag-falta-de-personal"],"jetpack_featured_media_url":"https:\/\/atecordoba.org\/wp-content\/uploads\/2020\/10\/Hospital-de-Ni\u00f1os.jpg","_links":{"self":[{"href":"https:\/\/atecordoba.org\/index.php?rest_route=\/wp\/v2\/posts\/22123","targetHints":{"allow":["GET"]}}],"collection":[{"href":"https:\/\/atecordoba.org\/index.php?rest_route=\/wp\/v2\/posts"}],"about":[{"href":"https:\/\/atecordoba.org\/index.php?rest_route=\/wp\/v2\/types\/post"}],"author":[{"embeddable":true,"href":"https:\/\/atecordoba.org\/index.php?rest_route=\/wp\/v2\/users\/7"}],"replies":[{"embeddable":true,"href":"https:\/\/atecordoba.org\/index.php?rest_route=%2Fwp%2Fv2%2Fcomments&post=22123"}],"version-history":[{"count":3,"href":"https:\/\/atecordoba.org\/index.php?rest_route=\/wp\/v2\/posts\/22123\/revisions"}],"predecessor-version":[{"id":22135,"href":"https:\/\/atecordoba.org\/index.php?rest_route=\/wp\/v2\/posts\/22123\/revisions\/22135"}],"wp:featuredmedia":[{"embeddable":true,"href":"https:\/\/atecordoba.org\/index.php?rest_route=\/wp\/v2\/media\/22126"}],"wp:attachment":[{"href":"https:\/\/atecordoba.org\/index.php?rest_route=%2Fwp%2Fv2%2Fmedia&parent=22123"}],"wp:term":[{"taxonomy":"category","embeddable":true,"href":"https:\/\/atecordoba.org\/index.php?rest_route=%2Fwp%2Fv2%2Fcategories&post=22123"},{"taxonomy":"post_tag","embeddable":true,"href":"https:\/\/atecordoba.org\/index.php?rest_route=%2Fwp%2Fv2%2Ftags&post=22123"}],"curies":[{"name":"wp","href":"https:\/\/api.w.org\/{rel}","templated":true}]}}