{"id":22102,"date":"2020-10-01T19:10:27","date_gmt":"2020-10-01T22:10:27","guid":{"rendered":"https:\/\/atecordoba.org\/?p=22102"},"modified":"2020-10-01T19:12:48","modified_gmt":"2020-10-01T22:12:48","slug":"el-teletrabajo-un-nuevo-escalon-que-profundiza-la-precarizacion-laboral","status":"publish","type":"post","link":"https:\/\/atecordoba.org\/?p=22102","title":{"rendered":"El &#8216;teletrabajo&#8217;, un nuevo escal\u00f3n que profundiza la precarizaci\u00f3n laboral"},"content":{"rendered":"<p><img loading=\"lazy\" decoding=\"async\" class=\" wp-image-22110 aligncenter\" src=\"https:\/\/atecordoba.org\/wp-content\/uploads\/2020\/10\/120135807_3772832596094186_5928091398835017575_o-300x206.jpg\" alt=\"\" width=\"602\" height=\"413\" srcset=\"https:\/\/atecordoba.org\/wp-content\/uploads\/2020\/10\/120135807_3772832596094186_5928091398835017575_o-300x206.jpg 300w, https:\/\/atecordoba.org\/wp-content\/uploads\/2020\/10\/120135807_3772832596094186_5928091398835017575_o-1024x703.jpg 1024w, https:\/\/atecordoba.org\/wp-content\/uploads\/2020\/10\/120135807_3772832596094186_5928091398835017575_o-768x527.jpg 768w, https:\/\/atecordoba.org\/wp-content\/uploads\/2020\/10\/120135807_3772832596094186_5928091398835017575_o-750x515.jpg 750w, https:\/\/atecordoba.org\/wp-content\/uploads\/2020\/10\/120135807_3772832596094186_5928091398835017575_o-1140x783.jpg 1140w, https:\/\/atecordoba.org\/wp-content\/uploads\/2020\/10\/120135807_3772832596094186_5928091398835017575_o.jpg 1510w\" sizes=\"auto, (max-width: 602px) 100vw, 602px\" \/>Frente al ordenamiento que impuso la pandemia sobre la vida laboral de las y los trabajadores, el Consejo Directivo Provincial de ATE C\u00f3rdoba realiz\u00f3 el lunes pasado una charla debate virtual donde se abord\u00f3 la nueva realidad que significa el trabajo a distancia, mal llamado &#8216;teletrabajo&#8217;, para las y los estatales.<\/p>\n<p>Coordinada por la secretaria de Prensa del CDP, Julia Giuliani, la actividad se desarroll\u00f3 alrededor de las caracter\u00edsticas que definen el trabajo a distancia, el impacto en la vida familiar toda vez que se trata de una modalidad a domicilio, la normativa que la regula, la p\u00e9rdida de derechos y la sobrecarga laboral que implica, as\u00ed como cu\u00e1l debe ser el papel de ATE en este nuevo panorama.<\/p>\n<p>En la oportunidad, participaron como panelistas la secretaria General del CDP de Santa Cruz, Olga Reinoso, la secretaria Administrativa de la seccional ATE Rosario, Sandra Silvetti, y la secretaria de Actas del CDP C\u00f3rdoba, Mar\u00eda Sotti.<\/p>\n<p>Dado que por el horario del taller de formaci\u00f3n se superpuso con el Pa\u00f1uelazo Nacional de la Campa\u00f1a por el Aborto Seguro y Gratuito, las y los compa\u00f1eros presentes realizaron el Pa\u00f1uelazo durante el zoom, resaltando en palabras de la compa\u00f1era Silvetti que &#8220;el aborto \u00a0es una cuesti\u00f3n de salud p\u00fablica, una pol\u00edtica que el Estado tiene que tomar y esperemos que sea ley. La clandestinidad no salva vidas sino todo lo contrario por eso el aborto es un derecho de las mujeres para decidir su propio cuerpo y su salud&#8221;.<\/p>\n<p>En ese sentido, y para lanzar la charla, Giuliani describi\u00f3 que &#8220;cre\u00edamos que la pandemia iba a durar menos. Por eso es m\u00e1s necesario tener las reglas claras el tiempo que esto dure sobre el trabajo a distancia. Esta formaci\u00f30n nos ayuda mucho para aprender sobre conceptos como el derecho a la desconexi\u00f3n, el papel de las ART para saber cu\u00e1l es la cobertura mientras se trabaja en el hogar. Muchas de nosotras tenemos tareas productivas y reproductivas, m\u00e1s la militancia, suman triple tarea para las mujeres&#8221;.<\/p>\n<p><strong>Pandemia y nueva vida laboral<\/strong><\/p>\n<p>El taller comenz\u00f3 con la exposici\u00f3n de Olga Reinoso, que desde Santa Cruz inici\u00f3 diciendo que &#8220;el teletrabajo es una modalidad que no est\u00e1 incluida en el convenio colectivo de trabajo y que requiere un debate m\u00e1s extenso que el debate liviano que se pretendi\u00f3 dar en el Congreso Nacional&#8221;.<\/p>\n<p>&#8220;Esta pandemia modific\u00f3 la vida cotidiana de las y los trabajadores, tanto por las cuarentenas y los aislamientos prolongados que nos obligan a estar dentro de casa como en cuanto medida sanitaria. Los distintos DNU como el 260 que ampliaron la cuarentena y el aislamiento, al igual que la resoluci\u00f3n del Ministerio de Trabajo que suspende de la concurrencia al sector de trabajo, m\u00e1s la posterior obligaci\u00f3n de aislamiento a los grupos de riesgo por el decreto 297, son normativas que se incorporaron en la medida que se fue prolongando la pandemia. El decreto 367 reconoce como enfermedad laboral al Covid 19 y obliga a las ART a dar cobertura, se establecieron licencias&#8221;, destac\u00f3 la dirigente.<\/p>\n<p>Pero Aclar\u00f3 que &#8220;solo el 20% de los y las estatales accedieron a las licencias por atenci\u00f3n de ni\u00f1os en edad escolar y un 5% tiene otro tipo de licencias. El 75% contin\u00faa trabajando en cuarentena realizando tareas. De ello, un quinto realiza tareas esenciales, el resto realizando tareas desde la casa e incorporando el trabajo remoto, donde la m\u00e1s perjudicada somos las mujeres. Un grupo importante que se ocupa de las tareas de cuidado, desde el confinamiento a tiempo completo, donde se superpone el trabajo remoto con la tarea de cuidado en el hogar. De esta forma, sucede que las y los trabajadores en esta situaci\u00f3n extienden sus jornadas cuatro horas m\u00e1s&#8221;.<\/p>\n<p>Las cifras son una recopilaci\u00f3n realizada en base a datos de ATE, junto a un comparativo de la legislaci\u00f3n en Latinoam\u00e9rica. &#8220;Desde el 96 le convenio de la OIT 177 que habilita el trabajo en el domicilio. All\u00ed aparece la palabra \u2018ocasional\u2019. Luego, la resoluci\u00f3n 1552\/2016\u00a0 de la Superintendencia de Riesgos de Trabajo establece que el teletrabajo es \u2018la ejecuci\u00f3n de actos, obras o prestaci\u00f3n de servicios realizados total o parcialmente en el domicilio del trabajador, o en lugar distinto al habitual, con tecnolog\u00eda, informaci\u00f3n y comunicaciones distintas a las habituales\u2019. Por lo tanto, el teletrabajo es una modalidad del trabajo que se instala sin regulaci\u00f3n y nos pone en contradicci\u00f3n porque nos obliga a discutir a la baja derechos de los trabajadores&#8221;, dijo Reynoso.<\/p>\n<p>&#8220;En el marco del aislamiento aspo, el teletrabajo es una modalidad de emergencia. En Santa Cruz no est\u00e1 reglamentada en el convenio y nosotros lo descartamos absolutamente. Obviamente nosotros lo rechazamos porque pretende establecer acuerdos voluntarios, que claramente no lo son. As\u00ed, en este contexto de aislamiento, se establece la obligatoriedad de realizar el teletrabajo pero hay varias cosas a tener en cuenta: primero, regular la jornada de trabajo que limite las llamadas y los correos electr\u00f3nicos a horarios que tiene que estar adaptados a la situaci\u00f3n de compa\u00f1eras y compa\u00f1eros que acepten voluntariamente hacerlo, ya que la superposici\u00f3n de la vida familiar y laboral interfiere en el desempe\u00f1o por lo que es necesario establecer la excepcionalidad de esta modalidad de trabajo&#8221;, continu\u00f3 la dirigente patag\u00f3nica.<\/p>\n<p>&#8220;Otro aspecto -se\u00f1al\u00f3- es la brecha digital a partir de la conectividad, de los recursos tecnol\u00f3gicos que pone el y la compa\u00f1era, ya que no se est\u00e1 dando el recurso desde la patronal. Al mismo tiempo se pide la suspensi\u00f3n de la evaluaci\u00f3n, al no est\u00e1 reglamentada la modalidad, para ning\u00fan tipo de ascenso o recategorizaciones o pases a planta&#8221;<\/p>\n<p>&#8220;Esta modalidad de trabajo profundiza las desigualdades y visibiliza a\u00fan m\u00e1s las precariedades con que las y los trabajadores estamos prestando servicio. La crisis genera un fuerte impacto en la sobrecarga de tareas y de manera potenciada a las compa\u00f1eras mujeres por eso estos debates vienen a poner un marco para fijar la posici\u00f3n de los trabajadores del Estado, en tanto crisis de Covid.\u00a0 Nos quieren plantear que hay bondades con esta modalidad, cuando pone a tiempo completo la superposici\u00f3n de dos tareas.\u00a0 Dicen que se acorta la cadena de cuidado, que estamos m\u00e1s tiempo en casa, que no gastamos tiempo en viajar al lugar de trabajo, y nosotros decimos que hay una superposici\u00f3n tanto del trabajo productivo como del reproductivo&#8221;, acus\u00f3 Reinoso.<img loading=\"lazy\" decoding=\"async\" class=\" wp-image-22111 aligncenter\" src=\"https:\/\/atecordoba.org\/wp-content\/uploads\/2020\/10\/120130742_3772831419427637_8222824676091185516_o-4-300x210.jpg\" alt=\"\" width=\"598\" height=\"419\" srcset=\"https:\/\/atecordoba.org\/wp-content\/uploads\/2020\/10\/120130742_3772831419427637_8222824676091185516_o-4-300x210.jpg 300w, https:\/\/atecordoba.org\/wp-content\/uploads\/2020\/10\/120130742_3772831419427637_8222824676091185516_o-4-1024x715.jpg 1024w, https:\/\/atecordoba.org\/wp-content\/uploads\/2020\/10\/120130742_3772831419427637_8222824676091185516_o-4-768x537.jpg 768w, https:\/\/atecordoba.org\/wp-content\/uploads\/2020\/10\/120130742_3772831419427637_8222824676091185516_o-4-750x524.jpg 750w, https:\/\/atecordoba.org\/wp-content\/uploads\/2020\/10\/120130742_3772831419427637_8222824676091185516_o-4-1140x797.jpg 1140w, https:\/\/atecordoba.org\/wp-content\/uploads\/2020\/10\/120130742_3772831419427637_8222824676091185516_o-4.jpg 1520w\" sizes=\"auto, (max-width: 598px) 100vw, 598px\" \/><\/p>\n<p>Y profundiz\u00f3 asegurando que &#8220;teniendo en cuenta que el rol del cuidado queda a cargo de las mujeres, tanto los cuidados de ni\u00f1os como de los adultos mayores, las personas enfermas o con discapacidad.\u00a0 A eso se suman las tareas escolares, que llevan mucho tiempo sentados frente a los dispositivos, adem\u00e1s del que ya usamos en nuestro rol como trabajadores. Hay un estudio realizado por trabajadores de Conicet de la UNC, que dice que las tareas que realizan las compa\u00f1eras se suman a los cuidados de tiempo completo. Como resultado de ello se pierden entre una y tres horas de sue\u00f1o: perdemos nuestra autonom\u00eda en la organizaci\u00f3n del tiempo.&#8221;<\/p>\n<p><strong>La normativa<\/strong><\/p>\n<p>Seguidamente tom\u00f3 la palabra Mar\u00eda Sotti. &#8220;La denominaci\u00f3n de \u2018teletrabajo\u2019 viene de la mano de la patronal, desde la perspectiva tecnocr\u00e1tica, afirmando que las tecnolog\u00edas irrumpieron y que hay que adaptar nuevas condiciones de trabajo a esa realidad. Desde los \u201990 se vienen digitalizando diversas tareas laborales y all\u00ed, en la relaci\u00f3n capital trabajo, el capital pretende avanzar sobre derechos de los trabajadores&#8221;, comenz\u00f3 describiendo.<\/p>\n<p>En tal sentido dijo que &#8220;las y los trabajadores no elegimos ni el espacio de trabajo ni las herramientas que vamos a utilizar. Pero est\u00e1 claro que ponemos esas herramientas, que est\u00e1n siendo financiadas desde el salario del trabajador.\u00a0Con la pandemia nos encontramos frente a un estado de excepci\u00f3n en lo laboral pero nuestros trabajos no est\u00e1n en estado de excepci\u00f3n, sino que por el contrario significa una avanzada contra nuestros derechos&#8221;.<\/p>\n<p>La secretaria de Actas del CDP, a su vez que trabajadora del Ministerio de Trabajo, denunci\u00f3 que &#8220;el trabajo a distancia se vende como la panacea de la deslocalizaci\u00f3n del trabajo, que nos dar\u00eda la posibilidad de hacerlo desde cualquier lugar. Pero para las familias de los estatales fue toda una adaptaci\u00f3n que incluy\u00f3 espacios dentro de la vivienda destinados a ser oficina, lo que implica que las condiciones y medio ambiente de trabajo, en tanto lo establecen las normativas internas y la propia OIT, est\u00e1n siendo puestas en suspenso mientras generamos valor a trav\u00e9s de nuestro trabajo&#8221;.<\/p>\n<p>Y agreg\u00f3: &#8220;con el trabajo remoto no se reconocen las horas extras, adem\u00e1s que estamos todo el tiempo dando cuenta que estamos disponibles&#8221;.<\/p>\n<p>Sotti organiz\u00f3 la caracter\u00edsticas del trabajo a distancia seg\u00fan cuatro puntos:<\/p>\n<ul>\n<li>&#8220;La deslocalizaci\u00f3n acent\u00faa el individualismo de los trabajadores, al estar mediados todo el d\u00eda por la tecnolog\u00eda y sin compartir un espacio de trabajo. \u00a0No podemos socializar sobre las cosas que nos faltan&#8221;.<\/li>\n<li>&#8220;Se genera un desdibujamiento de lo dom\u00e9stico, en detrimento de las trabajadoras, agregando doble o triple jornada laboral, por la suma del trabajo productivo y reproductivo&#8221;.<\/li>\n<li>&#8220;Esta precarizaci\u00f3n tambi\u00e9n pone en cuesti\u00f3n el derecho a un salario digno&#8221;.<\/li>\n<li>&#8220;Las condiciones de excepcionalidad se imponen de manera arbitraria&#8221;.<\/li>\n<\/ul>\n<p>Por \u00faltimo agreg\u00f3 que &#8220;el marco normativo, la ley 27555, est\u00e1 destinado al sector privado pero va terminar siendo el paraguas donde las y los estatales vamos a discutir y prepararnos de cara al futuro, si bien aun no est\u00e1 reglamentada. La ley se queda corta al no garantizar la estabilidad en el empleo ni establecer la corresponsabilidad en el cuidado de hijas e hijos. Por eso es peligroso que una ley no solo aten\u00fae las disparidades entre hombre y mujeres sino que tambi\u00e9n las profundice&#8221;.<\/p>\n<p><strong>El rol de ATE<\/strong><\/p>\n<p>Por \u00faltimo, Sandra Silvetti, termin\u00f3 el tramo de las exposiciones apuntando desde el inicio que conceptualmente &#8220;el teletrabajo es el avance del capital sobre los derechos de las y los trabajadores.\u00a0Lo que preocupa de las nuevas modalidades de trabajo es que lo plantearon primero como optativo y despu\u00e9s qued\u00f3 establecido. De esta forma, el patr\u00f3n irrumpe dentro del hogar, en domicilios donde no hab\u00eda buena conexi\u00f3n de internet o donde hay una computadora para toda la familia, donde se reduce el espacio para estar en la casa. No es como la mirada romantizada que nos vende el capital sobre trabajar en la casa, mostr\u00e1ndolo como algo beneficioso&#8221;.<\/p>\n<p>La dirigente rosarina dijo que &#8220;nuestro desaf\u00edo es organizarnos para contrarrestar esto. La ley no se va a aplicar hasta despu\u00e9s que termine el aislamiento social, preventivo y obligatorio (ASPO). Adem\u00e1s, no hay recomposiciones salariales, el trabajador debe procurarse la conexi\u00f3n de internet o de mejorarla en el caso de que sea de mala calidad. Lo mismo con los dispositivos tecnol\u00f3gicos&#8221;.<\/p>\n<p>Y consider\u00f3 que &#8220;como organizaci\u00f3n sindical, si el teletrabajo vino para quedarse, hay que hacer lo suficiente para que logremos defender los derechos de las y los compa\u00f1eros y no permitir que el capital avance sobre esto. Es el desaf\u00edo de organizarnos desde la solidaridad&#8221;.<\/p>\n<p>Porque asegur\u00f3 que &#8220;con la pandemia avanz\u00f3 la precarizaci\u00f3n en el Estado nacional y provincial. Y tiene cara de mujer. Tenemos que luchar contra la naturalizaci\u00f3n de esta situaci\u00f3n y del cada vez mayor alejamiento de nuestros sueldos del salario m\u00ednimo vital y m\u00f3vil. Tampoco debemos naturalizar que por el hecho de ser estatales debemos ser trabajadores pobres y cobrar salarios por debajo de la l\u00ednea de la pobreza&#8221;.<\/p>\n<p>Por eso concluy\u00f3 analizando que &#8220;esto no tiene que ser el fin del derecho de los trabajadores. As\u00ed y todo, la otra cosa que deja esta pandemia es que los estatales a pesar de todo este cuadro seguidos dando respuesta, con nuestros recursos, estando presentes frente a la demanda de un pueblo que necesita que le cubran muchas carencias.\u00a0Ser\u00e1 entonces la lucha contra la precarizaci\u00f3n la nueva etapa que nos toca como organizaci\u00f3n. Si el teletrabajo vino para quedarse, que sea por excepci\u00f3n y no la regla&#8221;.<\/p>\n","protected":false},"excerpt":{"rendered":"<p>Frente al ordenamiento que impuso la pandemia sobre la vida laboral de las y los trabajadores, el Consejo Directivo Provincial de ATE C\u00f3rdoba realiz\u00f3 el lunes pasado una charla debate virtual donde se abord\u00f3 la nueva realidad que significa el trabajo a distancia, mal llamado &#8216;teletrabajo&#8217;, para las y los estatales. Coordinada por la secretaria [&hellip;]<\/p>\n","protected":false},"author":7,"featured_media":22110,"comment_status":"open","ping_status":"open","sticky":true,"template":"","format":"standard","meta":{"_exactmetrics_skip_tracking":false,"_exactmetrics_sitenote_active":false,"_exactmetrics_sitenote_note":"","_exactmetrics_sitenote_category":0,"jnews-multi-image_gallery":[],"jnews_single_post":{"source_name":"","source_url":"","via_name":"","via_url":"","override_template":"0","override":[{"template":"1","single_blog_custom":"","parallax":"1","fullscreen":"0","layout":"right-sidebar","sidebar":"default-sidebar","second_sidebar":"default-sidebar","sticky_sidebar":"1","share_position":"top","share_float_style":"share-monocrhome","show_share_counter":"1","show_view_counter":"1","show_featured":"1","show_post_meta":"1","show_post_author":"1","show_post_author_image":"1","show_post_date":"1","post_date_format":"default","post_date_format_custom":"Y\/m\/d","show_post_category":"1","show_post_reading_time":"0","post_reading_time_wpm":"300","show_zoom_button":"0","zoom_button_out_step":"2","zoom_button_in_step":"3","show_post_tag":"1","show_prev_next_post":"1","show_popup_post":"1","number_popup_post":"1","show_author_box":"0","show_post_related":"0","show_inline_post_related":"0"}],"override_image_size":"0","image_override":[{"single_post_thumbnail_size":"crop-500","single_post_gallery_size":"crop-500"}],"trending_post":"0","trending_post_position":"meta","trending_post_label":"Trending","sponsored_post":"0","sponsored_post_label":"Sponsored by","sponsored_post_name":"","sponsored_post_url":"","sponsored_post_logo_enable":"0","sponsored_post_logo":"","sponsored_post_desc":""},"jnews_primary_category":{"id":""},"jnews_social_meta":{"fb_title":"","fb_description":"","fb_image":"","twitter_title":"","twitter_description":"","twitter_image":""},"jnews_review":[],"enable_review":"0","type":"percentage","name":"","summary":"","brand":"","sku":"","good":[{"good_text":""}],"bad":[{"bad_text":""}],"score_override":"","override_value":"","rating":[{"rating_text":"","rating_number":"10"}],"price":[{"shop":"","price":"","link":"","icon":""}],"jnews_override_counter":{"override_view_counter":"0","view_counter_number":"0","override_share_counter":"0","share_counter_number":"0","override_like_counter":"0","like_counter_number":"0","override_dislike_counter":"0","dislike_counter_number":"0"},"jnews_post_split":{"enable_post_split":"0","post_split":[{"template":"1","tag":"h2","numbering":"asc","mode":"normal"}]},"footnotes":""},"categories":[341,88,346],"tags":[580,579],"class_list":["post-22102","post","type-post","status-publish","format-standard","has-post-thumbnail","hentry","category-cdp","category-formacion","category-prensa-y-comunicacion","tag-teletrabajo","tag-trabajo-a-distancia"],"jetpack_featured_media_url":"https:\/\/atecordoba.org\/wp-content\/uploads\/2020\/10\/120135807_3772832596094186_5928091398835017575_o.jpg","_links":{"self":[{"href":"https:\/\/atecordoba.org\/index.php?rest_route=\/wp\/v2\/posts\/22102","targetHints":{"allow":["GET"]}}],"collection":[{"href":"https:\/\/atecordoba.org\/index.php?rest_route=\/wp\/v2\/posts"}],"about":[{"href":"https:\/\/atecordoba.org\/index.php?rest_route=\/wp\/v2\/types\/post"}],"author":[{"embeddable":true,"href":"https:\/\/atecordoba.org\/index.php?rest_route=\/wp\/v2\/users\/7"}],"replies":[{"embeddable":true,"href":"https:\/\/atecordoba.org\/index.php?rest_route=%2Fwp%2Fv2%2Fcomments&post=22102"}],"version-history":[{"count":3,"href":"https:\/\/atecordoba.org\/index.php?rest_route=\/wp\/v2\/posts\/22102\/revisions"}],"predecessor-version":[{"id":22114,"href":"https:\/\/atecordoba.org\/index.php?rest_route=\/wp\/v2\/posts\/22102\/revisions\/22114"}],"wp:featuredmedia":[{"embeddable":true,"href":"https:\/\/atecordoba.org\/index.php?rest_route=\/wp\/v2\/media\/22110"}],"wp:attachment":[{"href":"https:\/\/atecordoba.org\/index.php?rest_route=%2Fwp%2Fv2%2Fmedia&parent=22102"}],"wp:term":[{"taxonomy":"category","embeddable":true,"href":"https:\/\/atecordoba.org\/index.php?rest_route=%2Fwp%2Fv2%2Fcategories&post=22102"},{"taxonomy":"post_tag","embeddable":true,"href":"https:\/\/atecordoba.org\/index.php?rest_route=%2Fwp%2Fv2%2Ftags&post=22102"}],"curies":[{"name":"wp","href":"https:\/\/api.w.org\/{rel}","templated":true}]}}