{"id":22084,"date":"2020-10-01T10:36:49","date_gmt":"2020-10-01T13:36:49","guid":{"rendered":"https:\/\/atecordoba.org\/?p=22084"},"modified":"2020-10-01T10:40:19","modified_gmt":"2020-10-01T13:40:19","slug":"6-de-octubre-jornada-nacional-de-lucha-con-paros-desconexiones-y-movilizaciones","status":"publish","type":"post","link":"https:\/\/atecordoba.org\/?p=22084","title":{"rendered":"6 de octubre: Jornada Nacional de Lucha con paros, desconexiones y movilizaciones"},"content":{"rendered":"<p style=\"font-weight: 400;\"><span style=\"font-style: inherit; font-weight: inherit;\"><img loading=\"lazy\" decoding=\"async\" class=\"alignnone size-thumbnail wp-image-22085\" src=\"https:\/\/atecordoba.org\/wp-content\/uploads\/2020\/10\/120130742_3772831419427637_8222824676091185516_o-2-150x150.jpg\" alt=\"\" width=\"150\" height=\"150\" srcset=\"https:\/\/atecordoba.org\/wp-content\/uploads\/2020\/10\/120130742_3772831419427637_8222824676091185516_o-2-150x150.jpg 150w, https:\/\/atecordoba.org\/wp-content\/uploads\/2020\/10\/120130742_3772831419427637_8222824676091185516_o-2-75x75.jpg 75w\" sizes=\"auto, (max-width: 150px) 100vw, 150px\" \/><\/span><\/p>\n<p style=\"font-weight: 400;\"><span style=\"font-style: inherit; font-weight: inherit;\">Tras cuatro horas de plenario, del cual participaron 354 compa\u00f1eras y compa\u00f1eros de la mayor\u00eda de las provincias, se resolvi\u00f3 realizar el pr\u00f3ximo martes 6 de octubre una jornada Nacional de Lucha con paros, asambleas, desconexiones y movilizaciones en todo el pa\u00eds. En la Ciudad de Buenos Aires se llevar\u00e1 a cabo una caravana desde el Obelisco al Congreso de la Naci\u00f3n.<\/span><\/p>\n<p style=\"font-weight: 400;\"><span style=\"font-style: inherit; font-weight: inherit;\">Tras la reuni\u00f3n paritaria llevada a cabo en el d\u00eda de ayer, y luego de rechazar el aumento del 7% para las y los trabajadores del Estado Nacional, el Secretariado nacional se reuni\u00f3 con el fin de avanzar con una jornada de lucha nacional. La propuesta se puso a disposici\u00f3n en el plenario de delegadxs nacionales del pasado mi\u00e9rcoles y fue aprobada por el 98% de los presentes.<\/span><\/p>\n<p style=\"font-weight: 400;\"><span style=\"font-style: inherit; font-weight: inherit;\">Adem\u00e1s, de la jornada de lucha, se ratific\u00f3 todos los reclamos de los y las trabajadoras estatales que se anunciaron en el plenario de la semana pasada y los que se plantearon hoy.<\/span><\/p>\n<p style=\"font-weight: 400;\"><span style=\"font-style: inherit; font-weight: inherit;\">Tambi\u00e9n se anunci\u00f3 que se convocar\u00e1 a todos los gremios estatales para que se sumen a las medidas de fuerza el pr\u00f3ximo 6 de octubre, entre ellos ya hay avances con Fesprosa y Conadu Hist\u00f3rica que forman parte de la CTA Aut\u00f3noma.<\/span><\/p>\n<p style=\"font-weight: 400;\"><span style=\"font-style: inherit; font-weight: inherit;\">Junto a esos puntos se aprob\u00f3 la solidaridad con la familia de Iara, la joven asesinada recientemente en Jujuy y el apoyo de las y los compa\u00f1eros que se encuentran movilizados en dicha provincia; y el reclamo de la aparici\u00f3n de dos adolescentes que se encuentran desaparecidas tambi\u00e9n en Jujuy. EL repudio del espionaje ilegal que sufrieron compa\u00f1eros de ATE y distintas organizaciones populares. El respaldo de la movilizaci\u00f3n y el paro de ma\u00f1ana 1\u00ba de octubre de lxs trabajadorxs de la Salud de la Ciudad Aut\u00f3noma de Buenos Aires y el repudio a la represi\u00f3n que sufrieron la semana pasada. \u00a0Y la solidaridad a las familias que se encuentran asentadas en los terrenos de Guernica en defensa de su derecho a la vivienda y a la tierra y el repudio a cualquier intento de desalojo.<\/span><\/p>\n","protected":false},"excerpt":{"rendered":"<p>Tras cuatro horas de plenario, del cual participaron 354 compa\u00f1eras y compa\u00f1eros de la mayor\u00eda de las provincias, se resolvi\u00f3 realizar el pr\u00f3ximo martes 6 de octubre una jornada Nacional de Lucha con paros, asambleas, desconexiones y movilizaciones en todo el pa\u00eds. En la Ciudad de Buenos Aires se llevar\u00e1 a cabo una caravana desde [&hellip;]<\/p>\n","protected":false},"author":3,"featured_media":22085,"comment_status":"open","ping_status":"open","sticky":false,"template":"","format":"standard","meta":{"_exactmetrics_skip_tracking":false,"_exactmetrics_sitenote_active":false,"_exactmetrics_sitenote_note":"","_exactmetrics_sitenote_category":0,"jnews-multi-image_gallery":[],"jnews_single_post":{"source_name":"","source_url":"","via_name":"","via_url":"","override_template":"0","override":[{"template":"1","single_blog_custom":"","parallax":"1","fullscreen":"0","layout":"right-sidebar","sidebar":"default-sidebar","second_sidebar":"default-sidebar","sticky_sidebar":"1","share_position":"top","share_float_style":"share-monocrhome","show_share_counter":"1","show_view_counter":"1","show_featured":"1","show_post_meta":"1","show_post_author":"1","show_post_author_image":"1","show_post_date":"1","post_date_format":"default","post_date_format_custom":"Y\/m\/d","show_post_category":"1","show_post_reading_time":"0","post_reading_time_wpm":"300","show_zoom_button":"0","zoom_button_out_step":"2","zoom_button_in_step":"3","show_post_tag":"1","show_prev_next_post":"1","show_popup_post":"1","number_popup_post":"1","show_author_box":"0","show_post_related":"0","show_inline_post_related":"0"}],"override_image_size":"0","image_override":[{"single_post_thumbnail_size":"crop-500","single_post_gallery_size":"crop-500"}],"trending_post":"0","trending_post_position":"meta","trending_post_label":"Trending","sponsored_post":"0","sponsored_post_label":"Sponsored by","sponsored_post_name":"","sponsored_post_url":"","sponsored_post_logo_enable":"0","sponsored_post_logo":"","sponsored_post_desc":""},"jnews_primary_category":{"id":""},"jnews_social_meta":{"fb_title":"","fb_description":"","fb_image":"","twitter_title":"","twitter_description":"","twitter_image":""},"jnews_review":[],"enable_review":"0","type":"percentage","name":"","summary":"","brand":"","sku":"","good":[{"good_text":""}],"bad":[{"bad_text":""}],"score_override":"","override_value":"","rating":[{"rating_text":"","rating_number":"10"}],"price":[{"shop":"","price":"","link":"","icon":""}],"jnews_override_counter":{"override_view_counter":"0","view_counter_number":"0","override_share_counter":"0","share_counter_number":"0","override_like_counter":"0","like_counter_number":"0","override_dislike_counter":"0","dislike_counter_number":"0"},"jnews_post_split":{"enable_post_split":"0","post_split":[{"template":"1","tag":"h2","numbering":"asc","mode":"normal"}]},"footnotes":""},"categories":[10,341,18],"tags":[],"class_list":["post-22084","post","type-post","status-publish","format-standard","has-post-thumbnail","hentry","category-accion-politica","category-cdp","category-nacionales"],"jetpack_featured_media_url":"https:\/\/atecordoba.org\/wp-content\/uploads\/2020\/10\/120130742_3772831419427637_8222824676091185516_o-2.jpg","_links":{"self":[{"href":"https:\/\/atecordoba.org\/index.php?rest_route=\/wp\/v2\/posts\/22084","targetHints":{"allow":["GET"]}}],"collection":[{"href":"https:\/\/atecordoba.org\/index.php?rest_route=\/wp\/v2\/posts"}],"about":[{"href":"https:\/\/atecordoba.org\/index.php?rest_route=\/wp\/v2\/types\/post"}],"author":[{"embeddable":true,"href":"https:\/\/atecordoba.org\/index.php?rest_route=\/wp\/v2\/users\/3"}],"replies":[{"embeddable":true,"href":"https:\/\/atecordoba.org\/index.php?rest_route=%2Fwp%2Fv2%2Fcomments&post=22084"}],"version-history":[{"count":2,"href":"https:\/\/atecordoba.org\/index.php?rest_route=\/wp\/v2\/posts\/22084\/revisions"}],"predecessor-version":[{"id":22087,"href":"https:\/\/atecordoba.org\/index.php?rest_route=\/wp\/v2\/posts\/22084\/revisions\/22087"}],"wp:featuredmedia":[{"embeddable":true,"href":"https:\/\/atecordoba.org\/index.php?rest_route=\/wp\/v2\/media\/22085"}],"wp:attachment":[{"href":"https:\/\/atecordoba.org\/index.php?rest_route=%2Fwp%2Fv2%2Fmedia&parent=22084"}],"wp:term":[{"taxonomy":"category","embeddable":true,"href":"https:\/\/atecordoba.org\/index.php?rest_route=%2Fwp%2Fv2%2Fcategories&post=22084"},{"taxonomy":"post_tag","embeddable":true,"href":"https:\/\/atecordoba.org\/index.php?rest_route=%2Fwp%2Fv2%2Ftags&post=22084"}],"curies":[{"name":"wp","href":"https:\/\/api.w.org\/{rel}","templated":true}]}}