{"id":22081,"date":"2020-10-01T10:27:10","date_gmt":"2020-10-01T13:27:10","guid":{"rendered":"https:\/\/atecordoba.org\/?p=22081"},"modified":"2020-10-01T10:27:10","modified_gmt":"2020-10-01T13:27:10","slug":"la-solidaridad-anduvo-por-salsacate","status":"publish","type":"post","link":"https:\/\/atecordoba.org\/?p=22081","title":{"rendered":"La solidaridad anduvo por Salsacate"},"content":{"rendered":"<div dir=\"auto\">\u201cSu mam\u00e1 Yesica, afiliada a la Asociaci\u00f3n Trabajadores del Estado (ATE-CTA), necesita costear los pa\u00f1ales que usa de forma permanente y que actualmente no est\u00e1n siendo cubiertos por la Obra Social.<\/div>\n<div dir=\"auto\"><\/div>\n<div dir=\"auto\">\u201cQueremos destacar la solidaridad de los vecinos de Salsacate y hacer extensivo \u00e9l agradecimiento a los negocios y personas que nos donaron elementos y dinero para esta causa.<\/div>\n<div dir=\"auto\"><\/div>\n<div dir=\"auto\"><img loading=\"lazy\" decoding=\"async\" class=\"alignnone size-medium wp-image-27219\" src=\"http:\/\/ctaacordoba.org\/wp-content\/uploads\/2020\/09\/120423637_199420524876579_8999848547072547930_n-295x300.jpg\" sizes=\"auto, (max-width: 295px) 100vw, 295px\" srcset=\"http:\/\/ctaacordoba.org\/wp-content\/uploads\/2020\/09\/120423637_199420524876579_8999848547072547930_n-295x300.jpg 295w, http:\/\/ctaacordoba.org\/wp-content\/uploads\/2020\/09\/120423637_199420524876579_8999848547072547930_n.jpg 720w\" alt=\"\" width=\"295\" height=\"300\" \/><\/div>\n<div dir=\"auto\"><\/div>\n<div dir=\"auto\">\u201cResaltamos la participaci\u00f3n de aquellos afiliados a ATE que estuvieron trabajando dos d\u00edas consecutivos para que esta jornada solidaria saliera como se esperaba.<\/div>\n<div dir=\"auto\"><\/div>\n<div dir=\"auto\">\u201cAgradecemos la predisposici\u00f3n de la Seccional de la Asociaci\u00f3n de los Trabajadores del Estado de Cruz del Eje por esta iniciativa, fomentando el trabajo en equipo y fortaleci\u00e9ndonos en la unidad\u201d.<\/div>\n<div class=\"addtoany_share_save_container addtoany_content addtoany_content_bottom\">\n<div class=\"a2a_kit a2a_kit_size_32 addtoany_list\" data-a2a-url=\"http:\/\/ctaacordoba.org\/solidaridad-anduvo-por-salsacate\/\" data-a2a-title=\"La solidaridad anduvo por Salsacate\"><a class=\"a2a_button_facebook\" title=\"Facebook\" href=\"http:\/\/ctaacordoba.org\/#facebook\" target=\"_blank\" rel=\"nofollow noopener noreferrer\"><span class=\"a2a_label\">Facebook<\/span><\/a><a class=\"a2a_button_twitter\" title=\"Twitter\" href=\"http:\/\/ctaacordoba.org\/#twitter\" target=\"_blank\" rel=\"nofollow noopener noreferrer\"><span class=\"a2a_label\">Twitter<\/span><\/a><a class=\"a2a_button_whatsapp\" title=\"WhatsApp\" href=\"http:\/\/ctaacordoba.org\/#whatsapp\" target=\"_blank\" rel=\"nofollow noopener noreferrer\"><span class=\"a2a_label\">WhatsApp<\/span><\/a><\/div>\n<\/div>\n","protected":false},"excerpt":{"rendered":"<p>\u201cSu mam\u00e1 Yesica, afiliada a la Asociaci\u00f3n Trabajadores del Estado (ATE-CTA), necesita costear los pa\u00f1ales que usa de forma permanente y que actualmente no est\u00e1n siendo cubiertos por la Obra Social. \u201cQueremos destacar la solidaridad de los vecinos de Salsacate y hacer extensivo \u00e9l agradecimiento a los negocios y personas que nos donaron elementos y [&hellip;]<\/p>\n","protected":false},"author":3,"featured_media":22082,"comment_status":"open","ping_status":"open","sticky":false,"template":"","format":"standard","meta":{"_exactmetrics_skip_tracking":false,"_exactmetrics_sitenote_active":false,"_exactmetrics_sitenote_note":"","_exactmetrics_sitenote_category":0,"jnews-multi-image_gallery":[],"jnews_single_post":{"source_name":"","source_url":"","via_name":"","via_url":"","override_template":"0","override":[{"template":"1","single_blog_custom":"","parallax":"1","fullscreen":"0","layout":"right-sidebar","sidebar":"default-sidebar","second_sidebar":"default-sidebar","sticky_sidebar":"1","share_position":"top","share_float_style":"share-monocrhome","show_share_counter":"1","show_view_counter":"1","show_featured":"1","show_post_meta":"1","show_post_author":"1","show_post_author_image":"1","show_post_date":"1","post_date_format":"default","post_date_format_custom":"Y\/m\/d","show_post_category":"1","show_post_reading_time":"0","post_reading_time_wpm":"300","show_zoom_button":"0","zoom_button_out_step":"2","zoom_button_in_step":"3","show_post_tag":"1","show_prev_next_post":"1","show_popup_post":"1","number_popup_post":"1","show_author_box":"0","show_post_related":"0","show_inline_post_related":"0"}],"override_image_size":"0","image_override":[{"single_post_thumbnail_size":"crop-500","single_post_gallery_size":"crop-500"}],"trending_post":"0","trending_post_position":"meta","trending_post_label":"Trending","sponsored_post":"0","sponsored_post_label":"Sponsored by","sponsored_post_name":"","sponsored_post_url":"","sponsored_post_logo_enable":"0","sponsored_post_logo":"","sponsored_post_desc":""},"jnews_primary_category":{"id":""},"jnews_social_meta":{"fb_title":"","fb_description":"","fb_image":"","twitter_title":"","twitter_description":"","twitter_image":""},"jnews_review":[],"enable_review":"0","type":"percentage","name":"","summary":"","brand":"","sku":"","good":[{"good_text":""}],"bad":[{"bad_text":""}],"score_override":"","override_value":"","rating":[{"rating_text":"","rating_number":"10"}],"price":[{"shop":"","price":"","link":"","icon":""}],"jnews_override_counter":{"override_view_counter":"0","view_counter_number":"0","override_share_counter":"0","share_counter_number":"0","override_like_counter":"0","like_counter_number":"0","override_dislike_counter":"0","dislike_counter_number":"0"},"jnews_post_split":{"enable_post_split":"0","post_split":[{"template":"1","tag":"h2","numbering":"asc","mode":"normal"}]},"footnotes":""},"categories":[75,150,20],"tags":[],"class_list":["post-22081","post","type-post","status-publish","format-standard","has-post-thumbnail","hentry","category-accion-social","category-cruz-del-eje","category-municipales"],"jetpack_featured_media_url":"https:\/\/atecordoba.org\/wp-content\/uploads\/2020\/10\/120130742_3772831419427637_8222824676091185516_o-1.jpg","_links":{"self":[{"href":"https:\/\/atecordoba.org\/index.php?rest_route=\/wp\/v2\/posts\/22081","targetHints":{"allow":["GET"]}}],"collection":[{"href":"https:\/\/atecordoba.org\/index.php?rest_route=\/wp\/v2\/posts"}],"about":[{"href":"https:\/\/atecordoba.org\/index.php?rest_route=\/wp\/v2\/types\/post"}],"author":[{"embeddable":true,"href":"https:\/\/atecordoba.org\/index.php?rest_route=\/wp\/v2\/users\/3"}],"replies":[{"embeddable":true,"href":"https:\/\/atecordoba.org\/index.php?rest_route=%2Fwp%2Fv2%2Fcomments&post=22081"}],"version-history":[{"count":1,"href":"https:\/\/atecordoba.org\/index.php?rest_route=\/wp\/v2\/posts\/22081\/revisions"}],"predecessor-version":[{"id":22083,"href":"https:\/\/atecordoba.org\/index.php?rest_route=\/wp\/v2\/posts\/22081\/revisions\/22083"}],"wp:featuredmedia":[{"embeddable":true,"href":"https:\/\/atecordoba.org\/index.php?rest_route=\/wp\/v2\/media\/22082"}],"wp:attachment":[{"href":"https:\/\/atecordoba.org\/index.php?rest_route=%2Fwp%2Fv2%2Fmedia&parent=22081"}],"wp:term":[{"taxonomy":"category","embeddable":true,"href":"https:\/\/atecordoba.org\/index.php?rest_route=%2Fwp%2Fv2%2Fcategories&post=22081"},{"taxonomy":"post_tag","embeddable":true,"href":"https:\/\/atecordoba.org\/index.php?rest_route=%2Fwp%2Fv2%2Ftags&post=22081"}],"curies":[{"name":"wp","href":"https:\/\/api.w.org\/{rel}","templated":true}]}}