{"id":22038,"date":"2020-09-29T13:58:41","date_gmt":"2020-09-29T16:58:41","guid":{"rendered":"https:\/\/atecordoba.org\/?p=22038"},"modified":"2020-09-29T14:02:16","modified_gmt":"2020-09-29T17:02:16","slug":"ate-se-movilizo-en-la-provincia-para-reclamar-por-mejoras-salariales-y-de-condiciones-de-trabajo-durante-la-pandemia","status":"publish","type":"post","link":"https:\/\/atecordoba.org\/?p=22038","title":{"rendered":"ATE se moviliz\u00f3 en la provincia para reclamar por mejoras salariales y de condiciones de trabajo durante la pandemia"},"content":{"rendered":"<p style=\"text-align: center;\"><div class=\"epyt-video-wrapper\"><iframe loading=\"lazy\"  style=\"display: block; margin: 0px auto;\"  id=\"_ytid_10130\"  width=\"480\" height=\"270\"  data-origwidth=\"480\" data-origheight=\"270\" src=\"https:\/\/www.youtube.com\/embed\/yvCmCr6Ir8I?enablejsapi=1&autoplay=0&cc_load_policy=0&cc_lang_pref=&iv_load_policy=3&loop=0&rel=0&fs=1&playsinline=0&autohide=2&theme=dark&color=red&controls=1&disablekb=0&\" class=\"__youtube_prefs__  no-lazyload\" title=\"YouTube player\"  allow=\"fullscreen; accelerometer; autoplay; clipboard-write; encrypted-media; gyroscope; picture-in-picture; web-share\" referrerpolicy=\"strict-origin-when-cross-origin\" allowfullscreen data-no-lazy=\"1\" data-skipgform_ajax_framebjll=\"\"><\/iframe><\/div>\n<p>ATE C\u00f3rdoba realiz\u00f3 hoy una jornada de protesta con paro, movilizaci\u00f3n y actos de protesta en distintos puntos de la provincia, en reclamo de aumento salarial en el marco de la paritaria nacional.<\/p>\n<p>Pero nuestra organizaci\u00f3n exigi\u00f3 tambi\u00e9n una recomposici\u00f3n de haberes en la provincia y en los municipios del interior donde ATE tiene representaci\u00f3n -ya que la mayor\u00eda no abrieron a\u00fan la discusi\u00f3n salarial- y el reclamo transversal en todos los niveles para terminar con la precarizaci\u00f3n laboral, profundizada en el marco de la pandemia.<\/p>\n<p><img loading=\"lazy\" decoding=\"async\" class=\" wp-image-22039 aligncenter\" src=\"https:\/\/atecordoba.org\/wp-content\/uploads\/2020\/09\/WhatsApp-Image-2020-09-29-at-11.47.22-1-300x169.jpeg\" alt=\"\" width=\"600\" height=\"338\" srcset=\"https:\/\/atecordoba.org\/wp-content\/uploads\/2020\/09\/WhatsApp-Image-2020-09-29-at-11.47.22-1-300x169.jpeg 300w, https:\/\/atecordoba.org\/wp-content\/uploads\/2020\/09\/WhatsApp-Image-2020-09-29-at-11.47.22-1-1024x576.jpeg 1024w, https:\/\/atecordoba.org\/wp-content\/uploads\/2020\/09\/WhatsApp-Image-2020-09-29-at-11.47.22-1-768x432.jpeg 768w, https:\/\/atecordoba.org\/wp-content\/uploads\/2020\/09\/WhatsApp-Image-2020-09-29-at-11.47.22-1-750x422.jpeg 750w, https:\/\/atecordoba.org\/wp-content\/uploads\/2020\/09\/WhatsApp-Image-2020-09-29-at-11.47.22-1-1140x641.jpeg 1140w, https:\/\/atecordoba.org\/wp-content\/uploads\/2020\/09\/WhatsApp-Image-2020-09-29-at-11.47.22-1.jpeg 1280w\" sizes=\"auto, (max-width: 600px) 100vw, 600px\" \/><\/p>\n<p>&#8220;Venimos a instalar en las calles de C\u00f3rdoba la agenda de los trabajadores&#8221;, anunci\u00f3 Federico Giuliani, secretario General del Consejo Directivo Provincial de ATE C\u00f3rdoba. El dirigente fustig\u00f3 al gobernador Schiaretti por la reforma previsional que le baj\u00f3 los sueldos a los jubilados provinciales en plena cuarentena.<\/p>\n<p><img loading=\"lazy\" decoding=\"async\" class=\" wp-image-22040 alignright\" src=\"https:\/\/atecordoba.org\/wp-content\/uploads\/2020\/09\/WhatsApp-Image-2020-09-29-at-11.47.18-300x169.jpeg\" alt=\"\" width=\"492\" height=\"277\" srcset=\"https:\/\/atecordoba.org\/wp-content\/uploads\/2020\/09\/WhatsApp-Image-2020-09-29-at-11.47.18-300x169.jpeg 300w, https:\/\/atecordoba.org\/wp-content\/uploads\/2020\/09\/WhatsApp-Image-2020-09-29-at-11.47.18-1024x576.jpeg 1024w, https:\/\/atecordoba.org\/wp-content\/uploads\/2020\/09\/WhatsApp-Image-2020-09-29-at-11.47.18-768x432.jpeg 768w, https:\/\/atecordoba.org\/wp-content\/uploads\/2020\/09\/WhatsApp-Image-2020-09-29-at-11.47.18-750x422.jpeg 750w, https:\/\/atecordoba.org\/wp-content\/uploads\/2020\/09\/WhatsApp-Image-2020-09-29-at-11.47.18-1140x641.jpeg 1140w, https:\/\/atecordoba.org\/wp-content\/uploads\/2020\/09\/WhatsApp-Image-2020-09-29-at-11.47.18.jpeg 1280w\" sizes=\"auto, (max-width: 492px) 100vw, 492px\" \/>&#8220;Queremos manifestar nuestra alegr\u00eda por volver a ocupar la calle y as\u00ed marcarle la agenda al gobierno de turno y al poder pol\u00edtico de esta provincia, donde por un lado muestra la alt\u00edsima concentraci\u00f3n de la riqueza en pocas manos y por otro lado tiene los lamentables \u00edndices de pobreza y desocupaci\u00f3n. Por eso venimos a decirle a Schiaretti \u2018cortala Juan\u2019 basta de precarizaci\u00f3n laboral&#8221;, afirm\u00f3 el dirigente frente a la multitud de compa\u00f1eros y compa\u00f1eras presentes.<\/p>\n<p>En C\u00f3rdoba Capital, la movilizaci\u00f3n comenz\u00f3 en hora de la ma\u00f1ana con un corte de calle y concentraci\u00f3n en el puente Centenario. Posteriormente, la columna de las y los estatales, que contaron con el apoyo de la CTA Aut\u00f3noma y las organizaciones que la integran, se traslad\u00f3 a la sede del Pami, sobre avenida General Paz, para finalmente concluir en la esquina de Col\u00f3n y General Paz, frente al Correo Central.<\/p>\n<p><img loading=\"lazy\" decoding=\"async\" class=\" wp-image-22041 alignleft\" src=\"https:\/\/atecordoba.org\/wp-content\/uploads\/2020\/09\/WhatsApp-Image-2020-09-29-at-11.43.02-300x169.jpeg\" alt=\"\" width=\"484\" height=\"273\" srcset=\"https:\/\/atecordoba.org\/wp-content\/uploads\/2020\/09\/WhatsApp-Image-2020-09-29-at-11.43.02-300x169.jpeg 300w, https:\/\/atecordoba.org\/wp-content\/uploads\/2020\/09\/WhatsApp-Image-2020-09-29-at-11.43.02-1024x576.jpeg 1024w, https:\/\/atecordoba.org\/wp-content\/uploads\/2020\/09\/WhatsApp-Image-2020-09-29-at-11.43.02-768x432.jpeg 768w, https:\/\/atecordoba.org\/wp-content\/uploads\/2020\/09\/WhatsApp-Image-2020-09-29-at-11.43.02-750x422.jpeg 750w, https:\/\/atecordoba.org\/wp-content\/uploads\/2020\/09\/WhatsApp-Image-2020-09-29-at-11.43.02-1140x641.jpeg 1140w, https:\/\/atecordoba.org\/wp-content\/uploads\/2020\/09\/WhatsApp-Image-2020-09-29-at-11.43.02.jpeg 1280w\" sizes=\"auto, (max-width: 484px) 100vw, 484px\" \/>&#8220;Esta es una jornada construida de abajo para arriba, despu\u00e9s de hacer un plenario general de delegados que plante\u00f3 que ATE y la CTA Aut\u00f3noma deber\u00edan estar en la calle para unificar reclamos. En los tres estamentos del estado \u2013nacional, provincial y municipal- denunciamos la precarizaci\u00f3n laboral y exigimos el pase a planta permanente. Adem\u00e1s reclamamos condiciones de trabajo adecuadas y dignas en un contexto de pandemia, porque somos los trabajadores quienes ponemos el cuerpo en la primera l\u00ednea de atenci\u00f3n, con infectados y muertos. Para eso hay que construir comit\u00e9s mixtos de higiene y seguridad laboral&#8221;, afirm\u00f3 el dirigente estatal.<\/p>\n<p>En la oportunidad, estuvieron presentes las y los compa\u00f1eros integrantes de la comisi\u00f3n directiva provincial, junto a militantes, activistas y delegados de diversos organismos estatales nacionales y provinciales. en tanto en el interior provincial, las seccionales llevaron adelante acciones de protesta, al igual que los cuerpos de delegados de diversas localidades. <img loading=\"lazy\" decoding=\"async\" class=\" wp-image-22042 alignright\" src=\"https:\/\/atecordoba.org\/wp-content\/uploads\/2020\/09\/WhatsApp-Image-2020-09-29-at-11.47.16-300x139.jpeg\" alt=\"\" width=\"544\" height=\"252\" srcset=\"https:\/\/atecordoba.org\/wp-content\/uploads\/2020\/09\/WhatsApp-Image-2020-09-29-at-11.47.16-300x139.jpeg 300w, https:\/\/atecordoba.org\/wp-content\/uploads\/2020\/09\/WhatsApp-Image-2020-09-29-at-11.47.16-1024x473.jpeg 1024w, https:\/\/atecordoba.org\/wp-content\/uploads\/2020\/09\/WhatsApp-Image-2020-09-29-at-11.47.16-768x355.jpeg 768w, https:\/\/atecordoba.org\/wp-content\/uploads\/2020\/09\/WhatsApp-Image-2020-09-29-at-11.47.16-750x347.jpeg 750w, https:\/\/atecordoba.org\/wp-content\/uploads\/2020\/09\/WhatsApp-Image-2020-09-29-at-11.47.16.jpeg 1032w\" sizes=\"auto, (max-width: 544px) 100vw, 544px\" \/><\/p>\n<p>&#8220;Pedimos la reincorporaci\u00f3n inmediata de los despedidos del macrismo, C\u00f3rdoba tiene 700 despidos y el gobierno nacional no cumple con su promesa de campa\u00f1a&#8221;, insisti\u00f3 Giuliani en otro tramo de su discurso. Y agreg\u00f3, respecto a los reclamos que vertebran a la CTA A &#8220;el hambre es un crimen, reclamamos el impuesto a la riqueza y una renta b\u00e1sica universal y un piso de dignidad, aumento salarial y apertura de paritarias, estabilidad laboral para el sector privado. Y sobre todo destacar que nuestros compa\u00f1eros y compa\u00f1eras de los merenderos y comedores populares son personal esencial y as\u00ed deben ser reconocidos&#8221;.<\/p>\n<p>El dirigente valor\u00f3 el despliegue territorial en C\u00f3rdoba, de norte a sur, que tuvo la jornada de lucha.<\/p>\n<p>&#8220;Desde julio venimos generando diferentes acciones en el marco de la pandemia, junt\u00e1ndonos, haciendo caravanas y radios abiertas, ollas populares, cortes de calle y movilizaciones. Estamos donde tenemos que estar , no vamos a ser los trabajadores quienes paguemos la crisis y no nos va a paralizar la pandemia, vamos a volver a recuperar la calle para instalar nuestra agenda, tanto frente a los gobiernos municipales, como ante el gobierno provincial y el gobierno nacional&#8221;, adelant\u00f3 Giuliani, para rematar afirmando que &#8220;no hay salida individual, la salida es colectiva&#8221;.<\/p>\n<div id='gallery_1' class='gallery galleryid-22038 gallery-columns-3 gallery-size-thumbnail'><figure class='gallery-item'>\n                <div class='gallery-icon landscape'>\n                    <a href='https:\/\/atecordoba.org\/wp-content\/uploads\/2020\/09\/WhatsApp-Image-2020-09-29-at-11.43.03.jpeg'><img loading=\"lazy\" decoding=\"async\" width=\"150\" height=\"150\" src=\"\" class=\"attachment-thumbnail size-thumbnail lazyload\" alt=\"\" data-src=\"https:\/\/atecordoba.org\/wp-content\/uploads\/2020\/09\/WhatsApp-Image-2020-09-29-at-11.43.03-150x150.jpeg\" data-sizes=\"auto\" data-srcset=\"https:\/\/atecordoba.org\/wp-content\/uploads\/2020\/09\/WhatsApp-Image-2020-09-29-at-11.43.03-150x150.jpeg 150w, https:\/\/atecordoba.org\/wp-content\/uploads\/2020\/09\/WhatsApp-Image-2020-09-29-at-11.43.03-75x75.jpeg 75w\" data-expand=\"700\" \/><\/a>\n                <\/div><\/figure><figure class='gallery-item'>\n                <div class='gallery-icon landscape'>\n                    <a href='https:\/\/atecordoba.org\/wp-content\/uploads\/2020\/09\/WhatsApp-Image-2020-09-29-at-11.47.21.jpeg'><img loading=\"lazy\" decoding=\"async\" width=\"150\" height=\"150\" src=\"\" class=\"attachment-thumbnail size-thumbnail lazyload\" alt=\"\" data-src=\"https:\/\/atecordoba.org\/wp-content\/uploads\/2020\/09\/WhatsApp-Image-2020-09-29-at-11.47.21-150x150.jpeg\" data-sizes=\"auto\" data-srcset=\"https:\/\/atecordoba.org\/wp-content\/uploads\/2020\/09\/WhatsApp-Image-2020-09-29-at-11.47.21-150x150.jpeg 150w, https:\/\/atecordoba.org\/wp-content\/uploads\/2020\/09\/WhatsApp-Image-2020-09-29-at-11.47.21-560x560.jpeg 560w, https:\/\/atecordoba.org\/wp-content\/uploads\/2020\/09\/WhatsApp-Image-2020-09-29-at-11.47.21-75x75.jpeg 75w\" data-expand=\"700\" \/><\/a>\n                <\/div><\/figure><figure class='gallery-item'>\n                <div class='gallery-icon landscape'>\n                    <a href='https:\/\/atecordoba.org\/wp-content\/uploads\/2020\/09\/WhatsApp-Image-2020-09-29-at-11.47.33.jpeg'><img loading=\"lazy\" decoding=\"async\" width=\"150\" height=\"150\" src=\"\" class=\"attachment-thumbnail size-thumbnail lazyload\" alt=\"\" data-src=\"https:\/\/atecordoba.org\/wp-content\/uploads\/2020\/09\/WhatsApp-Image-2020-09-29-at-11.47.33-150x150.jpeg\" data-sizes=\"auto\" data-srcset=\"https:\/\/atecordoba.org\/wp-content\/uploads\/2020\/09\/WhatsApp-Image-2020-09-29-at-11.47.33-150x150.jpeg 150w, https:\/\/atecordoba.org\/wp-content\/uploads\/2020\/09\/WhatsApp-Image-2020-09-29-at-11.47.33-75x75.jpeg 75w\" data-expand=\"700\" \/><\/a>\n                <\/div><\/figure><br style=\"clear: both\" \/><figure class='gallery-item'>\n                <div class='gallery-icon landscape'>\n                    <a href='https:\/\/atecordoba.org\/wp-content\/uploads\/2020\/09\/120483520_3774924579218321_6255350191027287741_o.jpg'><img loading=\"lazy\" decoding=\"async\" width=\"150\" height=\"150\" src=\"\" class=\"attachment-thumbnail size-thumbnail lazyload\" alt=\"\" data-src=\"https:\/\/atecordoba.org\/wp-content\/uploads\/2020\/09\/120483520_3774924579218321_6255350191027287741_o-150x150.jpg\" data-sizes=\"auto\" data-srcset=\"https:\/\/atecordoba.org\/wp-content\/uploads\/2020\/09\/120483520_3774924579218321_6255350191027287741_o-150x150.jpg 150w, https:\/\/atecordoba.org\/wp-content\/uploads\/2020\/09\/120483520_3774924579218321_6255350191027287741_o-560x560.jpg 560w, https:\/\/atecordoba.org\/wp-content\/uploads\/2020\/09\/120483520_3774924579218321_6255350191027287741_o-75x75.jpg 75w\" data-expand=\"700\" \/><\/a>\n                <\/div><\/figure><figure class='gallery-item'>\n                <div class='gallery-icon landscape'>\n                    <a href='https:\/\/atecordoba.org\/wp-content\/uploads\/2020\/09\/120498541_3774924319218347_6632317429533506588_o.jpg'><img loading=\"lazy\" decoding=\"async\" width=\"150\" height=\"150\" src=\"\" class=\"attachment-thumbnail size-thumbnail lazyload\" alt=\"\" data-src=\"https:\/\/atecordoba.org\/wp-content\/uploads\/2020\/09\/120498541_3774924319218347_6632317429533506588_o-150x150.jpg\" data-sizes=\"auto\" data-srcset=\"https:\/\/atecordoba.org\/wp-content\/uploads\/2020\/09\/120498541_3774924319218347_6632317429533506588_o-150x150.jpg 150w, https:\/\/atecordoba.org\/wp-content\/uploads\/2020\/09\/120498541_3774924319218347_6632317429533506588_o-560x560.jpg 560w, https:\/\/atecordoba.org\/wp-content\/uploads\/2020\/09\/120498541_3774924319218347_6632317429533506588_o-75x75.jpg 75w\" data-expand=\"700\" \/><\/a>\n                <\/div><\/figure><figure class='gallery-item'>\n                <div class='gallery-icon landscape'>\n                    <a href='https:\/\/atecordoba.org\/wp-content\/uploads\/2020\/09\/WhatsApp-Image-2020-09-29-at-11.42.55.jpeg'><img loading=\"lazy\" decoding=\"async\" width=\"150\" height=\"150\" src=\"\" class=\"attachment-thumbnail size-thumbnail lazyload\" alt=\"\" data-src=\"https:\/\/atecordoba.org\/wp-content\/uploads\/2020\/09\/WhatsApp-Image-2020-09-29-at-11.42.55-150x150.jpeg\" data-sizes=\"auto\" data-srcset=\"https:\/\/atecordoba.org\/wp-content\/uploads\/2020\/09\/WhatsApp-Image-2020-09-29-at-11.42.55-150x150.jpeg 150w, https:\/\/atecordoba.org\/wp-content\/uploads\/2020\/09\/WhatsApp-Image-2020-09-29-at-11.42.55-75x75.jpeg 75w\" data-expand=\"700\" \/><\/a>\n                <\/div><\/figure><br style=\"clear: both\" \/><figure class='gallery-item'>\n                <div class='gallery-icon landscape'>\n                    <a href='https:\/\/atecordoba.org\/wp-content\/uploads\/2020\/09\/WhatsApp-Image-2020-09-29-at-11.42.56.jpeg'><img loading=\"lazy\" decoding=\"async\" width=\"150\" height=\"150\" src=\"\" class=\"attachment-thumbnail size-thumbnail lazyload\" alt=\"\" data-src=\"https:\/\/atecordoba.org\/wp-content\/uploads\/2020\/09\/WhatsApp-Image-2020-09-29-at-11.42.56-150x150.jpeg\" data-sizes=\"auto\" data-srcset=\"https:\/\/atecordoba.org\/wp-content\/uploads\/2020\/09\/WhatsApp-Image-2020-09-29-at-11.42.56-150x150.jpeg 150w, https:\/\/atecordoba.org\/wp-content\/uploads\/2020\/09\/WhatsApp-Image-2020-09-29-at-11.42.56-560x560.jpeg 560w, https:\/\/atecordoba.org\/wp-content\/uploads\/2020\/09\/WhatsApp-Image-2020-09-29-at-11.42.56-75x75.jpeg 75w\" data-expand=\"700\" \/><\/a>\n                <\/div><\/figure><figure class='gallery-item'>\n                <div class='gallery-icon landscape'>\n                    <a href='https:\/\/atecordoba.org\/wp-content\/uploads\/2020\/09\/WhatsApp-Image-2020-09-29-at-11.43.00.jpeg'><img loading=\"lazy\" decoding=\"async\" width=\"150\" height=\"150\" src=\"\" class=\"attachment-thumbnail size-thumbnail lazyload\" alt=\"\" data-src=\"https:\/\/atecordoba.org\/wp-content\/uploads\/2020\/09\/WhatsApp-Image-2020-09-29-at-11.43.00-150x150.jpeg\" data-sizes=\"auto\" data-srcset=\"https:\/\/atecordoba.org\/wp-content\/uploads\/2020\/09\/WhatsApp-Image-2020-09-29-at-11.43.00-150x150.jpeg 150w, https:\/\/atecordoba.org\/wp-content\/uploads\/2020\/09\/WhatsApp-Image-2020-09-29-at-11.43.00-560x560.jpeg 560w, https:\/\/atecordoba.org\/wp-content\/uploads\/2020\/09\/WhatsApp-Image-2020-09-29-at-11.43.00-75x75.jpeg 75w\" data-expand=\"700\" \/><\/a>\n                <\/div><\/figure><figure class='gallery-item'>\n                <div class='gallery-icon landscape'>\n                    <a href='https:\/\/atecordoba.org\/wp-content\/uploads\/2020\/09\/WhatsApp-Image-2020-09-29-at-11.43.01.jpeg'><img loading=\"lazy\" decoding=\"async\" width=\"150\" height=\"150\" src=\"\" class=\"attachment-thumbnail size-thumbnail lazyload\" alt=\"\" data-src=\"https:\/\/atecordoba.org\/wp-content\/uploads\/2020\/09\/WhatsApp-Image-2020-09-29-at-11.43.01-150x150.jpeg\" data-sizes=\"auto\" data-srcset=\"https:\/\/atecordoba.org\/wp-content\/uploads\/2020\/09\/WhatsApp-Image-2020-09-29-at-11.43.01-150x150.jpeg 150w, https:\/\/atecordoba.org\/wp-content\/uploads\/2020\/09\/WhatsApp-Image-2020-09-29-at-11.43.01-560x560.jpeg 560w, https:\/\/atecordoba.org\/wp-content\/uploads\/2020\/09\/WhatsApp-Image-2020-09-29-at-11.43.01-75x75.jpeg 75w\" data-expand=\"700\" \/><\/a>\n                <\/div><\/figure><br style=\"clear: both\" \/>\n            <\/div>\n\n<p>&nbsp;<\/p>\n","protected":false},"excerpt":{"rendered":"<p>ATE C\u00f3rdoba realiz\u00f3 hoy una jornada de protesta con paro, movilizaci\u00f3n y actos de protesta en distintos puntos de la provincia, en reclamo de aumento salarial en el marco de la paritaria nacional. Pero nuestra organizaci\u00f3n exigi\u00f3 tambi\u00e9n una recomposici\u00f3n de haberes en la provincia y en los municipios del interior donde ATE tiene representaci\u00f3n [&hellip;]<\/p>\n","protected":false},"author":7,"featured_media":22039,"comment_status":"open","ping_status":"open","sticky":true,"template":"","format":"standard","meta":{"_exactmetrics_skip_tracking":false,"_exactmetrics_sitenote_active":false,"_exactmetrics_sitenote_note":"","_exactmetrics_sitenote_category":0,"jnews-multi-image_gallery":[],"jnews_single_post":{"source_name":"","source_url":"","via_name":"","via_url":"","override_template":"0","override":[{"template":"1","single_blog_custom":"","parallax":"1","fullscreen":"0","layout":"right-sidebar","sidebar":"default-sidebar","second_sidebar":"default-sidebar","sticky_sidebar":"1","share_position":"top","share_float_style":"share-monocrhome","show_share_counter":"1","show_view_counter":"1","show_featured":"1","show_post_meta":"1","show_post_author":"1","show_post_author_image":"1","show_post_date":"1","post_date_format":"default","post_date_format_custom":"Y\/m\/d","show_post_category":"1","show_post_reading_time":"0","post_reading_time_wpm":"300","show_zoom_button":"0","zoom_button_out_step":"2","zoom_button_in_step":"3","show_post_tag":"1","show_prev_next_post":"1","show_popup_post":"1","number_popup_post":"1","show_author_box":"0","show_post_related":"0","show_inline_post_related":"0"}],"override_image_size":"0","image_override":[{"single_post_thumbnail_size":"crop-500","single_post_gallery_size":"crop-500"}],"trending_post":"0","trending_post_position":"meta","trending_post_label":"Trending","sponsored_post":"0","sponsored_post_label":"Sponsored by","sponsored_post_name":"","sponsored_post_url":"","sponsored_post_logo_enable":"0","sponsored_post_logo":"","sponsored_post_desc":""},"jnews_primary_category":{"id":""},"jnews_social_meta":{"fb_title":"","fb_description":"","fb_image":"","twitter_title":"","twitter_description":"","twitter_image":""},"jnews_review":[],"enable_review":"0","type":"percentage","name":"","summary":"","brand":"","sku":"","good":[{"good_text":""}],"bad":[{"bad_text":""}],"score_override":"","override_value":"","rating":[{"rating_text":"","rating_number":"10"}],"price":[{"shop":"","price":"","link":"","icon":""}],"jnews_override_counter":{"override_view_counter":"0","view_counter_number":"0","override_share_counter":"0","share_counter_number":"0","override_like_counter":"0","like_counter_number":"0","override_dislike_counter":"0","dislike_counter_number":"0"},"jnews_post_split":{"enable_post_split":"0","post_split":[{"template":"1","tag":"h2","numbering":"asc","mode":"normal"}]},"footnotes":""},"categories":[341],"tags":[352,345,32],"class_list":["post-22038","post","type-post","status-publish","format-standard","has-post-thumbnail","hentry","category-cdp","tag-jornada-de-lucha","tag-movilizacion","tag-paro"],"jetpack_featured_media_url":"https:\/\/atecordoba.org\/wp-content\/uploads\/2020\/09\/WhatsApp-Image-2020-09-29-at-11.47.22-1.jpeg","_links":{"self":[{"href":"https:\/\/atecordoba.org\/index.php?rest_route=\/wp\/v2\/posts\/22038","targetHints":{"allow":["GET"]}}],"collection":[{"href":"https:\/\/atecordoba.org\/index.php?rest_route=\/wp\/v2\/posts"}],"about":[{"href":"https:\/\/atecordoba.org\/index.php?rest_route=\/wp\/v2\/types\/post"}],"author":[{"embeddable":true,"href":"https:\/\/atecordoba.org\/index.php?rest_route=\/wp\/v2\/users\/7"}],"replies":[{"embeddable":true,"href":"https:\/\/atecordoba.org\/index.php?rest_route=%2Fwp%2Fv2%2Fcomments&post=22038"}],"version-history":[{"count":3,"href":"https:\/\/atecordoba.org\/index.php?rest_route=\/wp\/v2\/posts\/22038\/revisions"}],"predecessor-version":[{"id":22054,"href":"https:\/\/atecordoba.org\/index.php?rest_route=\/wp\/v2\/posts\/22038\/revisions\/22054"}],"wp:featuredmedia":[{"embeddable":true,"href":"https:\/\/atecordoba.org\/index.php?rest_route=\/wp\/v2\/media\/22039"}],"wp:attachment":[{"href":"https:\/\/atecordoba.org\/index.php?rest_route=%2Fwp%2Fv2%2Fmedia&parent=22038"}],"wp:term":[{"taxonomy":"category","embeddable":true,"href":"https:\/\/atecordoba.org\/index.php?rest_route=%2Fwp%2Fv2%2Fcategories&post=22038"},{"taxonomy":"post_tag","embeddable":true,"href":"https:\/\/atecordoba.org\/index.php?rest_route=%2Fwp%2Fv2%2Ftags&post=22038"}],"curies":[{"name":"wp","href":"https:\/\/api.w.org\/{rel}","templated":true}]}}