{"id":22035,"date":"2020-09-28T15:18:41","date_gmt":"2020-09-28T18:18:41","guid":{"rendered":"https:\/\/atecordoba.org\/?p=22035"},"modified":"2020-09-28T15:18:41","modified_gmt":"2020-09-28T18:18:41","slug":"comunicacion-y-sindicalismo-estrategias-en-tiempos-de-pandemia","status":"publish","type":"post","link":"https:\/\/atecordoba.org\/?p=22035","title":{"rendered":"Comunicaci\u00f3n y Sindicalismo: estrategias en tiempos de pandemia"},"content":{"rendered":"<p><img loading=\"lazy\" decoding=\"async\" class=\" wp-image-22036 aligncenter\" src=\"https:\/\/atecordoba.org\/wp-content\/uploads\/2020\/09\/flyer-zoom-comunicacion-sindicalismo-latinoamerica-300x246.jpeg\" alt=\"\" width=\"500\" height=\"410\" srcset=\"https:\/\/atecordoba.org\/wp-content\/uploads\/2020\/09\/flyer-zoom-comunicacion-sindicalismo-latinoamerica-300x246.jpeg 300w, https:\/\/atecordoba.org\/wp-content\/uploads\/2020\/09\/flyer-zoom-comunicacion-sindicalismo-latinoamerica.jpeg 496w\" sizes=\"auto, (max-width: 500px) 100vw, 500px\" \/>La actividad abordar\u00e1 el contexto general de medios de comunicaci\u00f3n en la pandemia y las estrategias que se dieron las organizaciones sindicales tanto hacia afuera como hacia adentro de sus propias organizaciones. Los escenarios de lucha sanitaria en la primera l\u00ednea del combate al Covid 19, de teletrabajo desde los hogares, de reclamos generales sobre el impacto socio-pol\u00edtico y econ\u00f3mico en nuestros pa\u00edses y tambi\u00e9n de luchas sectoriales de los propios trabajadores y trabajadoras del Sector P\u00fablico, que van desde lo salarial a las condiciones de trabajo en este contexto actual, con negociaciones paritarias en algunos casos y con protestas a lo largo de toda la regi\u00f3n.<\/p>\n<p>El panel estar\u00e1 integrado por Mar\u00eda M\u00e9ndez (Prensa Presidencia CLATE); Carlos Concha (Prensa ANEF Chile); Carlos Lebrato (Prensa COFE Uruguay) y Susi Gald\u00e1mez Mel\u00e9ndez (Prensa AGEPYM El Salvador). La moderaci\u00f3n estar\u00e1 a cargo de la Secretaria de Prensa del Consejo Directivo Provincial (CDP), Julia Giuliani.<\/p>\n<p>Estos diversos escenarios de trabajo y de lucha en un contexto de aislamiento han puesto a las organizaciones sindicales frente al desaf\u00edo de producir e intensificar la comunicaci\u00f3n institucional y la presencia digital.<\/p>\n<p>Para ello, la ATE de la provincia de C\u00f3rdoba, cuyo secretario general es Federico Giuliani, organiz\u00f3 junto a la CLATE esta charla debate que se realizar\u00e1 el jueves 1 de octubre (hora Argentina) y que se transmitir\u00e1 en vivo por\u00a0<a href=\"https:\/\/www.facebook.com\/atecba\">https:\/\/www.facebook.com\/atecba<\/a><\/p>\n<p>&nbsp;<\/p>\n","protected":false},"excerpt":{"rendered":"<p>La actividad abordar\u00e1 el contexto general de medios de comunicaci\u00f3n en la pandemia y las estrategias que se dieron las organizaciones sindicales tanto hacia afuera como hacia adentro de sus propias organizaciones. Los escenarios de lucha sanitaria en la primera l\u00ednea del combate al Covid 19, de teletrabajo desde los hogares, de reclamos generales sobre [&hellip;]<\/p>\n","protected":false},"author":7,"featured_media":22036,"comment_status":"open","ping_status":"open","sticky":false,"template":"","format":"standard","meta":{"_exactmetrics_skip_tracking":false,"_exactmetrics_sitenote_active":false,"_exactmetrics_sitenote_note":"","_exactmetrics_sitenote_category":0,"jnews-multi-image_gallery":[],"jnews_single_post":{"source_name":"","source_url":"","via_name":"","via_url":"","override_template":"0","override":[{"template":"1","single_blog_custom":"","parallax":"1","fullscreen":"0","layout":"right-sidebar","sidebar":"default-sidebar","second_sidebar":"default-sidebar","sticky_sidebar":"1","share_position":"top","share_float_style":"share-monocrhome","show_share_counter":"1","show_view_counter":"1","show_featured":"1","show_post_meta":"1","show_post_author":"1","show_post_author_image":"1","show_post_date":"1","post_date_format":"default","post_date_format_custom":"Y\/m\/d","show_post_category":"1","show_post_reading_time":"0","post_reading_time_wpm":"300","show_zoom_button":"0","zoom_button_out_step":"2","zoom_button_in_step":"3","show_post_tag":"1","show_prev_next_post":"1","show_popup_post":"1","number_popup_post":"1","show_author_box":"0","show_post_related":"0","show_inline_post_related":"0"}],"override_image_size":"0","image_override":[{"single_post_thumbnail_size":"crop-500","single_post_gallery_size":"crop-500"}],"trending_post":"0","trending_post_position":"meta","trending_post_label":"Trending","sponsored_post":"0","sponsored_post_label":"Sponsored by","sponsored_post_name":"","sponsored_post_url":"","sponsored_post_logo_enable":"0","sponsored_post_logo":"","sponsored_post_desc":""},"jnews_primary_category":{"id":""},"jnews_social_meta":{"fb_title":"","fb_description":"","fb_image":"","twitter_title":"","twitter_description":"","twitter_image":""},"jnews_review":[],"enable_review":"0","type":"percentage","name":"","summary":"","brand":"","sku":"","good":[{"good_text":""}],"bad":[{"bad_text":""}],"score_override":"","override_value":"","rating":[{"rating_text":"","rating_number":"10"}],"price":[{"shop":"","price":"","link":"","icon":""}],"jnews_override_counter":{"override_view_counter":"0","view_counter_number":"0","override_share_counter":"0","share_counter_number":"0","override_like_counter":"0","like_counter_number":"0","override_dislike_counter":"0","dislike_counter_number":"0"},"jnews_post_split":{"enable_post_split":"0","post_split":[{"template":"1","tag":"h2","numbering":"asc","mode":"normal"}]},"footnotes":""},"categories":[10,341,346],"tags":[589,587,423,588],"class_list":["post-22035","post","type-post","status-publish","format-standard","has-post-thumbnail","hentry","category-accion-politica","category-cdp","category-prensa-y-comunicacion","tag-agepym-el-salvador","tag-anef-chile","tag-clate","tag-cofe-uruguay"],"jetpack_featured_media_url":"https:\/\/atecordoba.org\/wp-content\/uploads\/2020\/09\/flyer-zoom-comunicacion-sindicalismo-latinoamerica.jpeg","_links":{"self":[{"href":"https:\/\/atecordoba.org\/index.php?rest_route=\/wp\/v2\/posts\/22035","targetHints":{"allow":["GET"]}}],"collection":[{"href":"https:\/\/atecordoba.org\/index.php?rest_route=\/wp\/v2\/posts"}],"about":[{"href":"https:\/\/atecordoba.org\/index.php?rest_route=\/wp\/v2\/types\/post"}],"author":[{"embeddable":true,"href":"https:\/\/atecordoba.org\/index.php?rest_route=\/wp\/v2\/users\/7"}],"replies":[{"embeddable":true,"href":"https:\/\/atecordoba.org\/index.php?rest_route=%2Fwp%2Fv2%2Fcomments&post=22035"}],"version-history":[{"count":1,"href":"https:\/\/atecordoba.org\/index.php?rest_route=\/wp\/v2\/posts\/22035\/revisions"}],"predecessor-version":[{"id":22037,"href":"https:\/\/atecordoba.org\/index.php?rest_route=\/wp\/v2\/posts\/22035\/revisions\/22037"}],"wp:featuredmedia":[{"embeddable":true,"href":"https:\/\/atecordoba.org\/index.php?rest_route=\/wp\/v2\/media\/22036"}],"wp:attachment":[{"href":"https:\/\/atecordoba.org\/index.php?rest_route=%2Fwp%2Fv2%2Fmedia&parent=22035"}],"wp:term":[{"taxonomy":"category","embeddable":true,"href":"https:\/\/atecordoba.org\/index.php?rest_route=%2Fwp%2Fv2%2Fcategories&post=22035"},{"taxonomy":"post_tag","embeddable":true,"href":"https:\/\/atecordoba.org\/index.php?rest_route=%2Fwp%2Fv2%2Ftags&post=22035"}],"curies":[{"name":"wp","href":"https:\/\/api.w.org\/{rel}","templated":true}]}}