{"id":22031,"date":"2020-09-28T09:56:25","date_gmt":"2020-09-28T12:56:25","guid":{"rendered":"https:\/\/atecordoba.org\/?p=22031"},"modified":"2020-09-29T17:39:39","modified_gmt":"2020-09-29T20:39:39","slug":"plenario-de-trabajo-definio-realizar-una-protesta-virtual-por-el-paro-de-manana-en-la-provincia","status":"publish","type":"post","link":"https:\/\/atecordoba.org\/?p=22031","title":{"rendered":"Plenario de Trabajo defini\u00f3 realizar una protesta virtual por el paro en la Provincia"},"content":{"rendered":"<p><img loading=\"lazy\" decoding=\"async\" class=\" wp-image-22032 aligncenter\" src=\"https:\/\/atecordoba.org\/wp-content\/uploads\/2020\/09\/IMG-20200926-WA0046-300x113.jpg\" alt=\"\" width=\"602\" height=\"227\" srcset=\"https:\/\/atecordoba.org\/wp-content\/uploads\/2020\/09\/IMG-20200926-WA0046-300x113.jpg 300w, https:\/\/atecordoba.org\/wp-content\/uploads\/2020\/09\/IMG-20200926-WA0046-1024x387.jpg 1024w, https:\/\/atecordoba.org\/wp-content\/uploads\/2020\/09\/IMG-20200926-WA0046-768x290.jpg 768w, https:\/\/atecordoba.org\/wp-content\/uploads\/2020\/09\/IMG-20200926-WA0046-750x284.jpg 750w, https:\/\/atecordoba.org\/wp-content\/uploads\/2020\/09\/IMG-20200926-WA0046-1140x431.jpg 1140w, https:\/\/atecordoba.org\/wp-content\/uploads\/2020\/09\/IMG-20200926-WA0046.jpg 1280w\" sizes=\"auto, (max-width: 602px) 100vw, 602px\" \/>En un plenario realizado pro zoom el viernes pasado, las y los trabajadores del Ministerio de Trabajo de la Naci\u00f3n aprobaron realizar paro de actividades ma\u00f1ana en el organismo debido a los baj\u00edsimos salarios y la escasa oferta en la paritaria, cuya primera audiencia se llev\u00f3 a cabo la semana pasada.<\/p>\n<p>Con la presencia del cuerpo de delegadas y delegados del sector, Jorge Chalup, Mar\u00eda Sotti y C\u00e9sar Theaux, las y los trabajadores de la Agencia Territorial C\u00f3rdoba,\u00a0abordaron la situaci\u00f3n de los distintos equipos de trabajo que est\u00e1n haciendo guardias m\u00ednimas, trabajando a distancia y en algunos casos esperando la refuncionalizaci\u00f3n de sus tareas.<\/p>\n<p>Adem\u00e1s, debatieron sobre la oferta salarial realizada por el Estado empleador, coincidiendo en que es pobre e insuficiente. &#8220;La gran mayor\u00eda de las y los trabajadores estatales nos encontramos cobrando salarios por debajo de la l\u00ednea de pobreza. Exigimos salarios dignos y herramientas de trabajo para los compa\u00f1eros que realizan trabajo a distancia&#8221;, analizaron tras el plenario.<\/p>\n<p>Vale se\u00f1alar que se han realizado reclamos al respecto en diversas oportunidades, sin tener todav\u00eda una respuesta que atienda la demanda de los trabajadores y las trabajadoras del sector. Hasta el momento el personal del Ministerio pone sus dispositivos para desarrollar labores.<\/p>\n<p><img loading=\"lazy\" decoding=\"async\" class=\" wp-image-22033 aligncenter\" src=\"https:\/\/atecordoba.org\/wp-content\/uploads\/2020\/09\/IMG-20200926-WA0047-300x120.jpg\" alt=\"\" width=\"598\" height=\"239\" srcset=\"https:\/\/atecordoba.org\/wp-content\/uploads\/2020\/09\/IMG-20200926-WA0047-300x120.jpg 300w, https:\/\/atecordoba.org\/wp-content\/uploads\/2020\/09\/IMG-20200926-WA0047-1024x411.jpg 1024w, https:\/\/atecordoba.org\/wp-content\/uploads\/2020\/09\/IMG-20200926-WA0047-768x308.jpg 768w, https:\/\/atecordoba.org\/wp-content\/uploads\/2020\/09\/IMG-20200926-WA0047-750x301.jpg 750w, https:\/\/atecordoba.org\/wp-content\/uploads\/2020\/09\/IMG-20200926-WA0047-1140x458.jpg 1140w, https:\/\/atecordoba.org\/wp-content\/uploads\/2020\/09\/IMG-20200926-WA0047.jpg 1280w\" sizes=\"auto, (max-width: 598px) 100vw, 598px\" \/><\/p>\n<p>Por \u00faltimo, se discuti\u00f3 sobre la modalidad del paro convocado por la Conducci\u00f3n de ATE C\u00f3rdoba ma\u00f1ana 29 de septiembre, acordando que dado el nivel de contagios en la capital de C\u00f3rdoba y se va optar por realizar una jornada de reclamo virtual con la producci\u00f3n de distintas piezas comunicacionales.<\/p>\n<p>Las y los trabajadores resolvieron visibilizar por redes sociales de la situaci\u00f3n paup\u00e9rrima de las y los estatales del organismo; dar a conocer\u00a0los recibos de sueldos de las distintas categor\u00edas de trabajadores y trabajadoras del Ministerio, mostrando que ni la categor\u00eda m\u00e1s alta llega a la canasta b\u00e1sica; y ponerle cara a la protesta agregando el testimonio de las diversas compa\u00f1eras y compa\u00f1eros que afrontan este verdadero drama salarial.<\/p>\n<p>&#8220;Como propuesta de largo plazo se discuti\u00f3 la necesidad de empezar a trabajar por un convenio sectorial de las y los trabajadores del Ministerio de Trabajo&#8221;, concluyeron.<\/p>\n","protected":false},"excerpt":{"rendered":"<p>En un plenario realizado pro zoom el viernes pasado, las y los trabajadores del Ministerio de Trabajo de la Naci\u00f3n aprobaron realizar paro de actividades ma\u00f1ana en el organismo debido a los baj\u00edsimos salarios y la escasa oferta en la paritaria, cuya primera audiencia se llev\u00f3 a cabo la semana pasada. Con la presencia del [&hellip;]<\/p>\n","protected":false},"author":7,"featured_media":22032,"comment_status":"open","ping_status":"open","sticky":false,"template":"","format":"standard","meta":{"_exactmetrics_skip_tracking":false,"_exactmetrics_sitenote_active":false,"_exactmetrics_sitenote_note":"","_exactmetrics_sitenote_category":0,"jnews-multi-image_gallery":[],"jnews_single_post":{"source_name":"","source_url":"","via_name":"","via_url":"","override_template":"0","override":[{"template":"1","single_blog_custom":"","parallax":"1","fullscreen":"0","layout":"right-sidebar","sidebar":"default-sidebar","second_sidebar":"default-sidebar","sticky_sidebar":"1","share_position":"top","share_float_style":"share-monocrhome","show_share_counter":"1","show_view_counter":"1","show_featured":"1","show_post_meta":"1","show_post_author":"1","show_post_author_image":"1","show_post_date":"1","post_date_format":"default","post_date_format_custom":"Y\/m\/d","show_post_category":"1","show_post_reading_time":"0","post_reading_time_wpm":"300","show_zoom_button":"0","zoom_button_out_step":"2","zoom_button_in_step":"3","show_post_tag":"1","show_prev_next_post":"1","show_popup_post":"1","number_popup_post":"1","show_author_box":"0","show_post_related":"0","show_inline_post_related":"0"}],"override_image_size":"0","image_override":[{"single_post_thumbnail_size":"crop-500","single_post_gallery_size":"crop-500"}],"trending_post":"0","trending_post_position":"meta","trending_post_label":"Trending","sponsored_post":"0","sponsored_post_label":"Sponsored by","sponsored_post_name":"","sponsored_post_url":"","sponsored_post_logo_enable":"0","sponsored_post_logo":"","sponsored_post_desc":""},"jnews_primary_category":{"id":""},"jnews_social_meta":{"fb_title":"","fb_description":"","fb_image":"","twitter_title":"","twitter_description":"","twitter_image":""},"jnews_review":[],"enable_review":"0","type":"percentage","name":"","summary":"","brand":"","sku":"","good":[{"good_text":""}],"bad":[{"bad_text":""}],"score_override":"","override_value":"","rating":[{"rating_text":"","rating_number":"10"}],"price":[{"shop":"","price":"","link":"","icon":""}],"jnews_override_counter":{"override_view_counter":"0","view_counter_number":"0","override_share_counter":"0","share_counter_number":"0","override_like_counter":"0","like_counter_number":"0","override_dislike_counter":"0","dislike_counter_number":"0"},"jnews_post_split":{"enable_post_split":"0","post_split":[{"template":"1","tag":"h2","numbering":"asc","mode":"normal"}]},"footnotes":""},"categories":[341,18],"tags":[338,586],"class_list":["post-22031","post","type-post","status-publish","format-standard","has-post-thumbnail","hentry","category-cdp","category-nacionales","tag-ministerio-de-trabajo-de-la-nacion","tag-paro-provincial-29-de-septiembre"],"jetpack_featured_media_url":"https:\/\/atecordoba.org\/wp-content\/uploads\/2020\/09\/IMG-20200926-WA0046.jpg","_links":{"self":[{"href":"https:\/\/atecordoba.org\/index.php?rest_route=\/wp\/v2\/posts\/22031","targetHints":{"allow":["GET"]}}],"collection":[{"href":"https:\/\/atecordoba.org\/index.php?rest_route=\/wp\/v2\/posts"}],"about":[{"href":"https:\/\/atecordoba.org\/index.php?rest_route=\/wp\/v2\/types\/post"}],"author":[{"embeddable":true,"href":"https:\/\/atecordoba.org\/index.php?rest_route=\/wp\/v2\/users\/7"}],"replies":[{"embeddable":true,"href":"https:\/\/atecordoba.org\/index.php?rest_route=%2Fwp%2Fv2%2Fcomments&post=22031"}],"version-history":[{"count":2,"href":"https:\/\/atecordoba.org\/index.php?rest_route=\/wp\/v2\/posts\/22031\/revisions"}],"predecessor-version":[{"id":22077,"href":"https:\/\/atecordoba.org\/index.php?rest_route=\/wp\/v2\/posts\/22031\/revisions\/22077"}],"wp:featuredmedia":[{"embeddable":true,"href":"https:\/\/atecordoba.org\/index.php?rest_route=\/wp\/v2\/media\/22032"}],"wp:attachment":[{"href":"https:\/\/atecordoba.org\/index.php?rest_route=%2Fwp%2Fv2%2Fmedia&parent=22031"}],"wp:term":[{"taxonomy":"category","embeddable":true,"href":"https:\/\/atecordoba.org\/index.php?rest_route=%2Fwp%2Fv2%2Fcategories&post=22031"},{"taxonomy":"post_tag","embeddable":true,"href":"https:\/\/atecordoba.org\/index.php?rest_route=%2Fwp%2Fv2%2Ftags&post=22031"}],"curies":[{"name":"wp","href":"https:\/\/api.w.org\/{rel}","templated":true}]}}