{"id":22029,"date":"2020-09-25T15:29:19","date_gmt":"2020-09-25T18:29:19","guid":{"rendered":"https:\/\/atecordoba.org\/?p=22029"},"modified":"2020-09-25T15:29:19","modified_gmt":"2020-09-25T18:29:19","slug":"ate-presentara-la-semana-que-viene-el-departamento-de-discapacidad","status":"publish","type":"post","link":"https:\/\/atecordoba.org\/?p=22029","title":{"rendered":"ATE presentar\u00e1 la semana que viene el Departamento de Discapacidad"},"content":{"rendered":"<p><img loading=\"lazy\" decoding=\"async\" class=\" wp-image-22028 aligncenter\" src=\"https:\/\/atecordoba.org\/wp-content\/uploads\/2020\/09\/WhatsApp-Image-2020-09-25-at-15.12.04-300x169.jpeg\" alt=\"\" width=\"563\" height=\"317\" srcset=\"https:\/\/atecordoba.org\/wp-content\/uploads\/2020\/09\/WhatsApp-Image-2020-09-25-at-15.12.04-300x169.jpeg 300w, https:\/\/atecordoba.org\/wp-content\/uploads\/2020\/09\/WhatsApp-Image-2020-09-25-at-15.12.04-1024x576.jpeg 1024w, https:\/\/atecordoba.org\/wp-content\/uploads\/2020\/09\/WhatsApp-Image-2020-09-25-at-15.12.04-768x432.jpeg 768w, https:\/\/atecordoba.org\/wp-content\/uploads\/2020\/09\/WhatsApp-Image-2020-09-25-at-15.12.04-750x422.jpeg 750w, https:\/\/atecordoba.org\/wp-content\/uploads\/2020\/09\/WhatsApp-Image-2020-09-25-at-15.12.04.jpeg 1032w\" sizes=\"auto, (max-width: 563px) 100vw, 563px\" \/><\/p>\n<p>La creaci\u00f3n del Departamento de Discapacidad en el Consejo Directivo Provincial era una de las deudas pendientes que ATE C\u00f3rdoba comenzar\u00e1 a saldar el pr\u00f3ximo mi\u00e9rcoles 30 de septiembre cuando se presente el espacio por v\u00eda virtual.<\/p>\n<p>El Departamento estar\u00e1 a cargo del compa\u00f1ero Franco Orsato, trabajador de la Agencia Nacional de Discapacidad, que respondi\u00f3 al planteo realizado por el secretario General de ATE, Federico Giuliani, y se har\u00e1 cargo de dise\u00f1ar y aportar pol\u00edticas respecto a la problem\u00e1tica para integrarlas de manera transversal en nuestra organizaci\u00f3n.<\/p>\n<p>Pero adem\u00e1s de Orsato, el espacio estar\u00e1 compuesto por compa\u00f1eras y compa\u00f1eros de organismos como la Escuela de Subsoficiales de la Fuerza A\u00e9rea, PAMI, Fabricaciones Militares y jubilados, entre otros.<\/p>\n<p>&#8220;Esto se fue gestando a partir de un planteo del secretario General. Nosotros ya ven\u00edamos pensando en lograr un espacio gremial para contener a las personas con discapacidad, a partir de la necesidad de inclusi\u00f3n y del cumplimiento del cupo, en funci\u00f3n de la ley nacional 22431 que establece un 4% de personas discapacitadas en los planteles de los organismos del Estado. Este cupo no se cumple en ning\u00fan sector ya que solo el 0,88% est\u00e1 cubierto con vacantes de personas con discapacidad. De forma que nos falta un largo trecho&#8221;, explic\u00f3 Orsato.<\/p>\n<p>El dirigente adelant\u00f3 que la idea de la creaci\u00f3n del Departamento, m\u00e1s all\u00e1 que el cumplimiento del cupo por ley es una cuesti\u00f3n troncal para la dignidad de una persona con discapacidad, tambi\u00e9n est\u00e1 relacionado con la posibilidad de desarrollar una serie de tem\u00e1ticas derivadas como la cuesti\u00f3n de la salud, la educaci\u00f3n y dem\u00e1s tem\u00e1ticas relacionadas con el acceso al derecho.<\/p>\n<p>&#8220;Vamos a trabajar para que los derechos consagrados en la Constituci\u00f3n dejen de ser letra muerta y pasen a convertirse en derechos efectivos de las personas con discapacidad, para la inclusi\u00f3n en el mercado laboral como el acceso a la medicina, a la asistencia, a las rehabilitaciones, as la educaci\u00f3n integrada y de calidad&#8221;, agreg\u00f3 Orsato.<\/p>\n<p>Y concluy\u00f3: &#8220;como trabajadores del Estado tenemos un rol fundamental para hacer valer estos derechos. \u00a0Nuestros relevamientos consignan que el incumplimiento de parte del Estado es sistem\u00e1tico, por eso vamos a trabajar con todas las seccionales de la provincia, en base a un planteo transversal como lo son las pol\u00edticas de g\u00e9neros, y tiene que estar en la cabeza de todas las compa\u00f1eras y compa\u00f1eros&#8221;.<\/p>\n<p>&nbsp;<\/p>\n","protected":false},"excerpt":{"rendered":"<p>La creaci\u00f3n del Departamento de Discapacidad en el Consejo Directivo Provincial era una de las deudas pendientes que ATE C\u00f3rdoba comenzar\u00e1 a saldar el pr\u00f3ximo mi\u00e9rcoles 30 de septiembre cuando se presente el espacio por v\u00eda virtual. El Departamento estar\u00e1 a cargo del compa\u00f1ero Franco Orsato, trabajador de la Agencia Nacional de Discapacidad, que respondi\u00f3 [&hellip;]<\/p>\n","protected":false},"author":7,"featured_media":22028,"comment_status":"open","ping_status":"open","sticky":true,"template":"","format":"standard","meta":{"_exactmetrics_skip_tracking":false,"_exactmetrics_sitenote_active":false,"_exactmetrics_sitenote_note":"","_exactmetrics_sitenote_category":0,"jnews-multi-image_gallery":[],"jnews_single_post":{"source_name":"","source_url":"","via_name":"","via_url":"","override_template":"0","override":[{"template":"1","single_blog_custom":"","parallax":"1","fullscreen":"0","layout":"right-sidebar","sidebar":"default-sidebar","second_sidebar":"default-sidebar","sticky_sidebar":"1","share_position":"top","share_float_style":"share-monocrhome","show_share_counter":"1","show_view_counter":"1","show_featured":"1","show_post_meta":"1","show_post_author":"1","show_post_author_image":"1","show_post_date":"1","post_date_format":"default","post_date_format_custom":"Y\/m\/d","show_post_category":"1","show_post_reading_time":"0","post_reading_time_wpm":"300","show_zoom_button":"0","zoom_button_out_step":"2","zoom_button_in_step":"3","show_post_tag":"1","show_prev_next_post":"1","show_popup_post":"1","number_popup_post":"1","show_author_box":"0","show_post_related":"0","show_inline_post_related":"0"}],"override_image_size":"0","image_override":[{"single_post_thumbnail_size":"crop-500","single_post_gallery_size":"crop-500"}],"trending_post":"0","trending_post_position":"meta","trending_post_label":"Trending","sponsored_post":"0","sponsored_post_label":"Sponsored by","sponsored_post_name":"","sponsored_post_url":"","sponsored_post_logo_enable":"0","sponsored_post_logo":"","sponsored_post_desc":""},"jnews_primary_category":{"id":""},"jnews_social_meta":{"fb_title":"","fb_description":"","fb_image":"","twitter_title":"","twitter_description":"","twitter_image":""},"jnews_review":[],"enable_review":"0","type":"percentage","name":"","summary":"","brand":"","sku":"","good":[{"good_text":""}],"bad":[{"bad_text":""}],"score_override":"","override_value":"","rating":[{"rating_text":"","rating_number":"10"}],"price":[{"shop":"","price":"","link":"","icon":""}],"jnews_override_counter":{"override_view_counter":"0","view_counter_number":"0","override_share_counter":"0","share_counter_number":"0","override_like_counter":"0","like_counter_number":"0","override_dislike_counter":"0","dislike_counter_number":"0"},"jnews_post_split":{"enable_post_split":"0","post_split":[{"template":"1","tag":"h2","numbering":"asc","mode":"normal"}]},"footnotes":""},"categories":[400],"tags":[545],"class_list":["post-22029","post","type-post","status-publish","format-standard","has-post-thumbnail","hentry","category-estamentos","tag-discapacidad"],"jetpack_featured_media_url":"https:\/\/atecordoba.org\/wp-content\/uploads\/2020\/09\/WhatsApp-Image-2020-09-25-at-15.12.04.jpeg","_links":{"self":[{"href":"https:\/\/atecordoba.org\/index.php?rest_route=\/wp\/v2\/posts\/22029","targetHints":{"allow":["GET"]}}],"collection":[{"href":"https:\/\/atecordoba.org\/index.php?rest_route=\/wp\/v2\/posts"}],"about":[{"href":"https:\/\/atecordoba.org\/index.php?rest_route=\/wp\/v2\/types\/post"}],"author":[{"embeddable":true,"href":"https:\/\/atecordoba.org\/index.php?rest_route=\/wp\/v2\/users\/7"}],"replies":[{"embeddable":true,"href":"https:\/\/atecordoba.org\/index.php?rest_route=%2Fwp%2Fv2%2Fcomments&post=22029"}],"version-history":[{"count":1,"href":"https:\/\/atecordoba.org\/index.php?rest_route=\/wp\/v2\/posts\/22029\/revisions"}],"predecessor-version":[{"id":22030,"href":"https:\/\/atecordoba.org\/index.php?rest_route=\/wp\/v2\/posts\/22029\/revisions\/22030"}],"wp:featuredmedia":[{"embeddable":true,"href":"https:\/\/atecordoba.org\/index.php?rest_route=\/wp\/v2\/media\/22028"}],"wp:attachment":[{"href":"https:\/\/atecordoba.org\/index.php?rest_route=%2Fwp%2Fv2%2Fmedia&parent=22029"}],"wp:term":[{"taxonomy":"category","embeddable":true,"href":"https:\/\/atecordoba.org\/index.php?rest_route=%2Fwp%2Fv2%2Fcategories&post=22029"},{"taxonomy":"post_tag","embeddable":true,"href":"https:\/\/atecordoba.org\/index.php?rest_route=%2Fwp%2Fv2%2Ftags&post=22029"}],"curies":[{"name":"wp","href":"https:\/\/api.w.org\/{rel}","templated":true}]}}