{"id":22017,"date":"2020-09-25T14:22:20","date_gmt":"2020-09-25T17:22:20","guid":{"rendered":"https:\/\/atecordoba.org\/?p=22017"},"modified":"2020-09-25T14:22:20","modified_gmt":"2020-09-25T17:22:20","slug":"la-cta-a-cordoba-repudio-el-accionar-patoteril-del-soelsac-cgt","status":"publish","type":"post","link":"https:\/\/atecordoba.org\/?p=22017","title":{"rendered":"La CTA-A C\u00f3rdoba repudi\u00f3 el accionar patoteril del SOELSAC-CGT"},"content":{"rendered":"<p><img loading=\"lazy\" decoding=\"async\" class=\" wp-image-22018 aligncenter\" src=\"https:\/\/atecordoba.org\/wp-content\/uploads\/2020\/09\/cta-y-patota-300x225.jpg\" alt=\"\" width=\"553\" height=\"415\" srcset=\"https:\/\/atecordoba.org\/wp-content\/uploads\/2020\/09\/cta-y-patota-300x225.jpg 300w, https:\/\/atecordoba.org\/wp-content\/uploads\/2020\/09\/cta-y-patota.jpg 550w\" sizes=\"auto, (max-width: 553px) 100vw, 553px\" \/>\u201cLa Central de Trabajadores de la Argentina (CTA Aut\u00f3noma) de la provincia de C\u00f3rdoba, expresa su m\u00e1s en\u00e9rgico repudio al accionar violento, injustificado y artero desplegado por el Sindicato de Obreros y Empleados de Empresas de Limpieza, Servicios y Afines de C\u00f3rdoba (SOELSAC), integrante de las 62 Organizaciones, que vandaliz\u00f3 la sede de la CTA-A Regional C\u00f3rdoba Capital 24 horas despu\u00e9s que se difundiera un video donde su Secretario General, Sergio Fittipaldi, cabal exponente del sindicalismo empresarial, profiriera insultos y amenazas contra los compa\u00f1eros del Sindicato Joven CIS-CTA y la Central.<\/p>\n<p>\u201cEl accionar patoteril de la burocracia que pretende desconocer el derecho a la Libertad y Democracia Sindical no detendr\u00e1 el proceso de crecimiento del CIS-CTA en el Sector de Limpieza y Maestranza de las empresas privadas que operan como socias y c\u00f3mplices del SOELSAC en la superexplotaci\u00f3n que sufren las y los trabajadores.<\/p>\n<p>\u201cEste accionar vand\u00e1lico del sindicalismo empresarial que no tolera que organizaciones sindicales de nuevo tipo cuestionen sus prebendas no es nuevo: En mayo de 2014 la \u201cbarra brava\u201d de Fittipaldi caus\u00f3 da\u00f1os, heridos y destrozos en el Campus de la Universidad Nacional de R\u00edo Cuarto en desacuerdo con la intenci\u00f3n del Rector de entonces, Marcelo Ruiz, de pasar al personal de limpieza a planta permanente de la UNRC.<\/p>\n<p>&nbsp;<\/p>\n<p>\u201cLa doctora Cecilia P\u00e9rez Correa del Departamento Jur\u00eddico de la Central presentar\u00e1 un Amparo por Entorpecimiento a la Actividad Sindical firmada por los dirigentes de la CTA-A Regional C\u00f3rdoba Capital y del CIS, en tanto y en cuanto obstaculiza el ejercicio de la Libertad Sindical. Las manifestaciones de Fittipaldi y sus acusaciones constituyen un impedimento para la actividad gremial del CIS y la CTA-A que hace necesaria la imposici\u00f3n del Amparo para que sean obligados a cesar en el comportamiento antisindical\u201d.<\/p>\n<p>\u201cLa CTA Aut\u00f3noma de la provincia de C\u00f3rdoba rechaza los aprietes mafiosos de este personaje y su patota; reitera que se trata de conductas reprochables que no admiten atenuantes; reclama de las autoridades pertinentes que tomen cartas en el asunto; renueva su respaldo a la militancia honesta y comprometida de los compa\u00f1eros del Sindicato Joven; y manifiesta que nada ni nadie impedir\u00e1 la intervenci\u00f3n de nuestra Central en el universo de los trabajadores y trabajadoras del \u00e1mbito privado. A diferencia de la burocracia y la patota, nosotros creemos en otro tipo de organizaci\u00f3n sindical: Comprometida con la defensa de los derechos de los trabajadores y con una actitud fraterna y solidaria con el resto de la poblaci\u00f3n\u201d, concluye la declaraci\u00f3n de la CTA-A C\u00f3rdoba.<\/p>\n<div class=\"addtoany_share_save_container addtoany_content addtoany_content_bottom\">\n<div class=\"a2a_kit a2a_kit_size_32 addtoany_list\" data-a2a-url=\"http:\/\/ctaacordoba.org\/la-cta-a-cordoba-repudia-el-accionar-patoteril-del-soelsac-cgt\/\" data-a2a-title=\"La CTA-A C\u00f3rdoba repudia el accionar patoteril del SOELSAC-CGT\"><a class=\"a2a_button_facebook\" title=\"Facebook\" href=\"http:\/\/ctaacordoba.org\/#facebook\" target=\"_blank\" rel=\"nofollow noopener noreferrer\"><span class=\"a2a_label\">Facebook<\/span><\/a><a class=\"a2a_button_twitter\" title=\"Twitter\" href=\"http:\/\/ctaacordoba.org\/#twitter\" target=\"_blank\" rel=\"nofollow noopener noreferrer\"><span class=\"a2a_label\">Twitter<\/span><\/a><a class=\"a2a_button_whatsapp\" title=\"WhatsApp\" href=\"http:\/\/ctaacordoba.org\/#whatsapp\" target=\"_blank\" rel=\"nofollow noopener noreferrer\"><span class=\"a2a_label\">WhatsApp<\/span><\/a><\/div>\n<\/div>\n","protected":false},"excerpt":{"rendered":"<p>\u201cLa Central de Trabajadores de la Argentina (CTA Aut\u00f3noma) de la provincia de C\u00f3rdoba, expresa su m\u00e1s en\u00e9rgico repudio al accionar violento, injustificado y artero desplegado por el Sindicato de Obreros y Empleados de Empresas de Limpieza, Servicios y Afines de C\u00f3rdoba (SOELSAC), integrante de las 62 Organizaciones, que vandaliz\u00f3 la sede de la CTA-A [&hellip;]<\/p>\n","protected":false},"author":7,"featured_media":22018,"comment_status":"open","ping_status":"open","sticky":true,"template":"","format":"standard","meta":{"_exactmetrics_skip_tracking":false,"_exactmetrics_sitenote_active":false,"_exactmetrics_sitenote_note":"","_exactmetrics_sitenote_category":0,"jnews-multi-image_gallery":[],"jnews_single_post":{"source_name":"","source_url":"","via_name":"","via_url":"","override_template":"0","override":[{"template":"1","single_blog_custom":"","parallax":"1","fullscreen":"0","layout":"right-sidebar","sidebar":"default-sidebar","second_sidebar":"default-sidebar","sticky_sidebar":"1","share_position":"top","share_float_style":"share-monocrhome","show_share_counter":"1","show_view_counter":"1","show_featured":"1","show_post_meta":"1","show_post_author":"1","show_post_author_image":"1","show_post_date":"1","post_date_format":"default","post_date_format_custom":"Y\/m\/d","show_post_category":"1","show_post_reading_time":"0","post_reading_time_wpm":"300","show_zoom_button":"0","zoom_button_out_step":"2","zoom_button_in_step":"3","show_post_tag":"1","show_prev_next_post":"1","show_popup_post":"1","number_popup_post":"1","show_author_box":"0","show_post_related":"0","show_inline_post_related":"0"}],"override_image_size":"0","image_override":[{"single_post_thumbnail_size":"crop-500","single_post_gallery_size":"crop-500"}],"trending_post":"0","trending_post_position":"meta","trending_post_label":"Trending","sponsored_post":"0","sponsored_post_label":"Sponsored by","sponsored_post_name":"","sponsored_post_url":"","sponsored_post_logo_enable":"0","sponsored_post_logo":"","sponsored_post_desc":""},"jnews_primary_category":{"id":""},"jnews_social_meta":{"fb_title":"","fb_description":"","fb_image":"","twitter_title":"","twitter_description":"","twitter_image":""},"jnews_review":[],"enable_review":"0","type":"percentage","name":"","summary":"","brand":"","sku":"","good":[{"good_text":""}],"bad":[{"bad_text":""}],"score_override":"","override_value":"","rating":[{"rating_text":"","rating_number":"10"}],"price":[{"shop":"","price":"","link":"","icon":""}],"jnews_override_counter":{"override_view_counter":"0","view_counter_number":"0","override_share_counter":"0","share_counter_number":"0","override_like_counter":"0","like_counter_number":"0","override_dislike_counter":"0","dislike_counter_number":"0"},"jnews_post_split":{"enable_post_split":"0","post_split":[{"template":"1","tag":"h2","numbering":"asc","mode":"normal"}]},"footnotes":""},"categories":[10,92],"tags":[583,581,582],"class_list":["post-22017","post","type-post","status-publish","format-standard","has-post-thumbnail","hentry","category-accion-politica","category-cta","tag-62-organizaciones","tag-ataque","tag-cgt"],"jetpack_featured_media_url":"https:\/\/atecordoba.org\/wp-content\/uploads\/2020\/09\/cta-y-patota.jpg","_links":{"self":[{"href":"https:\/\/atecordoba.org\/index.php?rest_route=\/wp\/v2\/posts\/22017","targetHints":{"allow":["GET"]}}],"collection":[{"href":"https:\/\/atecordoba.org\/index.php?rest_route=\/wp\/v2\/posts"}],"about":[{"href":"https:\/\/atecordoba.org\/index.php?rest_route=\/wp\/v2\/types\/post"}],"author":[{"embeddable":true,"href":"https:\/\/atecordoba.org\/index.php?rest_route=\/wp\/v2\/users\/7"}],"replies":[{"embeddable":true,"href":"https:\/\/atecordoba.org\/index.php?rest_route=%2Fwp%2Fv2%2Fcomments&post=22017"}],"version-history":[{"count":1,"href":"https:\/\/atecordoba.org\/index.php?rest_route=\/wp\/v2\/posts\/22017\/revisions"}],"predecessor-version":[{"id":22019,"href":"https:\/\/atecordoba.org\/index.php?rest_route=\/wp\/v2\/posts\/22017\/revisions\/22019"}],"wp:featuredmedia":[{"embeddable":true,"href":"https:\/\/atecordoba.org\/index.php?rest_route=\/wp\/v2\/media\/22018"}],"wp:attachment":[{"href":"https:\/\/atecordoba.org\/index.php?rest_route=%2Fwp%2Fv2%2Fmedia&parent=22017"}],"wp:term":[{"taxonomy":"category","embeddable":true,"href":"https:\/\/atecordoba.org\/index.php?rest_route=%2Fwp%2Fv2%2Fcategories&post=22017"},{"taxonomy":"post_tag","embeddable":true,"href":"https:\/\/atecordoba.org\/index.php?rest_route=%2Fwp%2Fv2%2Ftags&post=22017"}],"curies":[{"name":"wp","href":"https:\/\/api.w.org\/{rel}","templated":true}]}}