{"id":22009,"date":"2020-09-25T10:37:27","date_gmt":"2020-09-25T13:37:27","guid":{"rendered":"https:\/\/atecordoba.org\/?p=22009"},"modified":"2020-09-25T10:37:27","modified_gmt":"2020-09-25T13:37:27","slug":"por-la-pandemia-se-prorrogan-los-mandatos-gremiales-hasta-el-28-de-febrero","status":"publish","type":"post","link":"https:\/\/atecordoba.org\/?p=22009","title":{"rendered":"Por la pandemia se prorrogan los mandatos gremiales hasta el 28 de febrero"},"content":{"rendered":"<p><img loading=\"lazy\" decoding=\"async\" class=\" wp-image-22010 aligncenter\" src=\"https:\/\/atecordoba.org\/wp-content\/uploads\/2020\/09\/resolucion-prorroga-de-mandatos-300x183.png\" alt=\"\" width=\"539\" height=\"329\" srcset=\"https:\/\/atecordoba.org\/wp-content\/uploads\/2020\/09\/resolucion-prorroga-de-mandatos-300x183.png 300w, https:\/\/atecordoba.org\/wp-content\/uploads\/2020\/09\/resolucion-prorroga-de-mandatos-768x469.png 768w, https:\/\/atecordoba.org\/wp-content\/uploads\/2020\/09\/resolucion-prorroga-de-mandatos-750x458.png 750w, https:\/\/atecordoba.org\/wp-content\/uploads\/2020\/09\/resolucion-prorroga-de-mandatos.png 841w\" sizes=\"auto, (max-width: 539px) 100vw, 539px\" \/>Por medio de la Resoluci\u00f3n 1199\/2020 el Ministerio de Trabajo de la Naci\u00f3n prorrog\u00f3 los mandatos del \u00e1mbito sindical hasta el 28 de febrero de 2021. La medida afecta a \u201clos miembros de los cuerpos directivos, deliberativos, de fiscalizaci\u00f3n y representativos de las asociaciones sindicales, federaciones y confederaciones registradas ante la Direcci\u00f3n Nacional de Asociaciones\u201d, seg\u00fan reza su articulado.<\/p>\n<p>De la misma forma, se extienden por el plazo de 180 d\u00edas los mandatos de \u201clos delegados de personal, comisiones internas y \u00f3rganos similares\u201d que hubieran vencido despu\u00e9s del 16 de marzo de 2020.<\/p>\n<p>La norma, publicada ayer en el Bolet\u00edn Oficial, establece que corresponde a las asociaciones sindicales emitir las certificaciones correspondientes \u201cque den cuenta de la pr\u00f3rroga, respecto de los representantes sindicales en las empresas y de las autoridades de los \u00f3rganos de direcci\u00f3n y fiscalizaci\u00f3n de las seccionales, en todas sus formas\u201d.<\/p>\n<p>A su vez, la Resoluci\u00f3n ordena tambi\u00e9n realizar por v\u00eda virtual los actos institucionales correspondientes para evitar aglomeraciones y los consiguientes contagios de Covid 19.<\/p>\n<p>&nbsp;<\/p>\n<p>&nbsp;<\/p>\n","protected":false},"excerpt":{"rendered":"<p>Por medio de la Resoluci\u00f3n 1199\/2020 el Ministerio de Trabajo de la Naci\u00f3n prorrog\u00f3 los mandatos del \u00e1mbito sindical hasta el 28 de febrero de 2021. La medida afecta a \u201clos miembros de los cuerpos directivos, deliberativos, de fiscalizaci\u00f3n y representativos de las asociaciones sindicales, federaciones y confederaciones registradas ante la Direcci\u00f3n Nacional de Asociaciones\u201d, [&hellip;]<\/p>\n","protected":false},"author":7,"featured_media":22010,"comment_status":"open","ping_status":"open","sticky":true,"template":"","format":"standard","meta":{"_exactmetrics_skip_tracking":false,"_exactmetrics_sitenote_active":false,"_exactmetrics_sitenote_note":"","_exactmetrics_sitenote_category":0,"jnews-multi-image_gallery":[],"jnews_single_post":{"source_name":"","source_url":"","via_name":"","via_url":"","override_template":"0","override":[{"template":"1","single_blog_custom":"","parallax":"1","fullscreen":"0","layout":"right-sidebar","sidebar":"default-sidebar","second_sidebar":"default-sidebar","sticky_sidebar":"1","share_position":"top","share_float_style":"share-monocrhome","show_share_counter":"1","show_view_counter":"1","show_featured":"1","show_post_meta":"1","show_post_author":"1","show_post_author_image":"1","show_post_date":"1","post_date_format":"default","post_date_format_custom":"Y\/m\/d","show_post_category":"1","show_post_reading_time":"0","post_reading_time_wpm":"300","show_zoom_button":"0","zoom_button_out_step":"2","zoom_button_in_step":"3","show_post_tag":"1","show_prev_next_post":"1","show_popup_post":"1","number_popup_post":"1","show_author_box":"0","show_post_related":"0","show_inline_post_related":"0"}],"override_image_size":"0","image_override":[{"single_post_thumbnail_size":"crop-500","single_post_gallery_size":"crop-500"}],"trending_post":"0","trending_post_position":"meta","trending_post_label":"Trending","sponsored_post":"0","sponsored_post_label":"Sponsored by","sponsored_post_name":"","sponsored_post_url":"","sponsored_post_logo_enable":"0","sponsored_post_logo":"","sponsored_post_desc":""},"jnews_primary_category":{"id":""},"jnews_social_meta":{"fb_title":"","fb_description":"","fb_image":"","twitter_title":"","twitter_description":"","twitter_image":""},"jnews_review":[],"enable_review":"0","type":"percentage","name":"","summary":"","brand":"","sku":"","good":[{"good_text":""}],"bad":[{"bad_text":""}],"score_override":"","override_value":"","rating":[{"rating_text":"","rating_number":"10"}],"price":[{"shop":"","price":"","link":"","icon":""}],"jnews_override_counter":{"override_view_counter":"0","view_counter_number":"0","override_share_counter":"0","share_counter_number":"0","override_like_counter":"0","like_counter_number":"0","override_dislike_counter":"0","dislike_counter_number":"0"},"jnews_post_split":{"enable_post_split":"0","post_split":[{"template":"1","tag":"h2","numbering":"asc","mode":"normal"}]},"footnotes":""},"categories":[341],"tags":[],"class_list":["post-22009","post","type-post","status-publish","format-standard","has-post-thumbnail","hentry","category-cdp"],"jetpack_featured_media_url":"https:\/\/atecordoba.org\/wp-content\/uploads\/2020\/09\/resolucion-prorroga-de-mandatos.png","_links":{"self":[{"href":"https:\/\/atecordoba.org\/index.php?rest_route=\/wp\/v2\/posts\/22009","targetHints":{"allow":["GET"]}}],"collection":[{"href":"https:\/\/atecordoba.org\/index.php?rest_route=\/wp\/v2\/posts"}],"about":[{"href":"https:\/\/atecordoba.org\/index.php?rest_route=\/wp\/v2\/types\/post"}],"author":[{"embeddable":true,"href":"https:\/\/atecordoba.org\/index.php?rest_route=\/wp\/v2\/users\/7"}],"replies":[{"embeddable":true,"href":"https:\/\/atecordoba.org\/index.php?rest_route=%2Fwp%2Fv2%2Fcomments&post=22009"}],"version-history":[{"count":1,"href":"https:\/\/atecordoba.org\/index.php?rest_route=\/wp\/v2\/posts\/22009\/revisions"}],"predecessor-version":[{"id":22011,"href":"https:\/\/atecordoba.org\/index.php?rest_route=\/wp\/v2\/posts\/22009\/revisions\/22011"}],"wp:featuredmedia":[{"embeddable":true,"href":"https:\/\/atecordoba.org\/index.php?rest_route=\/wp\/v2\/media\/22010"}],"wp:attachment":[{"href":"https:\/\/atecordoba.org\/index.php?rest_route=%2Fwp%2Fv2%2Fmedia&parent=22009"}],"wp:term":[{"taxonomy":"category","embeddable":true,"href":"https:\/\/atecordoba.org\/index.php?rest_route=%2Fwp%2Fv2%2Fcategories&post=22009"},{"taxonomy":"post_tag","embeddable":true,"href":"https:\/\/atecordoba.org\/index.php?rest_route=%2Fwp%2Fv2%2Ftags&post=22009"}],"curies":[{"name":"wp","href":"https:\/\/api.w.org\/{rel}","templated":true}]}}