{"id":21990,"date":"2020-09-24T14:35:52","date_gmt":"2020-09-24T17:35:52","guid":{"rendered":"https:\/\/atecordoba.org\/?p=21990"},"modified":"2020-09-25T09:55:09","modified_gmt":"2020-09-25T12:55:09","slug":"arranca-la-formacion-cymat-para-los-municipales","status":"publish","type":"post","link":"https:\/\/atecordoba.org\/?p=21990","title":{"rendered":"Arranca la formaci\u00f3n CyMAT para los municipales"},"content":{"rendered":"<p><img loading=\"lazy\" decoding=\"async\" class=\" wp-image-21994 aligncenter\" src=\"https:\/\/atecordoba.org\/wp-content\/uploads\/2020\/09\/flyer-cymat-para-municipales-300x300.jpeg\" alt=\"\" width=\"444\" height=\"444\" \/><\/p>\n<p>ATE C\u00f3rdoba pondr\u00e1 en marcha un taller de formaci\u00f3n sobre Condiciones y Medio Ambiente de Trabajo (CyMAT) para delegados municipales del interior provincial. Se trata de una iniciativa del Consejo Directivo Provincial para brindar herramientas de trabajo a las y los compa\u00f1eros que deben discutir con los ejecutivos municipales y necesitan fundamentos te\u00f3ricos y pr\u00e1cticos concretos.<\/p>\n<p>En el taller intervienen la secretaria de Interior del CDP, Edith Innamorato, y el delegado gremial ATE SENASA y miembro de la coordinaci\u00f3n CyMAT de organismos nacionales del CDP, Mat\u00edas Giuliani, T\u00e9cnico en Higiene y Seguridad Laboral.<\/p>\n<p>Seg\u00fan explic\u00f3 Giuliani &#8220;a principios de este a\u00f1o se conform\u00f3 en ATE C\u00f3rdoba la Comisi\u00f3n de Condiciones y Medio Ambiente de Trabajo de organismos nacionales. Primero se puso \u00e9nfasis en la formaci\u00f3n de compa\u00f1eras y compa\u00f1eros interesados en abordar la tem\u00e1tica, por lo cual hicimos seis talleres y cursos organizados por este espacio y el Instituto de Salud y Seguridad de las y los Trabajadores de ATE Nacional (ISSTATE). Hicimos un trayecto formativo con el ISLyMA-CTA, con la intenci\u00f3n de formar a las y los compa\u00f1eros y nutrirlos de herramientas para que sepan detectar, denunciar y abordar cualquier tipo de situaci\u00f3n que ponga en riesgo la salud en el trabajo&#8221;.<\/p>\n<p><strong>Caracter\u00edsticas<\/strong><\/p>\n<p>Giulini afirma que &#8220;queremos empezar a volcar esa experiencia a los sectores provinciales y municipales. Justamente damos inicio a este curso de formaci\u00f3n para delegados y delegadas de todos los municipios donde ATE tiene representaci\u00f3n en la provincia para hacer una formaci\u00f3n sindical integral en CyMAT y que los compa\u00f1eros tomen nociones al respecto, para que puedan sentarse a discutir con los jefes comunales e intendentes&#8221;.<\/p>\n<p>Y destac\u00f3 que &#8220;como una decisi\u00f3n pol\u00edtica conjunta del secretario General del CDP y en conjunto con las secretarias de Formaci\u00f3n y de Interior, con C\u00e9sar Theaux y Edith Innamorato a la cabeza, decidimos llevar adelante un plan de formaci\u00f3n por lo cual trabajamos en conjunto con el ISLyMA y ya est\u00e1n notificados todos los secretarios de Formaci\u00f3n de las seccionales, para que haga extensiva la invitaci\u00f3n de cada uno&#8221;.<\/p>\n<p>&#8220;Las expectativas son altas, es un sector muy postergado, entendemos que la formaci\u00f3n es importante como una forma de devolver al afiliado del conocimiento y herramienta de formaci\u00f3n para poder sentarse a discutir. No todo es salario, sino que las condiciones son importantes&#8221;, sobre todo porque &#8220;hay intendentes que muchas veces se comportan como patrones de estancia, imponiendo el miedo y clausurando la participaci\u00f3n de las y los trabajadores en una mejora de su lugar de trabajo&#8221;.<\/p>\n<p>En igual sentido se expres\u00f3 Innamorato, al se\u00f1alar que &#8220;la CyMAT no es solo higiene sino seguridad y medio ambiente ce trabajo, un concepto m\u00e1s amplio donde un trabajador debe realizar su tarea. Est\u00e1 referido tambi\u00e9n a la ropa en funci\u00f3n de su trabajo, de elementos de trabajo, una\u00a0 oficina adecuada en funci\u00f3n de la cantidad de trabajadores que all\u00ed tiene su lugar de trabajo, la ventilaci\u00f3n correspondiente, la ventilaci\u00f3n, los matafuegos a mano, la carteler\u00eda de emergencia, etc\u00e9tera&#8221;.<\/p>\n<p>La dirigente concluy\u00f3 invitando a las y los delegados a capacitarse porque &#8220;cumplir las condiciones de CyMAT es una obligaci\u00f3n de la patronal y los delegados est\u00e1n en su derecho de exigir&#8221;.<\/p>\n","protected":false},"excerpt":{"rendered":"<p>ATE C\u00f3rdoba pondr\u00e1 en marcha un taller de formaci\u00f3n sobre Condiciones y Medio Ambiente de Trabajo (CyMAT) para delegados municipales del interior provincial. Se trata de una iniciativa del Consejo Directivo Provincial para brindar herramientas de trabajo a las y los compa\u00f1eros que deben discutir con los ejecutivos municipales y necesitan fundamentos te\u00f3ricos y pr\u00e1cticos [&hellip;]<\/p>\n","protected":false},"author":7,"featured_media":21996,"comment_status":"open","ping_status":"open","sticky":true,"template":"","format":"standard","meta":{"_exactmetrics_skip_tracking":false,"_exactmetrics_sitenote_active":false,"_exactmetrics_sitenote_note":"","_exactmetrics_sitenote_category":0,"jnews-multi-image_gallery":[],"jnews_single_post":{"source_name":"","source_url":"","via_name":"","via_url":"","override_template":"0","override":[{"template":"1","single_blog_custom":"","parallax":"1","fullscreen":"0","layout":"right-sidebar","sidebar":"default-sidebar","second_sidebar":"default-sidebar","sticky_sidebar":"1","share_position":"top","share_float_style":"share-monocrhome","show_share_counter":"1","show_view_counter":"1","show_featured":"1","show_post_meta":"1","show_post_author":"1","show_post_author_image":"1","show_post_date":"1","post_date_format":"default","post_date_format_custom":"Y\/m\/d","show_post_category":"1","show_post_reading_time":"0","post_reading_time_wpm":"300","show_zoom_button":"0","zoom_button_out_step":"2","zoom_button_in_step":"3","show_post_tag":"1","show_prev_next_post":"1","show_popup_post":"1","number_popup_post":"1","show_author_box":"0","show_post_related":"0","show_inline_post_related":"0"}],"override_image_size":"0","image_override":[{"single_post_thumbnail_size":"crop-500","single_post_gallery_size":"crop-500"}],"trending_post":"0","trending_post_position":"meta","trending_post_label":"Trending","sponsored_post":"0","sponsored_post_label":"Sponsored by","sponsored_post_name":"","sponsored_post_url":"","sponsored_post_logo_enable":"0","sponsored_post_logo":"","sponsored_post_desc":""},"jnews_primary_category":{"id":""},"jnews_social_meta":{"fb_title":"","fb_description":"","fb_image":"","twitter_title":"","twitter_description":"","twitter_image":""},"jnews_review":[],"enable_review":"0","type":"percentage","name":"","summary":"","brand":"","sku":"","good":[{"good_text":""}],"bad":[{"bad_text":""}],"score_override":"","override_value":"","rating":[{"rating_text":"","rating_number":"10"}],"price":[{"shop":"","price":"","link":"","icon":""}],"jnews_override_counter":{"override_view_counter":"0","view_counter_number":"0","override_share_counter":"0","share_counter_number":"0","override_like_counter":"0","like_counter_number":"0","override_dislike_counter":"0","dislike_counter_number":"0"},"jnews_post_split":{"enable_post_split":"0","post_split":[{"template":"1","tag":"h2","numbering":"asc","mode":"normal"}]},"footnotes":""},"categories":[88,20,34],"tags":[337],"class_list":["post-21990","post","type-post","status-publish","format-standard","has-post-thumbnail","hentry","category-formacion","category-municipales","category-seccionales","tag-cymat"],"jetpack_featured_media_url":"https:\/\/atecordoba.org\/wp-content\/uploads\/2020\/09\/flyer-cymat-para-municipales.jpeg","_links":{"self":[{"href":"https:\/\/atecordoba.org\/index.php?rest_route=\/wp\/v2\/posts\/21990","targetHints":{"allow":["GET"]}}],"collection":[{"href":"https:\/\/atecordoba.org\/index.php?rest_route=\/wp\/v2\/posts"}],"about":[{"href":"https:\/\/atecordoba.org\/index.php?rest_route=\/wp\/v2\/types\/post"}],"author":[{"embeddable":true,"href":"https:\/\/atecordoba.org\/index.php?rest_route=\/wp\/v2\/users\/7"}],"replies":[{"embeddable":true,"href":"https:\/\/atecordoba.org\/index.php?rest_route=%2Fwp%2Fv2%2Fcomments&post=21990"}],"version-history":[{"count":2,"href":"https:\/\/atecordoba.org\/index.php?rest_route=\/wp\/v2\/posts\/21990\/revisions"}],"predecessor-version":[{"id":22008,"href":"https:\/\/atecordoba.org\/index.php?rest_route=\/wp\/v2\/posts\/21990\/revisions\/22008"}],"wp:featuredmedia":[{"embeddable":true,"href":"https:\/\/atecordoba.org\/index.php?rest_route=\/wp\/v2\/media\/21996"}],"wp:attachment":[{"href":"https:\/\/atecordoba.org\/index.php?rest_route=%2Fwp%2Fv2%2Fmedia&parent=21990"}],"wp:term":[{"taxonomy":"category","embeddable":true,"href":"https:\/\/atecordoba.org\/index.php?rest_route=%2Fwp%2Fv2%2Fcategories&post=21990"},{"taxonomy":"post_tag","embeddable":true,"href":"https:\/\/atecordoba.org\/index.php?rest_route=%2Fwp%2Fv2%2Ftags&post=21990"}],"curies":[{"name":"wp","href":"https:\/\/api.w.org\/{rel}","templated":true}]}}