{"id":21984,"date":"2020-09-24T14:11:58","date_gmt":"2020-09-24T17:11:58","guid":{"rendered":"https:\/\/atecordoba.org\/?p=21984"},"modified":"2020-09-24T14:11:58","modified_gmt":"2020-09-24T17:11:58","slug":"villa-libertador-ate-denuncio-en-la-justicia-al-gobierno-por-el-traslado-arbitrario-del-equipo-de-salud-mental","status":"publish","type":"post","link":"https:\/\/atecordoba.org\/?p=21984","title":{"rendered":"Villa Libertador: ATE denunci\u00f3 en la Justicia al gobierno por el traslado arbitrario del equipo de salud mental"},"content":{"rendered":"<p><img loading=\"lazy\" decoding=\"async\" class=\" wp-image-21985 aligncenter\" src=\"https:\/\/atecordoba.org\/wp-content\/uploads\/2020\/09\/tribunales-300x164.jpg\" alt=\"\" width=\"571\" height=\"312\" srcset=\"https:\/\/atecordoba.org\/wp-content\/uploads\/2020\/09\/tribunales-300x164.jpg 300w, https:\/\/atecordoba.org\/wp-content\/uploads\/2020\/09\/tribunales-768x419.jpg 768w, https:\/\/atecordoba.org\/wp-content\/uploads\/2020\/09\/tribunales-750x409.jpg 750w, https:\/\/atecordoba.org\/wp-content\/uploads\/2020\/09\/tribunales.jpg 783w\" sizes=\"auto, (max-width: 571px) 100vw, 571px\" \/>El equipo jur\u00eddico de ATE C\u00f3rdoba realiz\u00f3 ayer una presentaci\u00f3n en la Justicia Contencioso Administrativa, impugnando los traslados de las trabajadoras del Equipo de Atenci\u00f3n Comunitaria (EAC) de Villa Libertador.<\/p>\n<p>Se trata de parte del personal destinado al servicio de salud mental comunitaria que se desempe\u00f1a en la sede de la calle Tilcara, clausurada a principios de abril por el Ministerio de Salud aduciendo problemas edilicios.<img loading=\"lazy\" decoding=\"async\" class=\" wp-image-21746 alignright\" src=\"https:\/\/atecordoba.org\/wp-content\/uploads\/2020\/09\/WhatsApp-Image-2020-09-15-at-11.05.23-2-300x139.jpeg\" alt=\"\" width=\"531\" height=\"246\" srcset=\"https:\/\/atecordoba.org\/wp-content\/uploads\/2020\/09\/WhatsApp-Image-2020-09-15-at-11.05.23-2-300x139.jpeg 300w, https:\/\/atecordoba.org\/wp-content\/uploads\/2020\/09\/WhatsApp-Image-2020-09-15-at-11.05.23-2-1024x473.jpeg 1024w, https:\/\/atecordoba.org\/wp-content\/uploads\/2020\/09\/WhatsApp-Image-2020-09-15-at-11.05.23-2-768x355.jpeg 768w, https:\/\/atecordoba.org\/wp-content\/uploads\/2020\/09\/WhatsApp-Image-2020-09-15-at-11.05.23-2-750x347.jpeg 750w, https:\/\/atecordoba.org\/wp-content\/uploads\/2020\/09\/WhatsApp-Image-2020-09-15-at-11.05.23-2.jpeg 1032w\" sizes=\"auto, (max-width: 531px) 100vw, 531px\" \/><\/p>\n<p>ATE llev\u00f3 adelante una<a href=\"https:\/\/atecordoba.org\/?p=21507\"> serie de acciones gremiales<\/a> a los fines de restituir el servicio, rechazando a su vez el traslado de las trabajadoras por tratarse de persecuci\u00f3n sindical y pol\u00edtica de parte de funcionarios de la cartera sanitaria y <a href=\"https:\/\/atecordoba.org\/?p=21737\">exigiendo tanto la restituci\u00f3n de la atenci\u00f3n como la reinstalaci\u00f3n de las compa\u00f1eras<\/a>.<\/p>\n<p>Logrado el primer paso, queda pendiente el segundo, como dijo hace 10 d\u00edas el secretario General de ATE C\u00f3rdoba, Federico Giuliani, durante la radio abierta realizada en la plaza central de Villa Libertador, donde ATE convoc\u00f3 a los vecinos a apoyar la lucha en defensa de las trabajadoras. \u201ceste barrio tiene historia que no empieza cuando venimos y se termina cuando nos vamos. Es un recorrido, una pel\u00edcula. Vamos a seguir en la pelea, sin prisa pero sin pausa, definimos un plan de lucha que se construye ladrillo por ladrillo. La semana pasada el gobierno de Schiaretti festejaba la reapertura del local. Pero se equivocan, esa sede se abri\u00f3 por la presi\u00f3n de los vecinos, por la pelea de ATE y la CTA y por la lucha inquebrantable de las compa\u00f1eras que fueron trasladadas\u201d, se\u00f1al\u00f3.<\/p>\n<p><strong>Pata judicial<\/strong><\/p>\n<p>Ahora, al plan de lucha gremial y su extensi\u00f3n a la comunidad se suma la denuncia judicial. La abogada de ATE, Mar\u00eda Terragno, explic\u00f3 que se trata de \u201cuna demanda contencioso administrativa, impugnando dos resoluciones que disponen el traslado de las compa\u00f1eras\u00a0 psic\u00f3logas y enfermeras que se desempe\u00f1aban en el Equipos de <img loading=\"lazy\" decoding=\"async\" class=\" wp-image-21986 alignleft\" src=\"https:\/\/atecordoba.org\/wp-content\/uploads\/2020\/09\/terragno.jpg\" alt=\"\" width=\"422\" height=\"430\" \/>Atenci\u00f3n Comunitaria de Villa Libertador. Ellas vienen trabajando desde hace m\u00e1s de 20 a\u00f1os, conformando un equipo de salud mental que construy\u00f3 redes y diversas articulaciones con vecinos y vecinas\u201d.<\/p>\n<p>Y apunt\u00f3 como fundamento que \u201clos traslados persiguen la desarticulaci\u00f3n del trabajo de redes, el Estado como empleador tiene la facultad de modificar condiciones de trabajo, llamado <em>\u2018ius variandi\u2019<\/em>. Pero esa facultad no debe ser arbitraria ni abusiva, sino razonable. Esto no se encuentra en el caso: en plena pandemia este centro de atenci\u00f3n ubicado en el coraz\u00f3n de Villa Libertador fue cerrado, aduciendo que se iban a realizar refacciones edilicias que nunca sucedieron, las compa\u00f1eras fueron trasladadas sucesivamente de un lugar a otro porque no ten\u00edan d\u00f3nde trabajar y, finalmente, el centro comunitario fue reabierto pero sin las trabajadoras\u201d.<\/p>\n<p>La letrada denunci\u00f3 que \u201cla reapertura demuestra el car\u00e1cter persecutorio, discriminatorio y falto de raz\u00f3n de las resoluciones ministeriales porque dejaron a las trabajadoras afuera, atento a que se trata de personal con larga experiencia y capacitaci\u00f3n para atender las demandas sanitarias del sector. Los traslados constituyen actos ilegales, arbitrarios e irracionales y eso fue lo que impugnamos\u201d.<\/p>\n<p>Por otro lado, Terragno explic\u00f3 que \u201cadem\u00e1s esta acci\u00f3n de nulidad, pedimos una medida cautelar porque entendemos que est\u00e1n siendo vulnerados los derechos de las trabajadoras y de los vecinos y vecinas como beneficiarios del servicios. Hablamos tratamientos terap\u00e9uticos que no es conveniente cambiar de profesional, sobre todo ante patolog\u00edas graves generadas por situaciones como violencia de g\u00e9nero, adicciones, etc\u00e9tera\u201d.<\/p>\n<p>Y cerr\u00f3 cuestionando al gobierno provincial porque \u201cesta poblaci\u00f3n vulnerable se queda sin un servicio de salud mental en el marco de un cuadro de aislamiento, de pandemia, que agranda sin duda los padecimientos psicol\u00f3gicos\u201d.<\/p>\n","protected":false},"excerpt":{"rendered":"<p>El equipo jur\u00eddico de ATE C\u00f3rdoba realiz\u00f3 ayer una presentaci\u00f3n en la Justicia Contencioso Administrativa, impugnando los traslados de las trabajadoras del Equipo de Atenci\u00f3n Comunitaria (EAC) de Villa Libertador. Se trata de parte del personal destinado al servicio de salud mental comunitaria que se desempe\u00f1a en la sede de la calle Tilcara, clausurada a [&hellip;]<\/p>\n","protected":false},"author":7,"featured_media":21985,"comment_status":"open","ping_status":"open","sticky":true,"template":"","format":"standard","meta":{"_exactmetrics_skip_tracking":false,"_exactmetrics_sitenote_active":false,"_exactmetrics_sitenote_note":"","_exactmetrics_sitenote_category":0,"jnews-multi-image_gallery":[],"jnews_single_post":{"source_name":"","source_url":"","via_name":"","via_url":"","override_template":"0","override":[{"template":"1","single_blog_custom":"","parallax":"1","fullscreen":"0","layout":"right-sidebar","sidebar":"default-sidebar","second_sidebar":"default-sidebar","sticky_sidebar":"1","share_position":"top","share_float_style":"share-monocrhome","show_share_counter":"1","show_view_counter":"1","show_featured":"1","show_post_meta":"1","show_post_author":"1","show_post_author_image":"1","show_post_date":"1","post_date_format":"default","post_date_format_custom":"Y\/m\/d","show_post_category":"1","show_post_reading_time":"0","post_reading_time_wpm":"300","show_zoom_button":"0","zoom_button_out_step":"2","zoom_button_in_step":"3","show_post_tag":"1","show_prev_next_post":"1","show_popup_post":"1","number_popup_post":"1","show_author_box":"0","show_post_related":"0","show_inline_post_related":"0"}],"override_image_size":"0","image_override":[{"single_post_thumbnail_size":"crop-500","single_post_gallery_size":"crop-500"}],"trending_post":"0","trending_post_position":"meta","trending_post_label":"Trending","sponsored_post":"0","sponsored_post_label":"Sponsored by","sponsored_post_name":"","sponsored_post_url":"","sponsored_post_logo_enable":"0","sponsored_post_logo":"","sponsored_post_desc":""},"jnews_primary_category":{"id":""},"jnews_social_meta":{"fb_title":"","fb_description":"","fb_image":"","twitter_title":"","twitter_description":"","twitter_image":""},"jnews_review":[],"enable_review":"0","type":"percentage","name":"","summary":"","brand":"","sku":"","good":[{"good_text":""}],"bad":[{"bad_text":""}],"score_override":"","override_value":"","rating":[{"rating_text":"","rating_number":"10"}],"price":[{"shop":"","price":"","link":"","icon":""}],"jnews_override_counter":{"override_view_counter":"0","view_counter_number":"0","override_share_counter":"0","share_counter_number":"0","override_like_counter":"0","like_counter_number":"0","override_dislike_counter":"0","dislike_counter_number":"0"},"jnews_post_split":{"enable_post_split":"0","post_split":[{"template":"1","tag":"h2","numbering":"asc","mode":"normal"}]},"footnotes":""},"categories":[341,8],"tags":[578,470],"class_list":["post-21984","post","type-post","status-publish","format-standard","has-post-thumbnail","hentry","category-cdp","category-provinciales","tag-reinstalacion-de-las-trabajadoras","tag-villa-libertador"],"jetpack_featured_media_url":"https:\/\/atecordoba.org\/wp-content\/uploads\/2020\/09\/tribunales.jpg","_links":{"self":[{"href":"https:\/\/atecordoba.org\/index.php?rest_route=\/wp\/v2\/posts\/21984","targetHints":{"allow":["GET"]}}],"collection":[{"href":"https:\/\/atecordoba.org\/index.php?rest_route=\/wp\/v2\/posts"}],"about":[{"href":"https:\/\/atecordoba.org\/index.php?rest_route=\/wp\/v2\/types\/post"}],"author":[{"embeddable":true,"href":"https:\/\/atecordoba.org\/index.php?rest_route=\/wp\/v2\/users\/7"}],"replies":[{"embeddable":true,"href":"https:\/\/atecordoba.org\/index.php?rest_route=%2Fwp%2Fv2%2Fcomments&post=21984"}],"version-history":[{"count":1,"href":"https:\/\/atecordoba.org\/index.php?rest_route=\/wp\/v2\/posts\/21984\/revisions"}],"predecessor-version":[{"id":21989,"href":"https:\/\/atecordoba.org\/index.php?rest_route=\/wp\/v2\/posts\/21984\/revisions\/21989"}],"wp:featuredmedia":[{"embeddable":true,"href":"https:\/\/atecordoba.org\/index.php?rest_route=\/wp\/v2\/media\/21985"}],"wp:attachment":[{"href":"https:\/\/atecordoba.org\/index.php?rest_route=%2Fwp%2Fv2%2Fmedia&parent=21984"}],"wp:term":[{"taxonomy":"category","embeddable":true,"href":"https:\/\/atecordoba.org\/index.php?rest_route=%2Fwp%2Fv2%2Fcategories&post=21984"},{"taxonomy":"post_tag","embeddable":true,"href":"https:\/\/atecordoba.org\/index.php?rest_route=%2Fwp%2Fv2%2Ftags&post=21984"}],"curies":[{"name":"wp","href":"https:\/\/api.w.org\/{rel}","templated":true}]}}