{"id":2196,"date":"2012-12-18T18:14:32","date_gmt":"2012-12-18T21:14:32","guid":{"rendered":"http:\/\/www.atecordoba.org\/?p=2196"},"modified":"2012-12-18T18:14:32","modified_gmt":"2012-12-18T21:14:32","slug":"fin-de-ano-la-fiesta-del-cdp-congrego-160-companeros","status":"publish","type":"post","link":"https:\/\/atecordoba.org\/?p=2196","title":{"rendered":"Fin de a\u00f1o: la fiesta del CDP congreg\u00f3 160 compa\u00f1eros"},"content":{"rendered":"<p><em>La celebraci\u00f3n para despedir el a\u00f1o se llev\u00f3 a cabo el s\u00e1bado pasado y cont\u00f3 con la presencia del compa\u00f1ero Julio Fuentes, secretario General de ATE nacional. Mar\u00eda Teresa Romero, secretaria General del CDP, felicit\u00f3 a los compa\u00f1eros y augur\u00f3 un 2013 de compromiso y fuerte actividad de nuestro gremio. Estuvieron presentes compa\u00f1eros de la CTA C\u00f3rdoba, encabezados por Guido Dreizik, secretario General de CTA Capital, y Cacho Mengarelli, de CTA provincia. El predio de Judiciales se visti\u00f3 de fiesta.<\/em><\/p>\n<p><a href=\"http:\/\/www.atecordoba.org\/wp-content\/uploads\/2012\/12\/IMG_36121.jpg\"><img loading=\"lazy\" decoding=\"async\" class=\"aligncenter size-medium wp-image-2198\" title=\"IMG_3612\" src=\"http:\/\/www.atecordoba.org\/wp-content\/uploads\/2012\/12\/IMG_36121-300x225.jpg\" alt=\"\" width=\"300\" height=\"225\" \/><\/a><\/p>\n\n","protected":false},"excerpt":{"rendered":"<p>La celebraci\u00f3n para despedir el a\u00f1o se llev\u00f3 a cabo el s\u00e1bado pasado y cont\u00f3 con la presencia del compa\u00f1ero Julio Fuentes, secretario General de ATE nacional. Mar\u00eda Teresa Romero, secretaria General del CDP, felicit\u00f3 a los compa\u00f1eros y augur\u00f3 un 2013 de compromiso y fuerte actividad de nuestro gremio. Estuvieron presentes compa\u00f1eros de la [&hellip;]<\/p>\n","protected":false},"author":1,"featured_media":19220,"comment_status":"open","ping_status":"open","sticky":false,"template":"","format":"standard","meta":{"_exactmetrics_skip_tracking":false,"_exactmetrics_sitenote_active":false,"_exactmetrics_sitenote_note":"","_exactmetrics_sitenote_category":0,"jnews-multi-image_gallery":[],"jnews_single_post":[],"jnews_primary_category":[],"jnews_social_meta":[],"jnews_review":[],"enable_review":"","type":"","name":"","summary":"","brand":"","sku":"","good":[],"bad":[],"score_override":"","override_value":"","rating":[],"price":[],"jnews_override_counter":[],"jnews_post_split":[],"footnotes":""},"categories":[1],"tags":[],"class_list":["post-2196","post","type-post","status-publish","format-standard","has-post-thumbnail","hentry","category-sin-categoria"],"jetpack_featured_media_url":"https:\/\/atecordoba.org\/wp-content\/uploads\/2020\/05\/logo-nuevochico-e1561581322808.png","_links":{"self":[{"href":"https:\/\/atecordoba.org\/index.php?rest_route=\/wp\/v2\/posts\/2196","targetHints":{"allow":["GET"]}}],"collection":[{"href":"https:\/\/atecordoba.org\/index.php?rest_route=\/wp\/v2\/posts"}],"about":[{"href":"https:\/\/atecordoba.org\/index.php?rest_route=\/wp\/v2\/types\/post"}],"author":[{"embeddable":true,"href":"https:\/\/atecordoba.org\/index.php?rest_route=\/wp\/v2\/users\/1"}],"replies":[{"embeddable":true,"href":"https:\/\/atecordoba.org\/index.php?rest_route=%2Fwp%2Fv2%2Fcomments&post=2196"}],"version-history":[{"count":0,"href":"https:\/\/atecordoba.org\/index.php?rest_route=\/wp\/v2\/posts\/2196\/revisions"}],"wp:featuredmedia":[{"embeddable":true,"href":"https:\/\/atecordoba.org\/index.php?rest_route=\/wp\/v2\/media\/19220"}],"wp:attachment":[{"href":"https:\/\/atecordoba.org\/index.php?rest_route=%2Fwp%2Fv2%2Fmedia&parent=2196"}],"wp:term":[{"taxonomy":"category","embeddable":true,"href":"https:\/\/atecordoba.org\/index.php?rest_route=%2Fwp%2Fv2%2Fcategories&post=2196"},{"taxonomy":"post_tag","embeddable":true,"href":"https:\/\/atecordoba.org\/index.php?rest_route=%2Fwp%2Fv2%2Ftags&post=2196"}],"curies":[{"name":"wp","href":"https:\/\/api.w.org\/{rel}","templated":true}]}}