{"id":21953,"date":"2020-09-23T12:16:34","date_gmt":"2020-09-23T15:16:34","guid":{"rendered":"https:\/\/atecordoba.org\/?p=21953"},"modified":"2020-09-23T12:16:34","modified_gmt":"2020-09-23T15:16:34","slug":"asamblea-en-dioxitek-por-la-paritaria","status":"publish","type":"post","link":"https:\/\/atecordoba.org\/?p=21953","title":{"rendered":"Asamblea en Dioxitek por la paritaria"},"content":{"rendered":"<p><img loading=\"lazy\" decoding=\"async\" class=\" wp-image-21951 aligncenter\" src=\"https:\/\/atecordoba.org\/wp-content\/uploads\/2020\/09\/dioxitek_asamblea-300x225.jpeg\" alt=\"\" width=\"593\" height=\"445\" srcset=\"https:\/\/atecordoba.org\/wp-content\/uploads\/2020\/09\/dioxitek_asamblea-300x225.jpeg 300w, https:\/\/atecordoba.org\/wp-content\/uploads\/2020\/09\/dioxitek_asamblea-1024x767.jpeg 1024w, https:\/\/atecordoba.org\/wp-content\/uploads\/2020\/09\/dioxitek_asamblea-768x575.jpeg 768w, https:\/\/atecordoba.org\/wp-content\/uploads\/2020\/09\/dioxitek_asamblea-750x562.jpeg 750w, https:\/\/atecordoba.org\/wp-content\/uploads\/2020\/09\/dioxitek_asamblea-1140x854.jpeg 1140w, https:\/\/atecordoba.org\/wp-content\/uploads\/2020\/09\/dioxitek_asamblea.jpeg 1280w\" sizes=\"auto, (max-width: 593px) 100vw, 593px\" \/><\/p>\n<p>En el marco de las asambleas que diversos sectores del Estado nacional llevan adelante para fijar posiciones frente a la paritaria nacional, ayer se realiz\u00f3 una asamblea de trabajadores y trabajadoras en la empresa Dioxitek, que suministra el insumo b\u00e1sico para el funcionamiento de las centrales nucleares de nuestro pa\u00eds.<br \/>\nEn la oportunidad, las y los compa\u00f1eros ratificaron el pedido de recomposici\u00f3n salarial ante la p\u00e9rdida de poder adquisitivo de los haberes de los estatales por la inflaci\u00f3n y el gobierno macrista.<br \/>\n&#8220;Hay que cerrar la paritaria 2019 que est\u00e1 inconclusa y encargar la paritaria 2020 con un aumento que no nos haga perder salario frente a la inflaci\u00f3n de este a\u00f1o, que ronda el 40%&#8221;, dijo el delegado de ATE Cristian Lepez.<\/p>\n","protected":false},"excerpt":{"rendered":"<p>En el marco de las asambleas que diversos sectores del Estado nacional llevan adelante para fijar posiciones frente a la paritaria nacional, ayer se realiz\u00f3 una asamblea de trabajadores y trabajadoras en la empresa Dioxitek, que suministra el insumo b\u00e1sico para el funcionamiento de las centrales nucleares de nuestro pa\u00eds. En la oportunidad, las y [&hellip;]<\/p>\n","protected":false},"author":7,"featured_media":21951,"comment_status":"open","ping_status":"open","sticky":true,"template":"","format":"standard","meta":{"_exactmetrics_skip_tracking":false,"_exactmetrics_sitenote_active":false,"_exactmetrics_sitenote_note":"","_exactmetrics_sitenote_category":0,"jnews-multi-image_gallery":[],"jnews_single_post":{"source_name":"","source_url":"","via_name":"","via_url":"","override_template":"0","override":[{"template":"1","single_blog_custom":"","parallax":"1","fullscreen":"0","layout":"right-sidebar","sidebar":"default-sidebar","second_sidebar":"default-sidebar","sticky_sidebar":"1","share_position":"top","share_float_style":"share-monocrhome","show_share_counter":"1","show_view_counter":"1","show_featured":"1","show_post_meta":"1","show_post_author":"1","show_post_author_image":"1","show_post_date":"1","post_date_format":"default","post_date_format_custom":"Y\/m\/d","show_post_category":"1","show_post_reading_time":"0","post_reading_time_wpm":"300","show_zoom_button":"0","zoom_button_out_step":"2","zoom_button_in_step":"3","show_post_tag":"1","show_prev_next_post":"1","show_popup_post":"1","number_popup_post":"1","show_author_box":"0","show_post_related":"0","show_inline_post_related":"0"}],"override_image_size":"0","image_override":[{"single_post_thumbnail_size":"crop-500","single_post_gallery_size":"crop-500"}],"trending_post":"0","trending_post_position":"meta","trending_post_label":"Trending","sponsored_post":"0","sponsored_post_label":"Sponsored by","sponsored_post_name":"","sponsored_post_url":"","sponsored_post_logo_enable":"0","sponsored_post_logo":"","sponsored_post_desc":""},"jnews_primary_category":{"id":""},"jnews_social_meta":{"fb_title":"","fb_description":"","fb_image":"","twitter_title":"","twitter_description":"","twitter_image":""},"jnews_review":[],"enable_review":"0","type":"percentage","name":"","summary":"","brand":"","sku":"","good":[{"good_text":""}],"bad":[{"bad_text":""}],"score_override":"","override_value":"","rating":[{"rating_text":"","rating_number":"10"}],"price":[{"shop":"","price":"","link":"","icon":""}],"jnews_override_counter":{"override_view_counter":"0","view_counter_number":"0","override_share_counter":"0","share_counter_number":"0","override_like_counter":"0","like_counter_number":"0","override_dislike_counter":"0","dislike_counter_number":"0"},"jnews_post_split":{"enable_post_split":"0","post_split":[{"template":"1","tag":"h2","numbering":"asc","mode":"normal"}]},"footnotes":""},"categories":[341,18],"tags":[455],"class_list":["post-21953","post","type-post","status-publish","format-standard","has-post-thumbnail","hentry","category-cdp","category-nacionales","tag-paritaria-2020"],"jetpack_featured_media_url":"https:\/\/atecordoba.org\/wp-content\/uploads\/2020\/09\/dioxitek_asamblea.jpeg","_links":{"self":[{"href":"https:\/\/atecordoba.org\/index.php?rest_route=\/wp\/v2\/posts\/21953","targetHints":{"allow":["GET"]}}],"collection":[{"href":"https:\/\/atecordoba.org\/index.php?rest_route=\/wp\/v2\/posts"}],"about":[{"href":"https:\/\/atecordoba.org\/index.php?rest_route=\/wp\/v2\/types\/post"}],"author":[{"embeddable":true,"href":"https:\/\/atecordoba.org\/index.php?rest_route=\/wp\/v2\/users\/7"}],"replies":[{"embeddable":true,"href":"https:\/\/atecordoba.org\/index.php?rest_route=%2Fwp%2Fv2%2Fcomments&post=21953"}],"version-history":[{"count":1,"href":"https:\/\/atecordoba.org\/index.php?rest_route=\/wp\/v2\/posts\/21953\/revisions"}],"predecessor-version":[{"id":21954,"href":"https:\/\/atecordoba.org\/index.php?rest_route=\/wp\/v2\/posts\/21953\/revisions\/21954"}],"wp:featuredmedia":[{"embeddable":true,"href":"https:\/\/atecordoba.org\/index.php?rest_route=\/wp\/v2\/media\/21951"}],"wp:attachment":[{"href":"https:\/\/atecordoba.org\/index.php?rest_route=%2Fwp%2Fv2%2Fmedia&parent=21953"}],"wp:term":[{"taxonomy":"category","embeddable":true,"href":"https:\/\/atecordoba.org\/index.php?rest_route=%2Fwp%2Fv2%2Fcategories&post=21953"},{"taxonomy":"post_tag","embeddable":true,"href":"https:\/\/atecordoba.org\/index.php?rest_route=%2Fwp%2Fv2%2Ftags&post=21953"}],"curies":[{"name":"wp","href":"https:\/\/api.w.org\/{rel}","templated":true}]}}