{"id":21952,"date":"2020-09-23T12:25:32","date_gmt":"2020-09-23T15:25:32","guid":{"rendered":"https:\/\/atecordoba.org\/?p=21952"},"modified":"2020-09-23T14:09:19","modified_gmt":"2020-09-23T17:09:19","slug":"cabildo-abierto-de-ate-y-ctaa-frente-a-la-caja-de-jubilaciones-de-cordoba","status":"publish","type":"post","link":"https:\/\/atecordoba.org\/?p=21952","title":{"rendered":"Cabildo Abierto de ATE y CTAA frente a la Caja de Jubilaciones de C\u00f3rdoba."},"content":{"rendered":"<p><img loading=\"lazy\" decoding=\"async\" class=\"aligncenter wp-image-21955\" src=\"https:\/\/atecordoba.org\/wp-content\/uploads\/2020\/09\/WhatsApp-Image-2020-09-23-at-10.56.19-1-300x169.jpeg\" alt=\"SE realiz\u00f3 un corte de calle frente al organismo previsional. \" width=\"600\" height=\"338\" srcset=\"https:\/\/atecordoba.org\/wp-content\/uploads\/2020\/09\/WhatsApp-Image-2020-09-23-at-10.56.19-1-300x169.jpeg 300w, https:\/\/atecordoba.org\/wp-content\/uploads\/2020\/09\/WhatsApp-Image-2020-09-23-at-10.56.19-1-1024x576.jpeg 1024w, https:\/\/atecordoba.org\/wp-content\/uploads\/2020\/09\/WhatsApp-Image-2020-09-23-at-10.56.19-1-768x432.jpeg 768w, https:\/\/atecordoba.org\/wp-content\/uploads\/2020\/09\/WhatsApp-Image-2020-09-23-at-10.56.19-1-750x422.jpeg 750w, https:\/\/atecordoba.org\/wp-content\/uploads\/2020\/09\/WhatsApp-Image-2020-09-23-at-10.56.19-1-1140x641.jpeg 1140w, https:\/\/atecordoba.org\/wp-content\/uploads\/2020\/09\/WhatsApp-Image-2020-09-23-at-10.56.19-1.jpeg 1280w\" sizes=\"auto, (max-width: 600px) 100vw, 600px\" \/><\/p>\n<p>En una nueva acci\u00f3n directa frente al brutal ajuste que el Gobierno de C\u00f3rdoba aplica sobre las y los trabajadores y los sectores m\u00e1s vulnerables, hoy se llev\u00f3 a cabo frente a la Caja de Jubilaciones y Pensiones de la Provincia un Cabildo Abierto en Defensa del Sistema Previsional.<\/p>\n<figure id=\"attachment_21956\" aria-describedby=\"caption-attachment-21956\" style=\"width: 460px\" class=\"wp-caption alignright\"><img loading=\"lazy\" decoding=\"async\" class=\"wp-image-21956\" src=\"https:\/\/atecordoba.org\/wp-content\/uploads\/2020\/09\/WhatsApp-Image-2020-09-23-at-10.56.17-300x169.jpeg\" alt=\"\" width=\"460\" height=\"259\" srcset=\"https:\/\/atecordoba.org\/wp-content\/uploads\/2020\/09\/WhatsApp-Image-2020-09-23-at-10.56.17-300x169.jpeg 300w, https:\/\/atecordoba.org\/wp-content\/uploads\/2020\/09\/WhatsApp-Image-2020-09-23-at-10.56.17-1024x576.jpeg 1024w, https:\/\/atecordoba.org\/wp-content\/uploads\/2020\/09\/WhatsApp-Image-2020-09-23-at-10.56.17-768x432.jpeg 768w, https:\/\/atecordoba.org\/wp-content\/uploads\/2020\/09\/WhatsApp-Image-2020-09-23-at-10.56.17-750x422.jpeg 750w, https:\/\/atecordoba.org\/wp-content\/uploads\/2020\/09\/WhatsApp-Image-2020-09-23-at-10.56.17-1140x641.jpeg 1140w, https:\/\/atecordoba.org\/wp-content\/uploads\/2020\/09\/WhatsApp-Image-2020-09-23-at-10.56.17.jpeg 1280w\" sizes=\"auto, (max-width: 460px) 100vw, 460px\" \/><figcaption id=\"caption-attachment-21956\" class=\"wp-caption-text\">Con barbijo, Federico Giuliani, secretario General de ATE C\u00f3rdoba.<\/figcaption><\/figure>\n<p>ATE y la CTAA realizaron un acto en la esquina de Rosario de Santa Fe y Alvear, en la capital provincial, repudiando la Reforma Previsional de la gesti\u00f3n de Juan Schiaretti y en continuidad con la campa\u00f1a en defensa del sistema previsional que el gobernador est\u00e1 ensa\u00f1ado con destruir, como una l\u00ednea de conducta permanente durante sus tres mandatos.<\/p>\n<p>Tras el rechazo inmediato a la ley aprobada en plena pandemia por una Legislatura plagada de manos de yeso y la presentaci\u00f3n de un amparo debido a la inconstitucionalidad de la norma, el rechazo a la pol\u00edtica de ajuste provincial sigue creciendo.<\/p>\n<p>En tal sentido, el secretario General de ATE C\u00f3rdoba, Federico Giuliani dijo durante el acto que \u201cratificamos la unidad en la calle, en este caso acompa\u00f1ando a nuestros jubilados y jubiladas de ATE pero tambi\u00e9n junto a organizaciones hermanas como el Foro Solidario y la CTA, expresando nuestro rechazo a la reforma previsional <img loading=\"lazy\" decoding=\"async\" class=\" wp-image-21957 alignleft\" src=\"https:\/\/atecordoba.org\/wp-content\/uploads\/2020\/09\/WhatsApp-Image-2020-09-23-at-10.56.17-1-300x169.jpeg\" alt=\"\" width=\"467\" height=\"263\" srcset=\"https:\/\/atecordoba.org\/wp-content\/uploads\/2020\/09\/WhatsApp-Image-2020-09-23-at-10.56.17-1-300x169.jpeg 300w, https:\/\/atecordoba.org\/wp-content\/uploads\/2020\/09\/WhatsApp-Image-2020-09-23-at-10.56.17-1-1024x576.jpeg 1024w, https:\/\/atecordoba.org\/wp-content\/uploads\/2020\/09\/WhatsApp-Image-2020-09-23-at-10.56.17-1-768x432.jpeg 768w, https:\/\/atecordoba.org\/wp-content\/uploads\/2020\/09\/WhatsApp-Image-2020-09-23-at-10.56.17-1-750x422.jpeg 750w, https:\/\/atecordoba.org\/wp-content\/uploads\/2020\/09\/WhatsApp-Image-2020-09-23-at-10.56.17-1-1140x641.jpeg 1140w, https:\/\/atecordoba.org\/wp-content\/uploads\/2020\/09\/WhatsApp-Image-2020-09-23-at-10.56.17-1.jpeg 1280w\" sizes=\"auto, (max-width: 467px) 100vw, 467px\" \/>de Schiaretti, donde nuevamente se cercenan derechos. Como en el cabildo de 1810 el pueblo quer\u00eda saber de qu\u00e9 se trata, esta reforma avanza sobre conquistas hist\u00f3ricas e hipoteca el futuro de quienes hoy trabajan y aportan religiosamente a la Caja provincial\u201d.<\/p>\n<p>El dirigente explic\u00f3 que \u201cen ese marco, planteamos nuestro rechazo a la reforma porque viola derechos consagrados de la constituci\u00f3n cordobesa, la Constituci\u00f3n nacional e incluso de la Corte Interamericana de DDHH. Adem\u00e1s, va en contra de los principios de la OIT porque ataca la progresividad y tiene un sesgo de violencia de g\u00e9nero porque son mujeres ocho de cada diez pensionadas afectadas por el recorte. Estamos ac\u00e1 dando la pelea hist\u00f3rica por el 82% m\u00f3vil, pero tambi\u00e9n planteamos la discusi\u00f3n pol\u00edtica sobre la Caja porque es un organismos que debe tener si o si representantes del movimiento obrero en su directorio, como lo establece la ley. No debe ser la caja negra de los gobiernos de turno, que echan mano para tapar otros baches como la propaganda fenomenal que se paga a los grandes medios de comunicaci\u00f3n o las obras fara\u00f3nicas que no sirven para mejorar la calidad de vida de la gente. Queremos una Caja al servicio del pueblo\u201d.<img loading=\"lazy\" decoding=\"async\" class=\" wp-image-21958 alignright\" src=\"https:\/\/atecordoba.org\/wp-content\/uploads\/2020\/09\/WhatsApp-Image-2020-09-23-at-10.56.16-1-300x169.jpeg\" alt=\"\" width=\"437\" height=\"246\" srcset=\"https:\/\/atecordoba.org\/wp-content\/uploads\/2020\/09\/WhatsApp-Image-2020-09-23-at-10.56.16-1-300x169.jpeg 300w, https:\/\/atecordoba.org\/wp-content\/uploads\/2020\/09\/WhatsApp-Image-2020-09-23-at-10.56.16-1-1024x576.jpeg 1024w, https:\/\/atecordoba.org\/wp-content\/uploads\/2020\/09\/WhatsApp-Image-2020-09-23-at-10.56.16-1-768x432.jpeg 768w, https:\/\/atecordoba.org\/wp-content\/uploads\/2020\/09\/WhatsApp-Image-2020-09-23-at-10.56.16-1-750x422.jpeg 750w, https:\/\/atecordoba.org\/wp-content\/uploads\/2020\/09\/WhatsApp-Image-2020-09-23-at-10.56.16-1-1140x641.jpeg 1140w, https:\/\/atecordoba.org\/wp-content\/uploads\/2020\/09\/WhatsApp-Image-2020-09-23-at-10.56.16-1.jpeg 1280w\" sizes=\"auto, (max-width: 437px) 100vw, 437px\" \/><\/p>\n<p>Y concluy\u00f3 afirmando que \u201cla pelea es integral. La demanda de inconstitucionalidad en el Tribunal Superior de Justicia viene avanzando lentamente, los tiempos de la justicia no son los de nuestro pueblo, pero el planteo judicial de ATE super\u00f3 dos instancias formales y estamos aguardando la resoluci\u00f3n definitiva para saber si apelamos o no. Pero apenas tengamos una novedad veremos c\u00f3mo seguir, porque en caso de rechazarse el planteo, ATE va a concurrir a la instancia internacional por la violaci\u00f3n que significa a los DDHH y a la OIT por el sesgo de g\u00e9nero que tiene la medida\u201d.<\/p>\n<p>En la oportunidad, estuvieron presentes otros miembros del Consejo Directivo Provincial, como el secretario de Acci\u00f3n Social, Ivan Contreras, de Organizaci\u00f3n, Omar Alerzia, Gremial, Daniel Pawluchuzk, y Progremial, Roberto Calvetti.<\/p>\n<p><img loading=\"lazy\" decoding=\"async\" class=\"alignnone size-medium wp-image-21959\" src=\"https:\/\/atecordoba.org\/wp-content\/uploads\/2020\/09\/WhatsApp-Image-2020-09-23-at-10.56.19-300x169.jpeg\" alt=\"\" width=\"300\" height=\"169\" srcset=\"https:\/\/atecordoba.org\/wp-content\/uploads\/2020\/09\/WhatsApp-Image-2020-09-23-at-10.56.19-300x169.jpeg 300w, https:\/\/atecordoba.org\/wp-content\/uploads\/2020\/09\/WhatsApp-Image-2020-09-23-at-10.56.19-1024x576.jpeg 1024w, https:\/\/atecordoba.org\/wp-content\/uploads\/2020\/09\/WhatsApp-Image-2020-09-23-at-10.56.19-768x432.jpeg 768w, https:\/\/atecordoba.org\/wp-content\/uploads\/2020\/09\/WhatsApp-Image-2020-09-23-at-10.56.19-750x422.jpeg 750w, https:\/\/atecordoba.org\/wp-content\/uploads\/2020\/09\/WhatsApp-Image-2020-09-23-at-10.56.19-1140x641.jpeg 1140w, https:\/\/atecordoba.org\/wp-content\/uploads\/2020\/09\/WhatsApp-Image-2020-09-23-at-10.56.19.jpeg 1280w\" sizes=\"auto, (max-width: 300px) 100vw, 300px\" \/> <img loading=\"lazy\" decoding=\"async\" class=\"alignnone size-medium wp-image-21960\" src=\"https:\/\/atecordoba.org\/wp-content\/uploads\/2020\/09\/WhatsApp-Image-2020-09-23-at-10.56.20-1-300x169.jpeg\" alt=\"\" width=\"300\" height=\"169\" srcset=\"https:\/\/atecordoba.org\/wp-content\/uploads\/2020\/09\/WhatsApp-Image-2020-09-23-at-10.56.20-1-300x169.jpeg 300w, https:\/\/atecordoba.org\/wp-content\/uploads\/2020\/09\/WhatsApp-Image-2020-09-23-at-10.56.20-1-1024x576.jpeg 1024w, https:\/\/atecordoba.org\/wp-content\/uploads\/2020\/09\/WhatsApp-Image-2020-09-23-at-10.56.20-1-768x432.jpeg 768w, https:\/\/atecordoba.org\/wp-content\/uploads\/2020\/09\/WhatsApp-Image-2020-09-23-at-10.56.20-1-750x422.jpeg 750w, https:\/\/atecordoba.org\/wp-content\/uploads\/2020\/09\/WhatsApp-Image-2020-09-23-at-10.56.20-1-1140x641.jpeg 1140w, https:\/\/atecordoba.org\/wp-content\/uploads\/2020\/09\/WhatsApp-Image-2020-09-23-at-10.56.20-1.jpeg 1280w\" sizes=\"auto, (max-width: 300px) 100vw, 300px\" \/> <img loading=\"lazy\" decoding=\"async\" class=\"alignnone size-medium wp-image-21961\" src=\"https:\/\/atecordoba.org\/wp-content\/uploads\/2020\/09\/WhatsApp-Image-2020-09-23-at-10.56.20-2-300x169.jpeg\" alt=\"\" width=\"300\" height=\"169\" srcset=\"https:\/\/atecordoba.org\/wp-content\/uploads\/2020\/09\/WhatsApp-Image-2020-09-23-at-10.56.20-2-300x169.jpeg 300w, https:\/\/atecordoba.org\/wp-content\/uploads\/2020\/09\/WhatsApp-Image-2020-09-23-at-10.56.20-2-1024x576.jpeg 1024w, https:\/\/atecordoba.org\/wp-content\/uploads\/2020\/09\/WhatsApp-Image-2020-09-23-at-10.56.20-2-768x432.jpeg 768w, https:\/\/atecordoba.org\/wp-content\/uploads\/2020\/09\/WhatsApp-Image-2020-09-23-at-10.56.20-2-750x422.jpeg 750w, https:\/\/atecordoba.org\/wp-content\/uploads\/2020\/09\/WhatsApp-Image-2020-09-23-at-10.56.20-2-1140x641.jpeg 1140w, https:\/\/atecordoba.org\/wp-content\/uploads\/2020\/09\/WhatsApp-Image-2020-09-23-at-10.56.20-2.jpeg 1280w\" sizes=\"auto, (max-width: 300px) 100vw, 300px\" \/> <img loading=\"lazy\" decoding=\"async\" class=\"alignnone size-medium wp-image-21962\" src=\"https:\/\/atecordoba.org\/wp-content\/uploads\/2020\/09\/WhatsApp-Image-2020-09-23-at-10.56.20-300x169.jpeg\" alt=\"\" width=\"300\" height=\"169\" srcset=\"https:\/\/atecordoba.org\/wp-content\/uploads\/2020\/09\/WhatsApp-Image-2020-09-23-at-10.56.20-300x169.jpeg 300w, https:\/\/atecordoba.org\/wp-content\/uploads\/2020\/09\/WhatsApp-Image-2020-09-23-at-10.56.20-1024x576.jpeg 1024w, https:\/\/atecordoba.org\/wp-content\/uploads\/2020\/09\/WhatsApp-Image-2020-09-23-at-10.56.20-768x432.jpeg 768w, https:\/\/atecordoba.org\/wp-content\/uploads\/2020\/09\/WhatsApp-Image-2020-09-23-at-10.56.20-750x422.jpeg 750w, https:\/\/atecordoba.org\/wp-content\/uploads\/2020\/09\/WhatsApp-Image-2020-09-23-at-10.56.20-1140x641.jpeg 1140w, https:\/\/atecordoba.org\/wp-content\/uploads\/2020\/09\/WhatsApp-Image-2020-09-23-at-10.56.20.jpeg 1280w\" sizes=\"auto, (max-width: 300px) 100vw, 300px\" \/> <img loading=\"lazy\" decoding=\"async\" class=\"alignnone size-medium wp-image-21963\" src=\"https:\/\/atecordoba.org\/wp-content\/uploads\/2020\/09\/WhatsApp-Image-2020-09-23-at-10.56.21-169x300.jpeg\" alt=\"\" width=\"169\" height=\"300\" srcset=\"https:\/\/atecordoba.org\/wp-content\/uploads\/2020\/09\/WhatsApp-Image-2020-09-23-at-10.56.21-169x300.jpeg 169w, https:\/\/atecordoba.org\/wp-content\/uploads\/2020\/09\/WhatsApp-Image-2020-09-23-at-10.56.21-576x1024.jpeg 576w, https:\/\/atecordoba.org\/wp-content\/uploads\/2020\/09\/WhatsApp-Image-2020-09-23-at-10.56.21.jpeg 720w\" sizes=\"auto, (max-width: 169px) 100vw, 169px\" \/> <img loading=\"lazy\" decoding=\"async\" class=\"alignnone size-medium wp-image-21964\" src=\"https:\/\/atecordoba.org\/wp-content\/uploads\/2020\/09\/WhatsApp-Image-2020-09-23-at-10.56.23-300x169.jpeg\" alt=\"\" width=\"300\" height=\"169\" srcset=\"https:\/\/atecordoba.org\/wp-content\/uploads\/2020\/09\/WhatsApp-Image-2020-09-23-at-10.56.23-300x169.jpeg 300w, https:\/\/atecordoba.org\/wp-content\/uploads\/2020\/09\/WhatsApp-Image-2020-09-23-at-10.56.23-1024x576.jpeg 1024w, https:\/\/atecordoba.org\/wp-content\/uploads\/2020\/09\/WhatsApp-Image-2020-09-23-at-10.56.23-768x432.jpeg 768w, https:\/\/atecordoba.org\/wp-content\/uploads\/2020\/09\/WhatsApp-Image-2020-09-23-at-10.56.23-750x422.jpeg 750w, https:\/\/atecordoba.org\/wp-content\/uploads\/2020\/09\/WhatsApp-Image-2020-09-23-at-10.56.23-1140x641.jpeg 1140w, https:\/\/atecordoba.org\/wp-content\/uploads\/2020\/09\/WhatsApp-Image-2020-09-23-at-10.56.23.jpeg 1280w\" sizes=\"auto, (max-width: 300px) 100vw, 300px\" \/> <img loading=\"lazy\" decoding=\"async\" class=\"alignnone size-medium wp-image-21965\" src=\"https:\/\/atecordoba.org\/wp-content\/uploads\/2020\/09\/WhatsApp-Image-2020-09-23-at-10.56.24-1-300x169.jpeg\" alt=\"\" width=\"300\" height=\"169\" srcset=\"https:\/\/atecordoba.org\/wp-content\/uploads\/2020\/09\/WhatsApp-Image-2020-09-23-at-10.56.24-1-300x169.jpeg 300w, https:\/\/atecordoba.org\/wp-content\/uploads\/2020\/09\/WhatsApp-Image-2020-09-23-at-10.56.24-1-1024x576.jpeg 1024w, https:\/\/atecordoba.org\/wp-content\/uploads\/2020\/09\/WhatsApp-Image-2020-09-23-at-10.56.24-1-768x432.jpeg 768w, https:\/\/atecordoba.org\/wp-content\/uploads\/2020\/09\/WhatsApp-Image-2020-09-23-at-10.56.24-1-750x422.jpeg 750w, https:\/\/atecordoba.org\/wp-content\/uploads\/2020\/09\/WhatsApp-Image-2020-09-23-at-10.56.24-1-1140x641.jpeg 1140w, https:\/\/atecordoba.org\/wp-content\/uploads\/2020\/09\/WhatsApp-Image-2020-09-23-at-10.56.24-1.jpeg 1280w\" sizes=\"auto, (max-width: 300px) 100vw, 300px\" \/> <img loading=\"lazy\" decoding=\"async\" class=\"alignnone size-medium wp-image-21966\" src=\"https:\/\/atecordoba.org\/wp-content\/uploads\/2020\/09\/WhatsApp-Image-2020-09-23-at-10.56.24-2-300x169.jpeg\" alt=\"\" width=\"300\" height=\"169\" srcset=\"https:\/\/atecordoba.org\/wp-content\/uploads\/2020\/09\/WhatsApp-Image-2020-09-23-at-10.56.24-2-300x169.jpeg 300w, https:\/\/atecordoba.org\/wp-content\/uploads\/2020\/09\/WhatsApp-Image-2020-09-23-at-10.56.24-2-1024x576.jpeg 1024w, https:\/\/atecordoba.org\/wp-content\/uploads\/2020\/09\/WhatsApp-Image-2020-09-23-at-10.56.24-2-768x432.jpeg 768w, https:\/\/atecordoba.org\/wp-content\/uploads\/2020\/09\/WhatsApp-Image-2020-09-23-at-10.56.24-2-750x422.jpeg 750w, https:\/\/atecordoba.org\/wp-content\/uploads\/2020\/09\/WhatsApp-Image-2020-09-23-at-10.56.24-2-1140x641.jpeg 1140w, https:\/\/atecordoba.org\/wp-content\/uploads\/2020\/09\/WhatsApp-Image-2020-09-23-at-10.56.24-2.jpeg 1280w\" sizes=\"auto, (max-width: 300px) 100vw, 300px\" \/> <img loading=\"lazy\" decoding=\"async\" class=\"alignnone size-medium wp-image-21967\" src=\"https:\/\/atecordoba.org\/wp-content\/uploads\/2020\/09\/WhatsApp-Image-2020-09-23-at-10.56.24-300x169.jpeg\" alt=\"\" width=\"300\" height=\"169\" srcset=\"https:\/\/atecordoba.org\/wp-content\/uploads\/2020\/09\/WhatsApp-Image-2020-09-23-at-10.56.24-300x169.jpeg 300w, https:\/\/atecordoba.org\/wp-content\/uploads\/2020\/09\/WhatsApp-Image-2020-09-23-at-10.56.24-1024x576.jpeg 1024w, https:\/\/atecordoba.org\/wp-content\/uploads\/2020\/09\/WhatsApp-Image-2020-09-23-at-10.56.24-768x432.jpeg 768w, https:\/\/atecordoba.org\/wp-content\/uploads\/2020\/09\/WhatsApp-Image-2020-09-23-at-10.56.24-750x422.jpeg 750w, https:\/\/atecordoba.org\/wp-content\/uploads\/2020\/09\/WhatsApp-Image-2020-09-23-at-10.56.24-1140x641.jpeg 1140w, https:\/\/atecordoba.org\/wp-content\/uploads\/2020\/09\/WhatsApp-Image-2020-09-23-at-10.56.24.jpeg 1280w\" sizes=\"auto, (max-width: 300px) 100vw, 300px\" \/> <img loading=\"lazy\" decoding=\"async\" class=\"alignnone size-medium wp-image-21968\" src=\"https:\/\/atecordoba.org\/wp-content\/uploads\/2020\/09\/WhatsApp-Image-2020-09-23-at-10.56.59-139x300.jpeg\" alt=\"\" width=\"139\" height=\"300\" srcset=\"https:\/\/atecordoba.org\/wp-content\/uploads\/2020\/09\/WhatsApp-Image-2020-09-23-at-10.56.59-139x300.jpeg 139w, https:\/\/atecordoba.org\/wp-content\/uploads\/2020\/09\/WhatsApp-Image-2020-09-23-at-10.56.59-473x1024.jpeg 473w, https:\/\/atecordoba.org\/wp-content\/uploads\/2020\/09\/WhatsApp-Image-2020-09-23-at-10.56.59.jpeg 477w\" sizes=\"auto, (max-width: 139px) 100vw, 139px\" \/> <img loading=\"lazy\" decoding=\"async\" class=\"alignnone size-medium wp-image-21969\" src=\"https:\/\/atecordoba.org\/wp-content\/uploads\/2020\/09\/WhatsApp-Image-2020-09-23-at-10.56.16-169x300.jpeg\" alt=\"\" width=\"169\" height=\"300\" srcset=\"https:\/\/atecordoba.org\/wp-content\/uploads\/2020\/09\/WhatsApp-Image-2020-09-23-at-10.56.16-169x300.jpeg 169w, https:\/\/atecordoba.org\/wp-content\/uploads\/2020\/09\/WhatsApp-Image-2020-09-23-at-10.56.16-576x1024.jpeg 576w, https:\/\/atecordoba.org\/wp-content\/uploads\/2020\/09\/WhatsApp-Image-2020-09-23-at-10.56.16.jpeg 720w\" sizes=\"auto, (max-width: 169px) 100vw, 169px\" \/><\/p>\n<blockquote class=\"twitter-tweet\">\n<p dir=\"ltr\" lang=\"es\"><a href=\"https:\/\/twitter.com\/hashtag\/AHORA?src=hash&amp;ref_src=twsrc%5Etfw\">#AHORA<\/a> <a href=\"https:\/\/twitter.com\/federgiuliani?ref_src=twsrc%5Etfw\">@federgiuliani<\/a> por ATE C\u00f3rdoba, en conjunto con representantes de otras organizaciones, entregan el Petitorio por la Normalizaci\u00f3n Democr\u00e1tica de la Caja de Jubilaciones de la Provincia de Cordoba. <a href=\"https:\/\/twitter.com\/hashtag\/Basta?src=hash&amp;ref_src=twsrc%5Etfw\">#Basta<\/a> <a href=\"https:\/\/twitter.com\/hashtag\/SaqueoPrevisional?src=hash&amp;ref_src=twsrc%5Etfw\">#SaqueoPrevisional<\/a> <a href=\"https:\/\/t.co\/ANxyjRKkHA\">pic.twitter.com\/ANxyjRKkHA<\/a><\/p>\n<p>\u2014 ATE C\u00f3rdoba (@ATECordoba) <a href=\"https:\/\/twitter.com\/ATECordoba\/status\/1308790372773093377?ref_src=twsrc%5Etfw\">September 23, 2020<\/a><\/p><\/blockquote>\n<p><script async src=\"https:\/\/platform.twitter.com\/widgets.js\" charset=\"utf-8\"><\/script><\/p>\n","protected":false},"excerpt":{"rendered":"<p>En una nueva acci\u00f3n directa frente al brutal ajuste que el Gobierno de C\u00f3rdoba aplica sobre las y los trabajadores y los sectores m\u00e1s vulnerables, hoy se llev\u00f3 a cabo frente a la Caja de Jubilaciones y Pensiones de la Provincia un Cabildo Abierto en Defensa del Sistema Previsional. ATE y la CTAA realizaron un [&hellip;]<\/p>\n","protected":false},"author":7,"featured_media":21956,"comment_status":"open","ping_status":"open","sticky":true,"template":"","format":"standard","meta":{"_exactmetrics_skip_tracking":false,"_exactmetrics_sitenote_active":false,"_exactmetrics_sitenote_note":"","_exactmetrics_sitenote_category":0,"jnews-multi-image_gallery":[],"jnews_single_post":{"source_name":"","source_url":"","via_name":"","via_url":"","override_template":"0","override":[{"template":"1","single_blog_custom":"","parallax":"1","fullscreen":"0","layout":"right-sidebar","sidebar":"default-sidebar","second_sidebar":"default-sidebar","sticky_sidebar":"1","share_position":"top","share_float_style":"share-monocrhome","show_share_counter":"1","show_view_counter":"1","show_featured":"1","show_post_meta":"1","show_post_author":"1","show_post_author_image":"1","show_post_date":"1","post_date_format":"default","post_date_format_custom":"Y\/m\/d","show_post_category":"1","show_post_reading_time":"0","post_reading_time_wpm":"300","show_zoom_button":"0","zoom_button_out_step":"2","zoom_button_in_step":"3","show_post_tag":"1","show_prev_next_post":"1","show_popup_post":"1","number_popup_post":"1","show_author_box":"0","show_post_related":"0","show_inline_post_related":"0"}],"override_image_size":"0","image_override":[{"single_post_thumbnail_size":"crop-500","single_post_gallery_size":"crop-500"}],"trending_post":"0","trending_post_position":"meta","trending_post_label":"Trending","sponsored_post":"0","sponsored_post_label":"Sponsored by","sponsored_post_name":"","sponsored_post_url":"","sponsored_post_logo_enable":"0","sponsored_post_logo":"","sponsored_post_desc":""},"jnews_primary_category":{"id":""},"jnews_social_meta":{"fb_title":"","fb_description":"","fb_image":"","twitter_title":"","twitter_description":"","twitter_image":""},"jnews_review":[],"enable_review":"0","type":"percentage","name":"","summary":"","brand":"","sku":"","good":[{"good_text":""}],"bad":[{"bad_text":""}],"score_override":"","override_value":"","rating":[{"rating_text":"","rating_number":"10"}],"price":[{"shop":"","price":"","link":"","icon":""}],"jnews_override_counter":{"override_view_counter":"0","view_counter_number":"0","override_share_counter":"0","share_counter_number":"0","override_like_counter":"0","like_counter_number":"0","override_dislike_counter":"0","dislike_counter_number":"0"},"jnews_post_split":{"enable_post_split":"0","post_split":[{"template":"1","tag":"h2","numbering":"asc","mode":"normal"}]},"footnotes":""},"categories":[22,8],"tags":[577,492,375],"class_list":["post-21952","post","type-post","status-publish","format-standard","has-post-thumbnail","hentry","category-jubilados","category-provinciales","tag-ajuste-previsional","tag-caja-de-jubilaciones","tag-schiaretti"],"jetpack_featured_media_url":"https:\/\/atecordoba.org\/wp-content\/uploads\/2020\/09\/WhatsApp-Image-2020-09-23-at-10.56.17.jpeg","_links":{"self":[{"href":"https:\/\/atecordoba.org\/index.php?rest_route=\/wp\/v2\/posts\/21952","targetHints":{"allow":["GET"]}}],"collection":[{"href":"https:\/\/atecordoba.org\/index.php?rest_route=\/wp\/v2\/posts"}],"about":[{"href":"https:\/\/atecordoba.org\/index.php?rest_route=\/wp\/v2\/types\/post"}],"author":[{"embeddable":true,"href":"https:\/\/atecordoba.org\/index.php?rest_route=\/wp\/v2\/users\/7"}],"replies":[{"embeddable":true,"href":"https:\/\/atecordoba.org\/index.php?rest_route=%2Fwp%2Fv2%2Fcomments&post=21952"}],"version-history":[{"count":6,"href":"https:\/\/atecordoba.org\/index.php?rest_route=\/wp\/v2\/posts\/21952\/revisions"}],"predecessor-version":[{"id":21975,"href":"https:\/\/atecordoba.org\/index.php?rest_route=\/wp\/v2\/posts\/21952\/revisions\/21975"}],"wp:featuredmedia":[{"embeddable":true,"href":"https:\/\/atecordoba.org\/index.php?rest_route=\/wp\/v2\/media\/21956"}],"wp:attachment":[{"href":"https:\/\/atecordoba.org\/index.php?rest_route=%2Fwp%2Fv2%2Fmedia&parent=21952"}],"wp:term":[{"taxonomy":"category","embeddable":true,"href":"https:\/\/atecordoba.org\/index.php?rest_route=%2Fwp%2Fv2%2Fcategories&post=21952"},{"taxonomy":"post_tag","embeddable":true,"href":"https:\/\/atecordoba.org\/index.php?rest_route=%2Fwp%2Fv2%2Ftags&post=21952"}],"curies":[{"name":"wp","href":"https:\/\/api.w.org\/{rel}","templated":true}]}}