{"id":21925,"date":"2020-09-21T17:04:08","date_gmt":"2020-09-21T20:04:08","guid":{"rendered":"https:\/\/atecordoba.org\/?p=21925"},"modified":"2020-09-22T18:51:34","modified_gmt":"2020-09-22T21:51:34","slug":"el-aumento-debe-ser-del-40","status":"publish","type":"post","link":"https:\/\/atecordoba.org\/?p=21925","title":{"rendered":"&#8220;El aumento debe ser del 40%&#8221;"},"content":{"rendered":"<div class=\"epyt-video-wrapper\"><iframe loading=\"lazy\"  style=\"display: block; margin: 0px auto;\"  id=\"_ytid_79378\"  width=\"480\" height=\"270\"  data-origwidth=\"480\" data-origheight=\"270\" src=\"https:\/\/www.youtube.com\/embed\/7HtMeYZLlSE?enablejsapi=1&#038;autoplay=0&#038;cc_load_policy=0&#038;cc_lang_pref=&#038;iv_load_policy=3&#038;loop=0&#038;rel=0&#038;fs=1&#038;playsinline=0&#038;autohide=2&#038;theme=dark&#038;color=red&#038;controls=1&#038;disablekb=0&#038;\" class=\"__youtube_prefs__  epyt-is-override  no-lazyload\" title=\"YouTube player\"  allow=\"fullscreen; accelerometer; autoplay; clipboard-write; encrypted-media; gyroscope; picture-in-picture; web-share\" referrerpolicy=\"strict-origin-when-cross-origin\" allowfullscreen data-no-lazy=\"1\" data-skipgform_ajax_framebjll=\"\"><\/iframe><\/div>\n<p>Durante las exposiciones de los distintos secretarios generales de las provincias y la conducci\u00f3n nacional, ATE C\u00f3rdoba plante\u00f3 la necesidad de recuperar salario con un aumento no menor al 40%.<\/p>\n<p>El secretario General del CDP, Federico Giuliani, fundament\u00f3 el pedido en la p\u00e9rdida de poder adquisitivo durante el macrismo y en que fue mandato del plenario general de delegados <a href=\"https:\/\/atecordoba.org\/?p=21801\">que se realiz\u00f3 la semana pasada<\/a>.<\/p>\n<p>Previamente, Giuliani hizo una pintura de la situaci\u00f3n general mirada desde C\u00f3rdoba. &#8220;Estamos en una situaci\u00f3n en la provincia, desde hace 20 d\u00edas, donde todas las semanas hay dos o tres cortes de calle y jornadas de lucha en el sector p\u00fablico de la salud provincial. El panorama es muy complejo, no solo por el alto nivel de contagios sino por el colapso del sistema sanitario. A este gobierno\u00a0 le fijan la agenda el Grupo de los 6, que son lo sectores de poder en nuestra provincia, y va a contramano de los intereses de la gente, que cada d\u00eda ve m\u00e1s dificultosa su situaci\u00f3n, no solo debido a los sanitario sino a los econ\u00f3mico&#8221;.<\/p>\n<p>&#8220;En ese sentido, venimos del mi\u00e9rcoles pasado 16 de septiembre -en una fecha muy sentida para el campo nacional y popular, un nuevo aniversario de la fusiladora de 1955, otro aniversario del asesinato de Atilio L\u00f3pez por la Triple A, que era vicegobernador de la Tendencia Revolucionaria Peronista, por la noche de los l\u00e1pices- hicimos un multitudinario plenario general de delegados y delegadas, de los sectores nacional, provincial y municipal, con la participaci\u00f3n 192 participantes, y le agradezco a Rodolfo Aguiar que estuvo en la apertura con su saludo&#8221;, record\u00f3 el dirigente.<\/p>\n<p>Y explic\u00f3: &#8220;all\u00ed salieron dos cuestiones fundamentales. Por un lado ATE C\u00f3rdoba se est\u00e1 despertando y no somos parte de la paritaria nacional&#8221;.<\/p>\n<p>&#8220;Por otro, ya tenemos un plan de lucha concreto provincial.\u00a0Estamos en la calle ya sea por problemas con el sistema de salud, en los hospitales, como hace un rato venimos de un corte en la avenida Sabattini, en\u00a0 el Polo Sanitario de la capital provincial. Una actividad muy importante que hicimos con otros sindicatos del sector salud y organizaciones, tenemos conflicto en la Senaf, en Salud Mental&#8221;, complet\u00f3.<\/p>\n<p>El secretario General de ATE C\u00f3rdoba, plante\u00f3 en la reuni\u00f3n virtual que &#8220;lo que no est\u00e1 muy definido ni claro es que vamos a hacer con los nacionales. Yo lo planteaba unos d\u00edas atr\u00e1s cuando tuvimos otra instancia de estas caracter\u00edsticas, qu\u00e9 hac\u00edamos si el gobierno no convocaba a paritarias. Lo hizo pero, cu\u00e1l va a ser la definici\u00f3n respecto a la propuesta que haga el gobierno? Cu\u00e1l es nuestra propuesta? Porque no podemos solo putear a los gobernadores, a los intendentes, pero con el gobierno nacional, llegando a fines de septiembre, no hicimos una sola medida&#8221;.<\/p>\n<p>&#8220;Desde este CDP venimos pidiendo desde principios de a\u00f1o una jornada de lucha, para los reincorporaci\u00f3n de los miles de despedidos de Estado nacional por el macrismo, hemos planteado que ya soportamos los costos de la pandemia, pusimos el lomo cuando nos pidieron, dijeron que somos esenciales pero ese magro bono de 5 mil pesos lleg\u00f3 al conjunto de las y los trabajadores de la primera l\u00ednea&#8221;, agreg\u00f3.<\/p>\n<p>Y reclam\u00f3 &#8220;la unidad de la superestructura es una cosa y la unidad de las bases es otra. A nosotros nos preguntan en los lugares de trabajo, cu\u00e1ndo vamos a generar un plan de lucha para volver a visibilizar la agenda de los sectores nacionales. Se va el 2020 y no logramos cerrar el 2019. Y no basta con partes de prensa o posicionamiento en los medios, nosotros necesitamos acci\u00f3n, as\u00ed como puteamos a Schiaretti, tenemos que salir a putear a Alberto Fern\u00e1ndez porque nos tiene debajo de la l\u00ednea de la pobreza, porque seguimos poniendo el cuerpo y la vida en contra de la pandemia, el pase a planta permanente sigue siendo una utop\u00eda, porque la CyMAT se abre a cuentagotas y no hay protocolo para la vuelta al trabajo despu\u00e9s de la pandemia. M\u00e1s que por qu\u00e9 paramos, hay que preguntarse por qu\u00e9 no paramos&#8221;.<\/p>\n<p><strong>Reivindicaciones y mandatos<\/strong><\/p>\n<p>El secretario General dijo que &#8220;el plenario general de delegados y delegadas nos mandat\u00f3 para tres cosas: que en esta reuni\u00f3n digamos que no podemos aceptar ning\u00fan tipo de acuerdo salarial del 2019 que baje del 40%, que es lo que se estima que perdimos las y los trabajadores del Estado nacional en estos \u00faltimos tiempos; se mandat\u00f3 al CDP para que haga una nota al CDN, exigiendo la participaci\u00f3n de este CDP de C\u00f3rdoba en la paritaria nacional, porque somos el tercer distrito con mayor cantidad de trabajadores y trabajadoras nacionales y porque entendemos que la paritaria es m\u00e1s amplia que Capital o Provincia, la discusi\u00f3n es federal; y se nos mandat\u00f3 para que el pr\u00f3ximo 29 de septiembre este CDP va a estar haciendo medidas de acci\u00f3n directa en los organismos nacionales, continuar con la lucha en la provincia que ya tiene 20 d\u00edas y aceitar los mecanismos para que en los municipios se construyan planes de lucha&#8221;.<\/p>\n<p>&#8220;Para terminar, dijo Giuliani, el mi\u00e9rcoles tenemos una nueva acci\u00f3n en la Caja Previsional de C\u00f3rdoba. Hubo una reforma entre gallos y medianoche que afecta a los jubilados provinciales y ah\u00ed vamos articular la pelea de nuestros centros de jubilados y jubiladas, que no est\u00e1n solo par que le digamos feliz d\u00eda del jubilado, que dicho sea de paso fue ayer y colgamos los globos y los pasacalles como nos dijo la presidenta del Centro de Jubilados Nacional, Noelia Guzm\u00e1n, sino acompa\u00f1\u00e1ndolos para que esta reforma no siga afectando el bolsillo de los que menos tienen&#8221;.<\/p>\n<p>&#8220;Como conclusi\u00f3n\u00a0 nos parecer\u00eda importante ir con un mandato, ya que esta es la m\u00e1xima representatividad de ATE a nivel nacional, \u00a0definamos un mandato con el que va a ir nuestra comitiva paritaria, y que despu\u00e9s se consulte si realmente se acepta o se va a un plan de lucha&#8221;, finaliz\u00f3.<\/p>\n<p>&nbsp;<\/p>\n","protected":false},"excerpt":{"rendered":"<p>Durante las exposiciones de los distintos secretarios generales de las provincias y la conducci\u00f3n nacional, ATE C\u00f3rdoba plante\u00f3 la necesidad de recuperar salario con un aumento no menor al 40%. El secretario General del CDP, Federico Giuliani, fundament\u00f3 el pedido en la p\u00e9rdida de poder adquisitivo durante el macrismo y en que fue mandato del [&hellip;]<\/p>\n","protected":false},"author":7,"featured_media":21894,"comment_status":"open","ping_status":"open","sticky":true,"template":"","format":"standard","meta":{"_exactmetrics_skip_tracking":false,"_exactmetrics_sitenote_active":false,"_exactmetrics_sitenote_note":"","_exactmetrics_sitenote_category":0,"jnews-multi-image_gallery":[],"jnews_single_post":{"source_name":"","source_url":"","via_name":"","via_url":"","override_template":"0","override":[{"template":"1","single_blog_custom":"","parallax":"1","fullscreen":"0","layout":"right-sidebar","sidebar":"default-sidebar","second_sidebar":"default-sidebar","sticky_sidebar":"1","share_position":"top","share_float_style":"share-monocrhome","show_share_counter":"1","show_view_counter":"1","show_featured":"1","show_post_meta":"1","show_post_author":"1","show_post_author_image":"1","show_post_date":"1","post_date_format":"default","post_date_format_custom":"Y\/m\/d","show_post_category":"1","show_post_reading_time":"0","post_reading_time_wpm":"300","show_zoom_button":"0","zoom_button_out_step":"2","zoom_button_in_step":"3","show_post_tag":"1","show_prev_next_post":"1","show_popup_post":"1","number_popup_post":"1","show_author_box":"0","show_post_related":"0","show_inline_post_related":"0"}],"override_image_size":"0","image_override":[{"single_post_thumbnail_size":"crop-500","single_post_gallery_size":"crop-500"}],"trending_post":"0","trending_post_position":"meta","trending_post_label":"Trending","sponsored_post":"0","sponsored_post_label":"Sponsored by","sponsored_post_name":"","sponsored_post_url":"","sponsored_post_logo_enable":"0","sponsored_post_logo":"","sponsored_post_desc":""},"jnews_primary_category":{"id":""},"jnews_social_meta":{"fb_title":"","fb_description":"","fb_image":"","twitter_title":"","twitter_description":"","twitter_image":""},"jnews_review":[],"enable_review":"0","type":"percentage","name":"","summary":"","brand":"","sku":"","good":[{"good_text":""}],"bad":[{"bad_text":""}],"score_override":"","override_value":"","rating":[{"rating_text":"","rating_number":"10"}],"price":[{"shop":"","price":"","link":"","icon":""}],"jnews_override_counter":{"override_view_counter":"0","view_counter_number":"0","override_share_counter":"0","share_counter_number":"0","override_like_counter":"0","like_counter_number":"0","override_dislike_counter":"0","dislike_counter_number":"0"},"jnews_post_split":{"enable_post_split":"0","post_split":[{"template":"1","tag":"h2","numbering":"asc","mode":"normal"}]},"footnotes":""},"categories":[10,18],"tags":[576],"class_list":["post-21925","post","type-post","status-publish","format-standard","has-post-thumbnail","hentry","category-accion-politica","category-nacionales","tag-comision-directiva-nacional-ampliada-con-cdp"],"jetpack_featured_media_url":"https:\/\/atecordoba.org\/wp-content\/uploads\/2020\/09\/WhatsApp-Image-2020-09-21-at-11.31.50-1.jpeg","_links":{"self":[{"href":"https:\/\/atecordoba.org\/index.php?rest_route=\/wp\/v2\/posts\/21925","targetHints":{"allow":["GET"]}}],"collection":[{"href":"https:\/\/atecordoba.org\/index.php?rest_route=\/wp\/v2\/posts"}],"about":[{"href":"https:\/\/atecordoba.org\/index.php?rest_route=\/wp\/v2\/types\/post"}],"author":[{"embeddable":true,"href":"https:\/\/atecordoba.org\/index.php?rest_route=\/wp\/v2\/users\/7"}],"replies":[{"embeddable":true,"href":"https:\/\/atecordoba.org\/index.php?rest_route=%2Fwp%2Fv2%2Fcomments&post=21925"}],"version-history":[{"count":3,"href":"https:\/\/atecordoba.org\/index.php?rest_route=\/wp\/v2\/posts\/21925\/revisions"}],"predecessor-version":[{"id":21945,"href":"https:\/\/atecordoba.org\/index.php?rest_route=\/wp\/v2\/posts\/21925\/revisions\/21945"}],"wp:featuredmedia":[{"embeddable":true,"href":"https:\/\/atecordoba.org\/index.php?rest_route=\/wp\/v2\/media\/21894"}],"wp:attachment":[{"href":"https:\/\/atecordoba.org\/index.php?rest_route=%2Fwp%2Fv2%2Fmedia&parent=21925"}],"wp:term":[{"taxonomy":"category","embeddable":true,"href":"https:\/\/atecordoba.org\/index.php?rest_route=%2Fwp%2Fv2%2Fcategories&post=21925"},{"taxonomy":"post_tag","embeddable":true,"href":"https:\/\/atecordoba.org\/index.php?rest_route=%2Fwp%2Fv2%2Ftags&post=21925"}],"curies":[{"name":"wp","href":"https:\/\/api.w.org\/{rel}","templated":true}]}}