{"id":21891,"date":"2020-09-21T14:20:56","date_gmt":"2020-09-21T17:20:56","guid":{"rendered":"https:\/\/atecordoba.org\/?p=21891"},"modified":"2020-09-21T15:11:31","modified_gmt":"2020-09-21T18:11:31","slug":"el-dia-de-la-sanidad-fue-con-lucha-en-el-polo-sanitario","status":"publish","type":"post","link":"https:\/\/atecordoba.org\/?p=21891","title":{"rendered":"El D\u00eda de la Sanidad fue con lucha en el Polo Sanitario"},"content":{"rendered":"<p><img loading=\"lazy\" decoding=\"async\" class=\" wp-image-21892 aligncenter\" src=\"https:\/\/atecordoba.org\/wp-content\/uploads\/2020\/09\/WhatsApp-Image-2020-09-21-at-11.31.50-300x169.jpeg\" alt=\"\" width=\"604\" height=\"340\" srcset=\"https:\/\/atecordoba.org\/wp-content\/uploads\/2020\/09\/WhatsApp-Image-2020-09-21-at-11.31.50-300x169.jpeg 300w, https:\/\/atecordoba.org\/wp-content\/uploads\/2020\/09\/WhatsApp-Image-2020-09-21-at-11.31.50-1024x576.jpeg 1024w, https:\/\/atecordoba.org\/wp-content\/uploads\/2020\/09\/WhatsApp-Image-2020-09-21-at-11.31.50-768x432.jpeg 768w, https:\/\/atecordoba.org\/wp-content\/uploads\/2020\/09\/WhatsApp-Image-2020-09-21-at-11.31.50-750x422.jpeg 750w, https:\/\/atecordoba.org\/wp-content\/uploads\/2020\/09\/WhatsApp-Image-2020-09-21-at-11.31.50-1140x641.jpeg 1140w, https:\/\/atecordoba.org\/wp-content\/uploads\/2020\/09\/WhatsApp-Image-2020-09-21-at-11.31.50.jpeg 1280w\" sizes=\"auto, (max-width: 604px) 100vw, 604px\" \/>Hoy se llev\u00f3 a cabo en proximidades del Polo Sanitario un acto convocado conjuntamente por ATE y la Uni\u00f3n de Trabajadores de la Salud (UTS) para reclamar una urgente intervenci\u00f3n del gobierno provincial ante el colapso del sistema sanitario de la provincial, estresado al l\u00edmite por la demanda de atenci\u00f3n de infectados por Covid 19.<\/p>\n<p>Las y los trabajadores exigieron nombramiento de personal porque los equipos de salud de los hospitales deben las bajas por enfermedad y por aumento de la demanda de atenci\u00f3n en los servicios, m\u00e1s los reemplazos habituales por jubilaciones o fallecimiento que desde hace a\u00f1os no se reemplaza, en una notoria falta de previsi\u00f3n y desatenci\u00f3n del sistema hospitalario p\u00fablico de parte del gobierno provincial.<\/p>\n<p><img loading=\"lazy\" decoding=\"async\" class=\" wp-image-21893 aligncenter\" src=\"https:\/\/atecordoba.org\/wp-content\/uploads\/2020\/09\/WhatsApp-Image-2020-09-21-at-11.31.46-2-300x169.jpeg\" alt=\"\" width=\"604\" height=\"340\" srcset=\"https:\/\/atecordoba.org\/wp-content\/uploads\/2020\/09\/WhatsApp-Image-2020-09-21-at-11.31.46-2-300x169.jpeg 300w, https:\/\/atecordoba.org\/wp-content\/uploads\/2020\/09\/WhatsApp-Image-2020-09-21-at-11.31.46-2-1024x576.jpeg 1024w, https:\/\/atecordoba.org\/wp-content\/uploads\/2020\/09\/WhatsApp-Image-2020-09-21-at-11.31.46-2-768x432.jpeg 768w, https:\/\/atecordoba.org\/wp-content\/uploads\/2020\/09\/WhatsApp-Image-2020-09-21-at-11.31.46-2-750x422.jpeg 750w, https:\/\/atecordoba.org\/wp-content\/uploads\/2020\/09\/WhatsApp-Image-2020-09-21-at-11.31.46-2-1140x641.jpeg 1140w, https:\/\/atecordoba.org\/wp-content\/uploads\/2020\/09\/WhatsApp-Image-2020-09-21-at-11.31.46-2.jpeg 1280w\" sizes=\"auto, (max-width: 604px) 100vw, 604px\" \/><\/p>\n<p>Adem\u00e1s, las y los trabajadores repudiaron las bonificaciones sectorizadas que dejan a la gran mayor\u00eda del personal fuera de la medida, al mismo tiempo que multiplica la exigencia de guardias para los profesionales beneficiados, constituyendo una prueba m\u00e1s de la precarizaci\u00f3n que inunda el sistema provincial y la escasa vocaci\u00f3n por el cuidado de las y los trabajadores de la primera l\u00ednea de atenci\u00f3n de parte del ministro Cardozo y el gobernador Schiaretti.<\/p>\n<p>En ese sentido, el secretario General de ATE C\u00f3rdoba, Federico Giuliani, dijo en el acto que \u201cclaramente hoy no es <img loading=\"lazy\" decoding=\"async\" class=\" wp-image-21894 alignright\" src=\"https:\/\/atecordoba.org\/wp-content\/uploads\/2020\/09\/WhatsApp-Image-2020-09-21-at-11.31.50-1-300x157.jpeg\" alt=\"\" width=\"445\" height=\"233\" srcset=\"https:\/\/atecordoba.org\/wp-content\/uploads\/2020\/09\/WhatsApp-Image-2020-09-21-at-11.31.50-1-300x157.jpeg 300w, https:\/\/atecordoba.org\/wp-content\/uploads\/2020\/09\/WhatsApp-Image-2020-09-21-at-11.31.50-1-768x402.jpeg 768w, https:\/\/atecordoba.org\/wp-content\/uploads\/2020\/09\/WhatsApp-Image-2020-09-21-at-11.31.50-1-750x393.jpeg 750w, https:\/\/atecordoba.org\/wp-content\/uploads\/2020\/09\/WhatsApp-Image-2020-09-21-at-11.31.50-1.jpeg 911w\" sizes=\"auto, (max-width: 445px) 100vw, 445px\" \/>un d\u00eda de festejos, pero si para conmemorar a los cientos de compa\u00f1eros y compa\u00f1eros infectados y a aquellos que dejaron la vida contra esta pelea desigual, no solo contra el Covid 19 sino tambi\u00e9n contra la desidia y el desprecio del gobernador Schiaretti con las y los trabajadores de la primera l\u00ednea de la salud p\u00fablica\u201d.<\/p>\n<p>El dirigente enumer\u00f3 los principales problemas que enfrentan los equipos de salud durante la pandemia: \u201cmalos salarios, precarizaci\u00f3n laboral, compa\u00f1eros y compa\u00f1eras que no dan m\u00e1s abasto porque falta personal. Los hospitales son muy lindos por fuera pero adentro se llueven, no hay condiciones de salubridad e higiene laboral\u201d<\/p>\n<p>En tal sentido, Giuliani afirm\u00f3 que \u201cesta pelea es de manera integral y no vamos a claudicar en reclamar que la salud no es un negocio, ni un privilegio de unos pocos que se pueden pagar el sistema privado. La salud es un <img loading=\"lazy\" decoding=\"async\" class=\" wp-image-21895 alignleft\" src=\"https:\/\/atecordoba.org\/wp-content\/uploads\/2020\/09\/WhatsApp-Image-2020-09-21-at-11.31.49-2-300x225.jpeg\" alt=\"\" width=\"419\" height=\"314\" srcset=\"https:\/\/atecordoba.org\/wp-content\/uploads\/2020\/09\/WhatsApp-Image-2020-09-21-at-11.31.49-2-300x225.jpeg 300w, https:\/\/atecordoba.org\/wp-content\/uploads\/2020\/09\/WhatsApp-Image-2020-09-21-at-11.31.49-2-1024x768.jpeg 1024w, https:\/\/atecordoba.org\/wp-content\/uploads\/2020\/09\/WhatsApp-Image-2020-09-21-at-11.31.49-2-768x576.jpeg 768w, https:\/\/atecordoba.org\/wp-content\/uploads\/2020\/09\/WhatsApp-Image-2020-09-21-at-11.31.49-2-750x563.jpeg 750w, https:\/\/atecordoba.org\/wp-content\/uploads\/2020\/09\/WhatsApp-Image-2020-09-21-at-11.31.49-2.jpeg 1032w\" sizes=\"auto, (max-width: 419px) 100vw, 419px\" \/>derecho de nuestro pueblo y ac\u00e1 estamos para defenderlo cueste lo que cueste. \u00a0H\u00e1gase cargo ministro Cardozo del colapso sanitario que hoy vive nuestra C\u00f3rdoba; que se haga cargo Schiaretti, que prioriza los intereses econ\u00f3micos de los sectores que m\u00e1s tienen por sobre la salud e nuestro pueblo\u201d.<\/p>\n<p>Y finaliz\u00f3 convocando a \u201cuna mesa donde no solo est\u00e9n los sindicatos de la salud. Tienen que estar las organizaciones sociales, pol\u00edticas y culturales que sepan plantarse ante este gobierno. La unidad es una construcci\u00f3n y se da codo a codo en la calle, no es una declamaci\u00f3n. Por eso es importante esta expresi\u00f3n de unidad que mostramos hoy\u201d.<\/p>\n<p><strong>Otras voces<\/strong><\/p>\n<p>Por su parte, la delegada del hospital Rawson, Ada Carnero, dijo que \u201choy la salud est\u00e1 de luto por este gobierno que tiene a los trabajadores por debajo de la l\u00ednea de la pobreza: exigimos aumento salarial para todos. Hacemos responsables de la situaci\u00f3n al gobernador y al ministro de Salud, que se la pasa haciendo marketing por la redes sociales y en la televisi\u00f3n oficialista, mientras tenemos trabajadores y trabajadoras que est\u00e1n dejando su vida, mientras tenemos pacientes que no pueden ser pedidos por sus seres queridos por el desastre sanitario que vivimos\u201d. <img loading=\"lazy\" decoding=\"async\" class=\" wp-image-21896 alignright\" src=\"https:\/\/atecordoba.org\/wp-content\/uploads\/2020\/09\/WhatsApp-Image-2020-09-21-at-11.31.49-3-300x225.jpeg\" alt=\"\" width=\"440\" height=\"330\" srcset=\"https:\/\/atecordoba.org\/wp-content\/uploads\/2020\/09\/WhatsApp-Image-2020-09-21-at-11.31.49-3-300x225.jpeg 300w, https:\/\/atecordoba.org\/wp-content\/uploads\/2020\/09\/WhatsApp-Image-2020-09-21-at-11.31.49-3-768x576.jpeg 768w, https:\/\/atecordoba.org\/wp-content\/uploads\/2020\/09\/WhatsApp-Image-2020-09-21-at-11.31.49-3-750x563.jpeg 750w, https:\/\/atecordoba.org\/wp-content\/uploads\/2020\/09\/WhatsApp-Image-2020-09-21-at-11.31.49-3.jpeg 1000w\" sizes=\"auto, (max-width: 440px) 100vw, 440px\" \/><\/p>\n<p>Desde el Gremio Odontol\u00f3gico Argentino apoyaron la medida de fuerza. \u201cEstamos todos en la misma situaci\u00f3n, las mutuales no pagan y cuando lo hacen no cubren siquiera los costos de las prestaciones\u201d, denunci\u00f3 un representante del sector.<\/p>\n<p>A su vez, el delegado de ATSA en el Hospital Misericordia, Jos\u00e9 Casanova, describi\u00f3 la grave situaci\u00f3n que enfrenta el nosocomio. \u201cNuestro hospital cerr\u00f3 el servicio de terapia de pediatr\u00eda para ampliar la oferta de camas Covid 19\u201d, dijo y agreg\u00f3 \u201cnosotros no vamos a poner la cara por el ministro de Salud y el Gobernador por la mala pol\u00edtica que lleva adelante el gobierno de C\u00f3rdoba en el \u00e1rea salud desde hace a\u00f1os, no cubriendo las altas por bajas, no cubriendo los fallecimientos, haciendo traslados compulsivos\u201d.<\/p>\n<p>Por su parte, Ariel G\u00f3mez de UTS, \u00a0apunt\u00f3 al gobierno provincial porque \u201cle venimos reclamando el vaciamiento de la salud publica hace 6 meses, podr\u00edan haber usado ese tiempo para recomponer el sistema con <img loading=\"lazy\" decoding=\"async\" class=\" wp-image-21897 alignleft\" src=\"https:\/\/atecordoba.org\/wp-content\/uploads\/2020\/09\/WhatsApp-Image-2020-09-21-at-11.31.50-2-300x157.jpeg\" alt=\"\" width=\"485\" height=\"254\" srcset=\"https:\/\/atecordoba.org\/wp-content\/uploads\/2020\/09\/WhatsApp-Image-2020-09-21-at-11.31.50-2-300x157.jpeg 300w, https:\/\/atecordoba.org\/wp-content\/uploads\/2020\/09\/WhatsApp-Image-2020-09-21-at-11.31.50-2-768x402.jpeg 768w, https:\/\/atecordoba.org\/wp-content\/uploads\/2020\/09\/WhatsApp-Image-2020-09-21-at-11.31.50-2-750x392.jpeg 750w, https:\/\/atecordoba.org\/wp-content\/uploads\/2020\/09\/WhatsApp-Image-2020-09-21-at-11.31.50-2.jpeg 916w\" sizes=\"auto, (max-width: 485px) 100vw, 485px\" \/>nombramientos y aumentos de haberes pero eso nunca pas\u00f3. Reclamamos un aumento de 40 mil pesos al b\u00e1sico, no para un solo sector\u201d.<\/p>\n<p>Y en esa misma l\u00ednea, el secretario Adjunto de ATE C\u00f3rdoba, Hugo Dur\u00e1n, remarc\u00f3 que para lograr mejoras \u201chace falta unidad, hay que trabajar la unidad. Queremos paritarias y aumento salarial\u201d, concluy\u00f3.<\/p>\n<p><strong>En el interior<\/strong><\/p>\n<p>La medida de fuerza llevada a cabo hoy tuvo sus r\u00e9plicas en diversos puntos de la provincia.<\/p>\n<p>Una de las localidades donde las y los trabajadores de la salud est\u00e1n planteando reclamos desde hace tiempo es Jes\u00fas Mar\u00eda, donde el personal del Hospital Regional Vicente Ag\u00fcero fue de los primeros en reclamar testeos masivos al equipo de salud, m\u00e1s all\u00e1 de que estuvieran con s\u00edntoma o no.<img loading=\"lazy\" decoding=\"async\" class=\" wp-image-21899 alignright\" src=\"https:\/\/atecordoba.org\/wp-content\/uploads\/2020\/09\/WhatsApp-Image-2020-09-21-at-12.20.35-1-300x225.jpeg\" alt=\"\" width=\"334\" height=\"250\" srcset=\"https:\/\/atecordoba.org\/wp-content\/uploads\/2020\/09\/WhatsApp-Image-2020-09-21-at-12.20.35-1-300x225.jpeg 300w, https:\/\/atecordoba.org\/wp-content\/uploads\/2020\/09\/WhatsApp-Image-2020-09-21-at-12.20.35-1-1024x768.jpeg 1024w, https:\/\/atecordoba.org\/wp-content\/uploads\/2020\/09\/WhatsApp-Image-2020-09-21-at-12.20.35-1-768x576.jpeg 768w, https:\/\/atecordoba.org\/wp-content\/uploads\/2020\/09\/WhatsApp-Image-2020-09-21-at-12.20.35-1-750x563.jpeg 750w, https:\/\/atecordoba.org\/wp-content\/uploads\/2020\/09\/WhatsApp-Image-2020-09-21-at-12.20.35-1-1140x855.jpeg 1140w, https:\/\/atecordoba.org\/wp-content\/uploads\/2020\/09\/WhatsApp-Image-2020-09-21-at-12.20.35-1.jpeg 1280w\" sizes=\"auto, (max-width: 334px) 100vw, 334px\" \/><\/p>\n<p>A trav\u00e9s de un comunicado de la gremial hospitalaria, que integra ATE, las y los trabajadores del Vicente Ag\u00fcero reclamaron, entre otros puntos, \u201cque se ponga a la salud de la poblaci\u00f3n y de los trabajadores afectados a la emergencia por delante de cualquier inter\u00e9s sectorial y se arbitren todas las medidas indispensables para la prevenci\u00f3n y asistencia de la Covid-19 y de toda otra enfermedad desatendida por la pandemia, especialmente por tratarse de un hospital referente, asegurando la provisi\u00f3n de equipamiento de alta complejidad, elementos de prevenci\u00f3n y de detecci\u00f3n viral mediante la realizaci\u00f3n sistem\u00e1tica de hisopados tanto al equipo de salud como a los pacientes internados dentro y fuera de las \u00e1reas Covid\u201d.<\/p>\n<p>En Villa Dolores, ATE Traslasierra organiz\u00f3 una caravana de veh\u00edculos que recorri\u00f3 la ciudad, desde el Hospital Regional hasta la Plaza Mitre. \u201cEl D\u00eda de la Sanidad este a\u00f1o nos encuentra luchando. Desde ATE C\u00f3rdoba <img loading=\"lazy\" decoding=\"async\" class=\" wp-image-21900 alignleft\" src=\"https:\/\/atecordoba.org\/wp-content\/uploads\/2020\/09\/WhatsApp-Image-2020-09-21-at-11.59.29-300x169.jpeg\" alt=\"\" width=\"369\" height=\"208\" srcset=\"https:\/\/atecordoba.org\/wp-content\/uploads\/2020\/09\/WhatsApp-Image-2020-09-21-at-11.59.29-300x169.jpeg 300w, https:\/\/atecordoba.org\/wp-content\/uploads\/2020\/09\/WhatsApp-Image-2020-09-21-at-11.59.29-1024x576.jpeg 1024w, https:\/\/atecordoba.org\/wp-content\/uploads\/2020\/09\/WhatsApp-Image-2020-09-21-at-11.59.29-768x432.jpeg 768w, https:\/\/atecordoba.org\/wp-content\/uploads\/2020\/09\/WhatsApp-Image-2020-09-21-at-11.59.29-750x422.jpeg 750w, https:\/\/atecordoba.org\/wp-content\/uploads\/2020\/09\/WhatsApp-Image-2020-09-21-at-11.59.29.jpeg 1032w\" sizes=\"auto, (max-width: 369px) 100vw, 369px\" \/>denunciamos el vaciamiento del sistema de salud, la falta cr\u00edtica de personal y el maltrato econ\u00f3mico a que someten a nuestras trabajadoras y trabajadores que se encuentran en la primera l\u00ednea de combate contra la pandemia\u201d, dijeron las y los compa\u00f1eros.<\/p>\n<p>Otro tanto sucedi\u00f3 en Rio Cuarto. La seccional realiz\u00f3 una convocatoria frente al Hospital Regional, donde la secretaria General, Rafael Alcoba, dijo que \u201csi somos esenciales, que lo seamos de verdad. Nuestro trabajo garantiza el derecho a la salud de toda la poblaci\u00f3n y el derecho a la salud es nuestra bandera\u201d.<\/p>\n<p>La seccional reclam\u00f3 \u201centrega de insumos, elementos de protecci\u00f3n y kits sanitarios, incorporaci\u00f3n de personal y apertura de paritarias\u201d, al tiempo que rechaz\u00f3 la reforma previsional, en consonancia a lo que nuestro gremio viene planteando desde abril pasado.<\/p>\n<div id='gallery_1' class='gallery galleryid-21891 gallery-columns-3 gallery-size-thumbnail'><figure class='gallery-item'>\n                <div class='gallery-icon landscape'>\n                    <a href='https:\/\/atecordoba.org\/wp-content\/uploads\/2020\/09\/WhatsApp-Image-2020-09-21-at-11.31.49-1.jpeg'><img loading=\"lazy\" decoding=\"async\" width=\"150\" height=\"150\" src=\"\" class=\"attachment-thumbnail size-thumbnail lazyload\" alt=\"\" data-src=\"https:\/\/atecordoba.org\/wp-content\/uploads\/2020\/09\/WhatsApp-Image-2020-09-21-at-11.31.49-1-150x150.jpeg\" data-sizes=\"auto\" data-srcset=\"https:\/\/atecordoba.org\/wp-content\/uploads\/2020\/09\/WhatsApp-Image-2020-09-21-at-11.31.49-1-150x150.jpeg 150w, https:\/\/atecordoba.org\/wp-content\/uploads\/2020\/09\/WhatsApp-Image-2020-09-21-at-11.31.49-1-560x560.jpeg 560w, https:\/\/atecordoba.org\/wp-content\/uploads\/2020\/09\/WhatsApp-Image-2020-09-21-at-11.31.49-1-75x75.jpeg 75w\" data-expand=\"700\" \/><\/a>\n                <\/div><\/figure><figure class='gallery-item'>\n                <div class='gallery-icon landscape'>\n                    <a href='https:\/\/atecordoba.org\/wp-content\/uploads\/2020\/09\/WhatsApp-Image-2020-09-21-at-11.31.49.jpeg'><img loading=\"lazy\" decoding=\"async\" width=\"150\" height=\"150\" src=\"\" class=\"attachment-thumbnail size-thumbnail lazyload\" alt=\"\" data-src=\"https:\/\/atecordoba.org\/wp-content\/uploads\/2020\/09\/WhatsApp-Image-2020-09-21-at-11.31.49-150x150.jpeg\" data-sizes=\"auto\" data-srcset=\"https:\/\/atecordoba.org\/wp-content\/uploads\/2020\/09\/WhatsApp-Image-2020-09-21-at-11.31.49-150x150.jpeg 150w, https:\/\/atecordoba.org\/wp-content\/uploads\/2020\/09\/WhatsApp-Image-2020-09-21-at-11.31.49-560x560.jpeg 560w, https:\/\/atecordoba.org\/wp-content\/uploads\/2020\/09\/WhatsApp-Image-2020-09-21-at-11.31.49-75x75.jpeg 75w\" data-expand=\"700\" \/><\/a>\n                <\/div><\/figure><figure class='gallery-item'>\n                <div class='gallery-icon landscape'>\n                    <a href='https:\/\/atecordoba.org\/wp-content\/uploads\/2020\/09\/WhatsApp-Image-2020-09-21-at-11.31.50-2-1.jpeg'><img loading=\"lazy\" decoding=\"async\" width=\"150\" height=\"150\" src=\"\" class=\"attachment-thumbnail size-thumbnail lazyload\" alt=\"\" data-src=\"https:\/\/atecordoba.org\/wp-content\/uploads\/2020\/09\/WhatsApp-Image-2020-09-21-at-11.31.50-2-1-150x150.jpeg\" data-sizes=\"auto\" data-srcset=\"https:\/\/atecordoba.org\/wp-content\/uploads\/2020\/09\/WhatsApp-Image-2020-09-21-at-11.31.50-2-1-150x150.jpeg 150w, https:\/\/atecordoba.org\/wp-content\/uploads\/2020\/09\/WhatsApp-Image-2020-09-21-at-11.31.50-2-1-75x75.jpeg 75w\" data-expand=\"700\" \/><\/a>\n                <\/div><\/figure><br style=\"clear: both\" \/><figure class='gallery-item'>\n                <div class='gallery-icon portrait'>\n                    <a href='https:\/\/atecordoba.org\/wp-content\/uploads\/2020\/09\/WhatsApp-Image-2020-09-21-at-11.31.51.jpeg'><img loading=\"lazy\" decoding=\"async\" width=\"150\" height=\"150\" src=\"\" class=\"attachment-thumbnail size-thumbnail lazyload\" alt=\"\" data-src=\"https:\/\/atecordoba.org\/wp-content\/uploads\/2020\/09\/WhatsApp-Image-2020-09-21-at-11.31.51-150x150.jpeg\" data-sizes=\"auto\" data-srcset=\"https:\/\/atecordoba.org\/wp-content\/uploads\/2020\/09\/WhatsApp-Image-2020-09-21-at-11.31.51-150x150.jpeg 150w, https:\/\/atecordoba.org\/wp-content\/uploads\/2020\/09\/WhatsApp-Image-2020-09-21-at-11.31.51-560x560.jpeg 560w, https:\/\/atecordoba.org\/wp-content\/uploads\/2020\/09\/WhatsApp-Image-2020-09-21-at-11.31.51-75x75.jpeg 75w\" data-expand=\"700\" \/><\/a>\n                <\/div><\/figure><figure class='gallery-item'>\n                <div class='gallery-icon landscape'>\n                    <a href='https:\/\/atecordoba.org\/wp-content\/uploads\/2020\/09\/WhatsApp-Image-2020-09-21-at-11.31.52-1.jpeg'><img loading=\"lazy\" decoding=\"async\" width=\"150\" height=\"150\" src=\"\" class=\"attachment-thumbnail size-thumbnail lazyload\" alt=\"\" data-src=\"https:\/\/atecordoba.org\/wp-content\/uploads\/2020\/09\/WhatsApp-Image-2020-09-21-at-11.31.52-1-150x150.jpeg\" data-sizes=\"auto\" data-srcset=\"https:\/\/atecordoba.org\/wp-content\/uploads\/2020\/09\/WhatsApp-Image-2020-09-21-at-11.31.52-1-150x150.jpeg 150w, https:\/\/atecordoba.org\/wp-content\/uploads\/2020\/09\/WhatsApp-Image-2020-09-21-at-11.31.52-1-75x75.jpeg 75w\" data-expand=\"700\" \/><\/a>\n                <\/div><\/figure><figure class='gallery-item'>\n                <div class='gallery-icon landscape'>\n                    <a href='https:\/\/atecordoba.org\/wp-content\/uploads\/2020\/09\/WhatsApp-Image-2020-09-21-at-11.31.52.jpeg'><img loading=\"lazy\" decoding=\"async\" width=\"150\" height=\"150\" src=\"\" class=\"attachment-thumbnail size-thumbnail lazyload\" alt=\"\" data-src=\"https:\/\/atecordoba.org\/wp-content\/uploads\/2020\/09\/WhatsApp-Image-2020-09-21-at-11.31.52-150x150.jpeg\" data-sizes=\"auto\" data-srcset=\"https:\/\/atecordoba.org\/wp-content\/uploads\/2020\/09\/WhatsApp-Image-2020-09-21-at-11.31.52-150x150.jpeg 150w, https:\/\/atecordoba.org\/wp-content\/uploads\/2020\/09\/WhatsApp-Image-2020-09-21-at-11.31.52-75x75.jpeg 75w\" data-expand=\"700\" \/><\/a>\n                <\/div><\/figure><br style=\"clear: both\" \/><figure class='gallery-item'>\n                <div class='gallery-icon landscape'>\n                    <a href='https:\/\/atecordoba.org\/wp-content\/uploads\/2020\/09\/WhatsApp-Image-2020-09-21-at-11.31.53.jpeg'><img loading=\"lazy\" decoding=\"async\" width=\"150\" height=\"150\" src=\"\" class=\"attachment-thumbnail size-thumbnail lazyload\" alt=\"\" data-src=\"https:\/\/atecordoba.org\/wp-content\/uploads\/2020\/09\/WhatsApp-Image-2020-09-21-at-11.31.53-150x150.jpeg\" data-sizes=\"auto\" data-srcset=\"https:\/\/atecordoba.org\/wp-content\/uploads\/2020\/09\/WhatsApp-Image-2020-09-21-at-11.31.53-150x150.jpeg 150w, https:\/\/atecordoba.org\/wp-content\/uploads\/2020\/09\/WhatsApp-Image-2020-09-21-at-11.31.53-75x75.jpeg 75w\" data-expand=\"700\" \/><\/a>\n                <\/div><\/figure><figure class='gallery-item'>\n                <div class='gallery-icon landscape'>\n                    <a href='https:\/\/atecordoba.org\/wp-content\/uploads\/2020\/09\/WhatsApp-Image-2020-09-21-at-11.59.25.jpeg'><img loading=\"lazy\" decoding=\"async\" width=\"150\" height=\"150\" src=\"\" class=\"attachment-thumbnail size-thumbnail lazyload\" alt=\"\" data-src=\"https:\/\/atecordoba.org\/wp-content\/uploads\/2020\/09\/WhatsApp-Image-2020-09-21-at-11.59.25-150x150.jpeg\" data-sizes=\"auto\" data-srcset=\"https:\/\/atecordoba.org\/wp-content\/uploads\/2020\/09\/WhatsApp-Image-2020-09-21-at-11.59.25-150x150.jpeg 150w, https:\/\/atecordoba.org\/wp-content\/uploads\/2020\/09\/WhatsApp-Image-2020-09-21-at-11.59.25-560x560.jpeg 560w, https:\/\/atecordoba.org\/wp-content\/uploads\/2020\/09\/WhatsApp-Image-2020-09-21-at-11.59.25-75x75.jpeg 75w\" data-expand=\"700\" \/><\/a>\n                <\/div><\/figure><figure class='gallery-item'>\n                <div class='gallery-icon portrait'>\n                    <a href='https:\/\/atecordoba.org\/wp-content\/uploads\/2020\/09\/WhatsApp-Image-2020-09-21-at-11.59.26.jpeg'><img loading=\"lazy\" decoding=\"async\" width=\"150\" height=\"150\" src=\"\" class=\"attachment-thumbnail size-thumbnail lazyload\" alt=\"\" data-src=\"https:\/\/atecordoba.org\/wp-content\/uploads\/2020\/09\/WhatsApp-Image-2020-09-21-at-11.59.26-150x150.jpeg\" data-sizes=\"auto\" data-srcset=\"https:\/\/atecordoba.org\/wp-content\/uploads\/2020\/09\/WhatsApp-Image-2020-09-21-at-11.59.26-150x150.jpeg 150w, https:\/\/atecordoba.org\/wp-content\/uploads\/2020\/09\/WhatsApp-Image-2020-09-21-at-11.59.26-560x560.jpeg 560w, https:\/\/atecordoba.org\/wp-content\/uploads\/2020\/09\/WhatsApp-Image-2020-09-21-at-11.59.26-75x75.jpeg 75w\" data-expand=\"700\" \/><\/a>\n                <\/div><\/figure><br style=\"clear: both\" \/><figure class='gallery-item'>\n                <div class='gallery-icon portrait'>\n                    <a href='https:\/\/atecordoba.org\/wp-content\/uploads\/2020\/09\/WhatsApp-Image-2020-09-21-at-11.59.28-1.jpeg'><img loading=\"lazy\" decoding=\"async\" width=\"150\" height=\"150\" src=\"\" class=\"attachment-thumbnail size-thumbnail lazyload\" alt=\"\" data-src=\"https:\/\/atecordoba.org\/wp-content\/uploads\/2020\/09\/WhatsApp-Image-2020-09-21-at-11.59.28-1-150x150.jpeg\" data-sizes=\"auto\" data-srcset=\"https:\/\/atecordoba.org\/wp-content\/uploads\/2020\/09\/WhatsApp-Image-2020-09-21-at-11.59.28-1-150x150.jpeg 150w, https:\/\/atecordoba.org\/wp-content\/uploads\/2020\/09\/WhatsApp-Image-2020-09-21-at-11.59.28-1-560x560.jpeg 560w, https:\/\/atecordoba.org\/wp-content\/uploads\/2020\/09\/WhatsApp-Image-2020-09-21-at-11.59.28-1-75x75.jpeg 75w\" data-expand=\"700\" \/><\/a>\n                <\/div><\/figure><figure class='gallery-item'>\n                <div class='gallery-icon portrait'>\n                    <a href='https:\/\/atecordoba.org\/wp-content\/uploads\/2020\/09\/WhatsApp-Image-2020-09-21-at-11.59.28.jpeg'><img loading=\"lazy\" decoding=\"async\" width=\"150\" height=\"150\" src=\"\" class=\"attachment-thumbnail size-thumbnail lazyload\" alt=\"\" data-src=\"https:\/\/atecordoba.org\/wp-content\/uploads\/2020\/09\/WhatsApp-Image-2020-09-21-at-11.59.28-150x150.jpeg\" data-sizes=\"auto\" data-srcset=\"https:\/\/atecordoba.org\/wp-content\/uploads\/2020\/09\/WhatsApp-Image-2020-09-21-at-11.59.28-150x150.jpeg 150w, https:\/\/atecordoba.org\/wp-content\/uploads\/2020\/09\/WhatsApp-Image-2020-09-21-at-11.59.28-560x560.jpeg 560w, https:\/\/atecordoba.org\/wp-content\/uploads\/2020\/09\/WhatsApp-Image-2020-09-21-at-11.59.28-75x75.jpeg 75w\" data-expand=\"700\" \/><\/a>\n                <\/div><\/figure><figure class='gallery-item'>\n                <div class='gallery-icon landscape'>\n                    <a href='https:\/\/atecordoba.org\/wp-content\/uploads\/2020\/09\/WhatsApp-Image-2020-09-21-at-12.20.35.jpeg'><img loading=\"lazy\" decoding=\"async\" width=\"150\" height=\"150\" src=\"\" class=\"attachment-thumbnail size-thumbnail lazyload\" alt=\"\" data-src=\"https:\/\/atecordoba.org\/wp-content\/uploads\/2020\/09\/WhatsApp-Image-2020-09-21-at-12.20.35-150x150.jpeg\" data-sizes=\"auto\" data-srcset=\"https:\/\/atecordoba.org\/wp-content\/uploads\/2020\/09\/WhatsApp-Image-2020-09-21-at-12.20.35-150x150.jpeg 150w, https:\/\/atecordoba.org\/wp-content\/uploads\/2020\/09\/WhatsApp-Image-2020-09-21-at-12.20.35-560x560.jpeg 560w, https:\/\/atecordoba.org\/wp-content\/uploads\/2020\/09\/WhatsApp-Image-2020-09-21-at-12.20.35-75x75.jpeg 75w\" data-expand=\"700\" \/><\/a>\n                <\/div><\/figure><br style=\"clear: both\" \/><figure class='gallery-item'>\n                <div class='gallery-icon landscape'>\n                    <a href='https:\/\/atecordoba.org\/wp-content\/uploads\/2020\/09\/WhatsApp-Image-2020-09-21-at-11.31.46-1.jpeg'><img loading=\"lazy\" decoding=\"async\" width=\"150\" height=\"150\" src=\"\" class=\"attachment-thumbnail size-thumbnail lazyload\" alt=\"\" data-src=\"https:\/\/atecordoba.org\/wp-content\/uploads\/2020\/09\/WhatsApp-Image-2020-09-21-at-11.31.46-1-150x150.jpeg\" data-sizes=\"auto\" data-srcset=\"https:\/\/atecordoba.org\/wp-content\/uploads\/2020\/09\/WhatsApp-Image-2020-09-21-at-11.31.46-1-150x150.jpeg 150w, https:\/\/atecordoba.org\/wp-content\/uploads\/2020\/09\/WhatsApp-Image-2020-09-21-at-11.31.46-1-560x560.jpeg 560w, https:\/\/atecordoba.org\/wp-content\/uploads\/2020\/09\/WhatsApp-Image-2020-09-21-at-11.31.46-1-75x75.jpeg 75w\" data-expand=\"700\" \/><\/a>\n                <\/div><\/figure><figure class='gallery-item'>\n                <div class='gallery-icon landscape'>\n                    <a href='https:\/\/atecordoba.org\/wp-content\/uploads\/2020\/09\/WhatsApp-Image-2020-09-21-at-11.31.46-3.jpeg'><img loading=\"lazy\" decoding=\"async\" width=\"150\" height=\"150\" src=\"\" class=\"attachment-thumbnail size-thumbnail lazyload\" alt=\"\" data-src=\"https:\/\/atecordoba.org\/wp-content\/uploads\/2020\/09\/WhatsApp-Image-2020-09-21-at-11.31.46-3-150x150.jpeg\" data-sizes=\"auto\" data-srcset=\"https:\/\/atecordoba.org\/wp-content\/uploads\/2020\/09\/WhatsApp-Image-2020-09-21-at-11.31.46-3-150x150.jpeg 150w, https:\/\/atecordoba.org\/wp-content\/uploads\/2020\/09\/WhatsApp-Image-2020-09-21-at-11.31.46-3-560x560.jpeg 560w, https:\/\/atecordoba.org\/wp-content\/uploads\/2020\/09\/WhatsApp-Image-2020-09-21-at-11.31.46-3-75x75.jpeg 75w\" data-expand=\"700\" \/><\/a>\n                <\/div><\/figure><figure class='gallery-item'>\n                <div class='gallery-icon landscape'>\n                    <a href='https:\/\/atecordoba.org\/wp-content\/uploads\/2020\/09\/WhatsApp-Image-2020-09-21-at-11.31.47-1.jpeg'><img loading=\"lazy\" decoding=\"async\" width=\"150\" height=\"150\" src=\"\" class=\"attachment-thumbnail size-thumbnail lazyload\" alt=\"\" data-src=\"https:\/\/atecordoba.org\/wp-content\/uploads\/2020\/09\/WhatsApp-Image-2020-09-21-at-11.31.47-1-150x150.jpeg\" data-sizes=\"auto\" data-srcset=\"https:\/\/atecordoba.org\/wp-content\/uploads\/2020\/09\/WhatsApp-Image-2020-09-21-at-11.31.47-1-150x150.jpeg 150w, https:\/\/atecordoba.org\/wp-content\/uploads\/2020\/09\/WhatsApp-Image-2020-09-21-at-11.31.47-1-560x560.jpeg 560w, https:\/\/atecordoba.org\/wp-content\/uploads\/2020\/09\/WhatsApp-Image-2020-09-21-at-11.31.47-1-75x75.jpeg 75w\" data-expand=\"700\" \/><\/a>\n                <\/div><\/figure><br style=\"clear: both\" \/><figure class='gallery-item'>\n                <div class='gallery-icon landscape'>\n                    <a href='https:\/\/atecordoba.org\/wp-content\/uploads\/2020\/09\/WhatsApp-Image-2020-09-21-at-11.31.47-2.jpeg'><img loading=\"lazy\" decoding=\"async\" width=\"150\" height=\"150\" src=\"\" class=\"attachment-thumbnail size-thumbnail lazyload\" alt=\"\" data-src=\"https:\/\/atecordoba.org\/wp-content\/uploads\/2020\/09\/WhatsApp-Image-2020-09-21-at-11.31.47-2-150x150.jpeg\" data-sizes=\"auto\" data-srcset=\"https:\/\/atecordoba.org\/wp-content\/uploads\/2020\/09\/WhatsApp-Image-2020-09-21-at-11.31.47-2-150x150.jpeg 150w, https:\/\/atecordoba.org\/wp-content\/uploads\/2020\/09\/WhatsApp-Image-2020-09-21-at-11.31.47-2-560x560.jpeg 560w, https:\/\/atecordoba.org\/wp-content\/uploads\/2020\/09\/WhatsApp-Image-2020-09-21-at-11.31.47-2-75x75.jpeg 75w\" data-expand=\"700\" \/><\/a>\n                <\/div><\/figure><figure class='gallery-item'>\n                <div class='gallery-icon portrait'>\n                    <a href='https:\/\/atecordoba.org\/wp-content\/uploads\/2020\/09\/WhatsApp-Image-2020-09-21-at-11.31.47.jpeg'><img loading=\"lazy\" decoding=\"async\" width=\"150\" height=\"150\" src=\"\" class=\"attachment-thumbnail size-thumbnail lazyload\" alt=\"\" data-src=\"https:\/\/atecordoba.org\/wp-content\/uploads\/2020\/09\/WhatsApp-Image-2020-09-21-at-11.31.47-150x150.jpeg\" data-sizes=\"auto\" data-srcset=\"https:\/\/atecordoba.org\/wp-content\/uploads\/2020\/09\/WhatsApp-Image-2020-09-21-at-11.31.47-150x150.jpeg 150w, https:\/\/atecordoba.org\/wp-content\/uploads\/2020\/09\/WhatsApp-Image-2020-09-21-at-11.31.47-560x560.jpeg 560w, https:\/\/atecordoba.org\/wp-content\/uploads\/2020\/09\/WhatsApp-Image-2020-09-21-at-11.31.47-75x75.jpeg 75w\" data-expand=\"700\" \/><\/a>\n                <\/div><\/figure><figure class='gallery-item'>\n                <div class='gallery-icon landscape'>\n                    <a href='https:\/\/atecordoba.org\/wp-content\/uploads\/2020\/09\/WhatsApp-Image-2020-09-21-at-11.31.48-1.jpeg'><img loading=\"lazy\" decoding=\"async\" width=\"150\" height=\"150\" src=\"\" class=\"attachment-thumbnail size-thumbnail lazyload\" alt=\"\" data-src=\"https:\/\/atecordoba.org\/wp-content\/uploads\/2020\/09\/WhatsApp-Image-2020-09-21-at-11.31.48-1-150x150.jpeg\" data-sizes=\"auto\" data-srcset=\"https:\/\/atecordoba.org\/wp-content\/uploads\/2020\/09\/WhatsApp-Image-2020-09-21-at-11.31.48-1-150x150.jpeg 150w, https:\/\/atecordoba.org\/wp-content\/uploads\/2020\/09\/WhatsApp-Image-2020-09-21-at-11.31.48-1-560x560.jpeg 560w, https:\/\/atecordoba.org\/wp-content\/uploads\/2020\/09\/WhatsApp-Image-2020-09-21-at-11.31.48-1-75x75.jpeg 75w\" data-expand=\"700\" \/><\/a>\n                <\/div><\/figure><br style=\"clear: both\" \/><figure class='gallery-item'>\n                <div class='gallery-icon landscape'>\n                    <a href='https:\/\/atecordoba.org\/wp-content\/uploads\/2020\/09\/WhatsApp-Image-2020-09-21-at-11.31.48.jpeg'><img loading=\"lazy\" decoding=\"async\" width=\"150\" height=\"150\" src=\"\" class=\"attachment-thumbnail size-thumbnail lazyload\" alt=\"\" data-src=\"https:\/\/atecordoba.org\/wp-content\/uploads\/2020\/09\/WhatsApp-Image-2020-09-21-at-11.31.48-150x150.jpeg\" data-sizes=\"auto\" data-srcset=\"https:\/\/atecordoba.org\/wp-content\/uploads\/2020\/09\/WhatsApp-Image-2020-09-21-at-11.31.48-150x150.jpeg 150w, https:\/\/atecordoba.org\/wp-content\/uploads\/2020\/09\/WhatsApp-Image-2020-09-21-at-11.31.48-560x560.jpeg 560w, https:\/\/atecordoba.org\/wp-content\/uploads\/2020\/09\/WhatsApp-Image-2020-09-21-at-11.31.48-75x75.jpeg 75w\" data-expand=\"700\" \/><\/a>\n                <\/div><\/figure>\n                <br style='clear: both' \/>\n            <\/div>\n\n","protected":false},"excerpt":{"rendered":"<p>Hoy se llev\u00f3 a cabo en proximidades del Polo Sanitario un acto convocado conjuntamente por ATE y la Uni\u00f3n de Trabajadores de la Salud (UTS) para reclamar una urgente intervenci\u00f3n del gobierno provincial ante el colapso del sistema sanitario de la provincial, estresado al l\u00edmite por la demanda de atenci\u00f3n de infectados por Covid 19. [&hellip;]<\/p>\n","protected":false},"author":7,"featured_media":21892,"comment_status":"open","ping_status":"open","sticky":true,"template":"","format":"standard","meta":{"_exactmetrics_skip_tracking":false,"_exactmetrics_sitenote_active":false,"_exactmetrics_sitenote_note":"","_exactmetrics_sitenote_category":0,"jnews-multi-image_gallery":[],"jnews_single_post":{"source_name":"","source_url":"","via_name":"","via_url":"","override_template":"0","override":[{"template":"1","single_blog_custom":"","parallax":"1","fullscreen":"0","layout":"right-sidebar","sidebar":"default-sidebar","second_sidebar":"default-sidebar","sticky_sidebar":"1","share_position":"top","share_float_style":"share-monocrhome","show_share_counter":"1","show_view_counter":"1","show_featured":"1","show_post_meta":"1","show_post_author":"1","show_post_author_image":"1","show_post_date":"1","post_date_format":"default","post_date_format_custom":"Y\/m\/d","show_post_category":"1","show_post_reading_time":"0","post_reading_time_wpm":"300","show_zoom_button":"0","zoom_button_out_step":"2","zoom_button_in_step":"3","show_post_tag":"1","show_prev_next_post":"1","show_popup_post":"1","number_popup_post":"1","show_author_box":"0","show_post_related":"0","show_inline_post_related":"0"}],"override_image_size":"0","image_override":[{"single_post_thumbnail_size":"crop-500","single_post_gallery_size":"crop-500"}],"trending_post":"0","trending_post_position":"meta","trending_post_label":"Trending","sponsored_post":"0","sponsored_post_label":"Sponsored by","sponsored_post_name":"","sponsored_post_url":"","sponsored_post_logo_enable":"0","sponsored_post_logo":"","sponsored_post_desc":""},"jnews_primary_category":{"id":""},"jnews_social_meta":{"fb_title":"","fb_description":"","fb_image":"","twitter_title":"","twitter_description":"","twitter_image":""},"jnews_review":[],"enable_review":"0","type":"percentage","name":"","summary":"","brand":"","sku":"","good":[{"good_text":""}],"bad":[{"bad_text":""}],"score_override":"","override_value":"","rating":[{"rating_text":"","rating_number":"10"}],"price":[{"shop":"","price":"","link":"","icon":""}],"jnews_override_counter":{"override_view_counter":"0","view_counter_number":"0","override_share_counter":"0","share_counter_number":"0","override_like_counter":"0","like_counter_number":"0","override_dislike_counter":"0","dislike_counter_number":"0"},"jnews_post_split":{"enable_post_split":"0","post_split":[{"template":"1","tag":"h2","numbering":"asc","mode":"normal"}]},"footnotes":""},"categories":[341,104,12],"tags":[52,575],"class_list":["post-21891","post","type-post","status-publish","format-standard","has-post-thumbnail","hentry","category-cdp","category-departamento-de-salud","category-rio-cuarto","tag-jesus-maria-2","tag-traslasierra"],"jetpack_featured_media_url":"https:\/\/atecordoba.org\/wp-content\/uploads\/2020\/09\/WhatsApp-Image-2020-09-21-at-11.31.50.jpeg","_links":{"self":[{"href":"https:\/\/atecordoba.org\/index.php?rest_route=\/wp\/v2\/posts\/21891","targetHints":{"allow":["GET"]}}],"collection":[{"href":"https:\/\/atecordoba.org\/index.php?rest_route=\/wp\/v2\/posts"}],"about":[{"href":"https:\/\/atecordoba.org\/index.php?rest_route=\/wp\/v2\/types\/post"}],"author":[{"embeddable":true,"href":"https:\/\/atecordoba.org\/index.php?rest_route=\/wp\/v2\/users\/7"}],"replies":[{"embeddable":true,"href":"https:\/\/atecordoba.org\/index.php?rest_route=%2Fwp%2Fv2%2Fcomments&post=21891"}],"version-history":[{"count":3,"href":"https:\/\/atecordoba.org\/index.php?rest_route=\/wp\/v2\/posts\/21891\/revisions"}],"predecessor-version":[{"id":21923,"href":"https:\/\/atecordoba.org\/index.php?rest_route=\/wp\/v2\/posts\/21891\/revisions\/21923"}],"wp:featuredmedia":[{"embeddable":true,"href":"https:\/\/atecordoba.org\/index.php?rest_route=\/wp\/v2\/media\/21892"}],"wp:attachment":[{"href":"https:\/\/atecordoba.org\/index.php?rest_route=%2Fwp%2Fv2%2Fmedia&parent=21891"}],"wp:term":[{"taxonomy":"category","embeddable":true,"href":"https:\/\/atecordoba.org\/index.php?rest_route=%2Fwp%2Fv2%2Fcategories&post=21891"},{"taxonomy":"post_tag","embeddable":true,"href":"https:\/\/atecordoba.org\/index.php?rest_route=%2Fwp%2Fv2%2Ftags&post=21891"}],"curies":[{"name":"wp","href":"https:\/\/api.w.org\/{rel}","templated":true}]}}