{"id":21884,"date":"2020-09-21T12:20:26","date_gmt":"2020-09-21T15:20:26","guid":{"rendered":"https:\/\/atecordoba.org\/?p=21884"},"modified":"2020-09-21T12:20:26","modified_gmt":"2020-09-21T15:20:26","slug":"el-cdn-convoca-a-las-provincias-a-organizar-la-propuesta-de-paritarias-nacionales","status":"publish","type":"post","link":"https:\/\/atecordoba.org\/?p=21884","title":{"rendered":"El CDN convoca a las provincias a organizar la propuesta de paritarias nacionales"},"content":{"rendered":"<p><img loading=\"lazy\" decoding=\"async\" class=\" wp-image-21885 alignleft\" src=\"https:\/\/atecordoba.org\/wp-content\/uploads\/2020\/09\/convocatoria-cdn-x-paritarias-195x300.jpeg\" alt=\"\" width=\"278\" height=\"428\" srcset=\"https:\/\/atecordoba.org\/wp-content\/uploads\/2020\/09\/convocatoria-cdn-x-paritarias-195x300.jpeg 195w, https:\/\/atecordoba.org\/wp-content\/uploads\/2020\/09\/convocatoria-cdn-x-paritarias.jpeg 552w\" sizes=\"auto, (max-width: 278px) 100vw, 278px\" \/>Con la perspectiva de abrir a la participaci\u00f3n de las provincias en la discusi\u00f3n paritaria del Estado nacional, el Consejo Directivo Nacional convoc\u00f3 para hoy a realizar una reuni\u00f3n de Conducci\u00f3n ampliada con los secretarios generales de cada Consejo Directivo Provincial a los fines de organizar la propuesta que ATE en su conjunto llevar\u00e1 a la mesa de negociaci\u00f3n con el Estado nacional, que comenzar\u00e1 ma\u00f1ana 22 de septiembre.<\/p>\n<p>La convocatoria va en sinton\u00eda con <a href=\"https:\/\/atecordoba.org\/?p=21801\">lo resuelto la semana pasada por el Plenario General de Delegados de ATE C\u00f3rdoba<\/a>, que emiti\u00f3 mandato para que ATE C\u00f3rdoba se integre a la comisi\u00f3n paritaria, atento que se trata de la tercera jurisdicci\u00f3n con mayor cantidad de trabajadores del Estado nacional en el pa\u00eds, tras Provincia de Buenos Aires y CABA.<\/p>\n<p>Al mismo tiempo, se adelant\u00f3 la convocatoria al Plenario Federal de delegadas y delegados nacionales a realizarse de forma virtual el mi\u00e9rcoles 23, a las 11horas.<\/p>\n<p>Desde el CDP consideraron la convocatoria nacional &#8220;un paso adelante <a href=\"https:\/\/atecordoba.org\/?p=21845\">tras la nota enviada<\/a> por este Consejo Directivo Provincial al Secretariado Nacional el pasado viernes&#8221;.<\/p>\n<p>La apertura de la Paritaria 2020 es resultado de la propuesta elevada por ATE al Gobierno Nacional, ante el retraso salarial que urge revertir y la agenda de reclamos respecto a condiciones de trabajo, reincorporaci\u00f3n de los despedidos del macrismo y una serie de puntos a plantear al Estado empleador.<\/p>\n<p>&nbsp;<\/p>\n","protected":false},"excerpt":{"rendered":"<p>Con la perspectiva de abrir a la participaci\u00f3n de las provincias en la discusi\u00f3n paritaria del Estado nacional, el Consejo Directivo Nacional convoc\u00f3 para hoy a realizar una reuni\u00f3n de Conducci\u00f3n ampliada con los secretarios generales de cada Consejo Directivo Provincial a los fines de organizar la propuesta que ATE en su conjunto llevar\u00e1 a [&hellip;]<\/p>\n","protected":false},"author":7,"featured_media":20635,"comment_status":"open","ping_status":"open","sticky":false,"template":"","format":"standard","meta":{"_exactmetrics_skip_tracking":false,"_exactmetrics_sitenote_active":false,"_exactmetrics_sitenote_note":"","_exactmetrics_sitenote_category":0,"jnews-multi-image_gallery":[],"jnews_single_post":{"source_name":"","source_url":"","via_name":"","via_url":"","override_template":"0","override":[{"template":"1","single_blog_custom":"","parallax":"1","fullscreen":"0","layout":"right-sidebar","sidebar":"default-sidebar","second_sidebar":"default-sidebar","sticky_sidebar":"1","share_position":"top","share_float_style":"share-monocrhome","show_share_counter":"1","show_view_counter":"1","show_featured":"1","show_post_meta":"1","show_post_author":"1","show_post_author_image":"1","show_post_date":"1","post_date_format":"default","post_date_format_custom":"Y\/m\/d","show_post_category":"1","show_post_reading_time":"0","post_reading_time_wpm":"300","show_zoom_button":"0","zoom_button_out_step":"2","zoom_button_in_step":"3","show_post_tag":"1","show_prev_next_post":"1","show_popup_post":"1","number_popup_post":"1","show_author_box":"0","show_post_related":"0","show_inline_post_related":"0"}],"override_image_size":"0","image_override":[{"single_post_thumbnail_size":"crop-500","single_post_gallery_size":"crop-500"}],"trending_post":"0","trending_post_position":"meta","trending_post_label":"Trending","sponsored_post":"0","sponsored_post_label":"Sponsored by","sponsored_post_name":"","sponsored_post_url":"","sponsored_post_logo_enable":"0","sponsored_post_logo":"","sponsored_post_desc":""},"jnews_primary_category":{"id":""},"jnews_social_meta":{"fb_title":"","fb_description":"","fb_image":"","twitter_title":"","twitter_description":"","twitter_image":""},"jnews_review":[],"enable_review":"0","type":"percentage","name":"","summary":"","brand":"","sku":"","good":[{"good_text":""}],"bad":[{"bad_text":""}],"score_override":"","override_value":"","rating":[{"rating_text":"","rating_number":"10"}],"price":[{"shop":"","price":"","link":"","icon":""}],"jnews_override_counter":{"override_view_counter":"0","view_counter_number":"0","override_share_counter":"0","share_counter_number":"0","override_like_counter":"0","like_counter_number":"0","override_dislike_counter":"0","dislike_counter_number":"0"},"jnews_post_split":{"enable_post_split":"0","post_split":[{"template":"1","tag":"h2","numbering":"asc","mode":"normal"}]},"footnotes":""},"categories":[10],"tags":[455],"class_list":["post-21884","post","type-post","status-publish","format-standard","has-post-thumbnail","hentry","category-accion-politica","tag-paritaria-2020"],"jetpack_featured_media_url":"https:\/\/atecordoba.org\/wp-content\/uploads\/2020\/07\/WhatsApp-Image-2020-07-08-at-12.02.48.jpeg","_links":{"self":[{"href":"https:\/\/atecordoba.org\/index.php?rest_route=\/wp\/v2\/posts\/21884","targetHints":{"allow":["GET"]}}],"collection":[{"href":"https:\/\/atecordoba.org\/index.php?rest_route=\/wp\/v2\/posts"}],"about":[{"href":"https:\/\/atecordoba.org\/index.php?rest_route=\/wp\/v2\/types\/post"}],"author":[{"embeddable":true,"href":"https:\/\/atecordoba.org\/index.php?rest_route=\/wp\/v2\/users\/7"}],"replies":[{"embeddable":true,"href":"https:\/\/atecordoba.org\/index.php?rest_route=%2Fwp%2Fv2%2Fcomments&post=21884"}],"version-history":[{"count":1,"href":"https:\/\/atecordoba.org\/index.php?rest_route=\/wp\/v2\/posts\/21884\/revisions"}],"predecessor-version":[{"id":21886,"href":"https:\/\/atecordoba.org\/index.php?rest_route=\/wp\/v2\/posts\/21884\/revisions\/21886"}],"wp:featuredmedia":[{"embeddable":true,"href":"https:\/\/atecordoba.org\/index.php?rest_route=\/wp\/v2\/media\/20635"}],"wp:attachment":[{"href":"https:\/\/atecordoba.org\/index.php?rest_route=%2Fwp%2Fv2%2Fmedia&parent=21884"}],"wp:term":[{"taxonomy":"category","embeddable":true,"href":"https:\/\/atecordoba.org\/index.php?rest_route=%2Fwp%2Fv2%2Fcategories&post=21884"},{"taxonomy":"post_tag","embeddable":true,"href":"https:\/\/atecordoba.org\/index.php?rest_route=%2Fwp%2Fv2%2Ftags&post=21884"}],"curies":[{"name":"wp","href":"https:\/\/api.w.org\/{rel}","templated":true}]}}