{"id":21877,"date":"2020-09-21T10:08:37","date_gmt":"2020-09-21T13:08:37","guid":{"rendered":"https:\/\/atecordoba.org\/?p=21877"},"modified":"2020-09-21T13:04:05","modified_gmt":"2020-09-21T16:04:05","slug":"dia-de-la-sanidad-convocatoria-en-el-polo-sanitario","status":"publish","type":"post","link":"https:\/\/atecordoba.org\/?p=21877","title":{"rendered":"Dia de la Sanidad: convocatoria en el Polo Sanitario"},"content":{"rendered":"<p><img loading=\"lazy\" decoding=\"async\" class=\" wp-image-21888 aligncenter\" src=\"https:\/\/atecordoba.org\/wp-content\/uploads\/2020\/09\/gabi-garcia-lectura-carta-a-schiaretti-300x227.png\" alt=\"\" width=\"534\" height=\"404\" srcset=\"https:\/\/atecordoba.org\/wp-content\/uploads\/2020\/09\/gabi-garcia-lectura-carta-a-schiaretti-300x227.png 300w, https:\/\/atecordoba.org\/wp-content\/uploads\/2020\/09\/gabi-garcia-lectura-carta-a-schiaretti-768x582.png 768w, https:\/\/atecordoba.org\/wp-content\/uploads\/2020\/09\/gabi-garcia-lectura-carta-a-schiaretti-750x569.png 750w, https:\/\/atecordoba.org\/wp-content\/uploads\/2020\/09\/gabi-garcia-lectura-carta-a-schiaretti.png 773w\" sizes=\"auto, (max-width: 534px) 100vw, 534px\" \/>En una carta p\u00fablica que de leer\u00e1 hoy en la protesta, a realizarse hoy desde la 10 horas en el Polo Sanitario de C\u00f3rdoba Capital, una enfermera afiliada a nuestro gremio denuncia el desamparo que sufre todo el equipo de salud de la provincia, abandonado a su suerte un gobierno provincial que paga m\u00edseros sueldos y no contrata personal para completas los planteles necesarios a los fines de atender los casos Covid en C\u00f3rdoba.<\/p>\n<p>Una situaci\u00f3n que exige medidas urgentes y contundentes. La carta abierta al Gobernador Schiaretti:<\/p>\n<p><img loading=\"lazy\" decoding=\"async\" class=\"wp-image-21878 aligncenter\" src=\"https:\/\/atecordoba.org\/wp-content\/uploads\/2020\/09\/21-09-Carta-Abierta-de-una-Enferemera-de-ATE_0001-212x300.jpg\" alt=\"\" width=\"649\" height=\"918\" srcset=\"https:\/\/atecordoba.org\/wp-content\/uploads\/2020\/09\/21-09-Carta-Abierta-de-una-Enferemera-de-ATE_0001-212x300.jpg 212w, https:\/\/atecordoba.org\/wp-content\/uploads\/2020\/09\/21-09-Carta-Abierta-de-una-Enferemera-de-ATE_0001-724x1024.jpg 724w, https:\/\/atecordoba.org\/wp-content\/uploads\/2020\/09\/21-09-Carta-Abierta-de-una-Enferemera-de-ATE_0001-768x1086.jpg 768w, https:\/\/atecordoba.org\/wp-content\/uploads\/2020\/09\/21-09-Carta-Abierta-de-una-Enferemera-de-ATE_0001-1086x1536.jpg 1086w, https:\/\/atecordoba.org\/wp-content\/uploads\/2020\/09\/21-09-Carta-Abierta-de-una-Enferemera-de-ATE_0001-1448x2048.jpg 1448w, https:\/\/atecordoba.org\/wp-content\/uploads\/2020\/09\/21-09-Carta-Abierta-de-una-Enferemera-de-ATE_0001-750x1061.jpg 750w, https:\/\/atecordoba.org\/wp-content\/uploads\/2020\/09\/21-09-Carta-Abierta-de-una-Enferemera-de-ATE_0001-1140x1612.jpg 1140w, https:\/\/atecordoba.org\/wp-content\/uploads\/2020\/09\/21-09-Carta-Abierta-de-una-Enferemera-de-ATE_0001.jpg 1654w\" sizes=\"auto, (max-width: 649px) 100vw, 649px\" \/> <img loading=\"lazy\" decoding=\"async\" class=\"wp-image-21879 aligncenter\" src=\"https:\/\/atecordoba.org\/wp-content\/uploads\/2020\/09\/21-09-Carta-Abierta-de-una-Enferemera-de-ATE_0002-212x300.jpg\" alt=\"\" width=\"652\" height=\"923\" srcset=\"https:\/\/atecordoba.org\/wp-content\/uploads\/2020\/09\/21-09-Carta-Abierta-de-una-Enferemera-de-ATE_0002-212x300.jpg 212w, https:\/\/atecordoba.org\/wp-content\/uploads\/2020\/09\/21-09-Carta-Abierta-de-una-Enferemera-de-ATE_0002-724x1024.jpg 724w, https:\/\/atecordoba.org\/wp-content\/uploads\/2020\/09\/21-09-Carta-Abierta-de-una-Enferemera-de-ATE_0002-768x1086.jpg 768w, https:\/\/atecordoba.org\/wp-content\/uploads\/2020\/09\/21-09-Carta-Abierta-de-una-Enferemera-de-ATE_0002-1086x1536.jpg 1086w, https:\/\/atecordoba.org\/wp-content\/uploads\/2020\/09\/21-09-Carta-Abierta-de-una-Enferemera-de-ATE_0002-1448x2048.jpg 1448w, https:\/\/atecordoba.org\/wp-content\/uploads\/2020\/09\/21-09-Carta-Abierta-de-una-Enferemera-de-ATE_0002-750x1061.jpg 750w, https:\/\/atecordoba.org\/wp-content\/uploads\/2020\/09\/21-09-Carta-Abierta-de-una-Enferemera-de-ATE_0002-1140x1612.jpg 1140w, https:\/\/atecordoba.org\/wp-content\/uploads\/2020\/09\/21-09-Carta-Abierta-de-una-Enferemera-de-ATE_0002.jpg 1654w\" sizes=\"auto, (max-width: 652px) 100vw, 652px\" \/><\/p>\n<p>&nbsp;<\/p>\n","protected":false},"excerpt":{"rendered":"<p>En una carta p\u00fablica que de leer\u00e1 hoy en la protesta, a realizarse hoy desde la 10 horas en el Polo Sanitario de C\u00f3rdoba Capital, una enfermera afiliada a nuestro gremio denuncia el desamparo que sufre todo el equipo de salud de la provincia, abandonado a su suerte un gobierno provincial que paga m\u00edseros sueldos [&hellip;]<\/p>\n","protected":false},"author":7,"featured_media":21880,"comment_status":"open","ping_status":"open","sticky":true,"template":"","format":"standard","meta":{"_exactmetrics_skip_tracking":false,"_exactmetrics_sitenote_active":false,"_exactmetrics_sitenote_note":"","_exactmetrics_sitenote_category":0,"jnews-multi-image_gallery":[],"jnews_single_post":{"source_name":"","source_url":"","via_name":"","via_url":"","override_template":"0","override":[{"template":"1","single_blog_custom":"","parallax":"1","fullscreen":"0","layout":"right-sidebar","sidebar":"default-sidebar","second_sidebar":"default-sidebar","sticky_sidebar":"1","share_position":"top","share_float_style":"share-monocrhome","show_share_counter":"1","show_view_counter":"1","show_featured":"1","show_post_meta":"1","show_post_author":"1","show_post_author_image":"1","show_post_date":"1","post_date_format":"default","post_date_format_custom":"Y\/m\/d","show_post_category":"1","show_post_reading_time":"0","post_reading_time_wpm":"300","show_zoom_button":"0","zoom_button_out_step":"2","zoom_button_in_step":"3","show_post_tag":"1","show_prev_next_post":"1","show_popup_post":"1","number_popup_post":"1","show_author_box":"0","show_post_related":"0","show_inline_post_related":"0"}],"override_image_size":"0","image_override":[{"single_post_thumbnail_size":"crop-500","single_post_gallery_size":"crop-500"}],"trending_post":"0","trending_post_position":"meta","trending_post_label":"Trending","sponsored_post":"0","sponsored_post_label":"Sponsored by","sponsored_post_name":"","sponsored_post_url":"","sponsored_post_logo_enable":"0","sponsored_post_logo":"","sponsored_post_desc":""},"jnews_primary_category":{"id":""},"jnews_social_meta":{"fb_title":"","fb_description":"","fb_image":"","twitter_title":"","twitter_description":"","twitter_image":""},"jnews_review":[],"enable_review":"0","type":"percentage","name":"","summary":"","brand":"","sku":"","good":[{"good_text":""}],"bad":[{"bad_text":""}],"score_override":"","override_value":"","rating":[{"rating_text":"","rating_number":"10"}],"price":[{"shop":"","price":"","link":"","icon":""}],"jnews_override_counter":{"override_view_counter":"0","view_counter_number":"0","override_share_counter":"0","share_counter_number":"0","override_like_counter":"0","like_counter_number":"0","override_dislike_counter":"0","dislike_counter_number":"0"},"jnews_post_split":{"enable_post_split":"0","post_split":[{"template":"1","tag":"h2","numbering":"asc","mode":"normal"}]},"footnotes":""},"categories":[104,8],"tags":[362],"class_list":["post-21877","post","type-post","status-publish","format-standard","has-post-thumbnail","hentry","category-departamento-de-salud","category-provinciales","tag-equipo-de-salud"],"jetpack_featured_media_url":"https:\/\/atecordoba.org\/wp-content\/uploads\/2020\/09\/ate-polo.jpg","_links":{"self":[{"href":"https:\/\/atecordoba.org\/index.php?rest_route=\/wp\/v2\/posts\/21877","targetHints":{"allow":["GET"]}}],"collection":[{"href":"https:\/\/atecordoba.org\/index.php?rest_route=\/wp\/v2\/posts"}],"about":[{"href":"https:\/\/atecordoba.org\/index.php?rest_route=\/wp\/v2\/types\/post"}],"author":[{"embeddable":true,"href":"https:\/\/atecordoba.org\/index.php?rest_route=\/wp\/v2\/users\/7"}],"replies":[{"embeddable":true,"href":"https:\/\/atecordoba.org\/index.php?rest_route=%2Fwp%2Fv2%2Fcomments&post=21877"}],"version-history":[{"count":5,"href":"https:\/\/atecordoba.org\/index.php?rest_route=\/wp\/v2\/posts\/21877\/revisions"}],"predecessor-version":[{"id":21890,"href":"https:\/\/atecordoba.org\/index.php?rest_route=\/wp\/v2\/posts\/21877\/revisions\/21890"}],"wp:featuredmedia":[{"embeddable":true,"href":"https:\/\/atecordoba.org\/index.php?rest_route=\/wp\/v2\/media\/21880"}],"wp:attachment":[{"href":"https:\/\/atecordoba.org\/index.php?rest_route=%2Fwp%2Fv2%2Fmedia&parent=21877"}],"wp:term":[{"taxonomy":"category","embeddable":true,"href":"https:\/\/atecordoba.org\/index.php?rest_route=%2Fwp%2Fv2%2Fcategories&post=21877"},{"taxonomy":"post_tag","embeddable":true,"href":"https:\/\/atecordoba.org\/index.php?rest_route=%2Fwp%2Fv2%2Ftags&post=21877"}],"curies":[{"name":"wp","href":"https:\/\/api.w.org\/{rel}","templated":true}]}}