{"id":21873,"date":"2020-09-19T20:46:26","date_gmt":"2020-09-19T23:46:26","guid":{"rendered":"https:\/\/atecordoba.org\/?p=21873"},"modified":"2020-09-19T20:46:26","modified_gmt":"2020-09-19T23:46:26","slug":"asamblea-del-hospital-de-ninos","status":"publish","type":"post","link":"https:\/\/atecordoba.org\/?p=21873","title":{"rendered":"Asamblea del Hospital de Ni\u00f1os"},"content":{"rendered":"<div>Durante la asamblea, se debatieron diversos ejes, compartimos de manera textual lo que la mismo resolvi\u00f3.<\/div>\n<div>RESUELVE:<\/div>\n<div>1)Sumarse a la jornada de protesta por los trabajadores y trabajadoras de la Sanidad a realizarse en el Polo Sanitario el d\u00eda 21 de septiembre a las 10 hs; \u00a0exhortando a cumplir con las medidas de distanciamiento y de uso de barbijo para el cuidado de la salud. C\u00f3mo tambi\u00e9n una campa\u00f1a de visibilizaci\u00f3n de los reclamos (con fotos tomando las redes) y de la convocatoria a la jornada a realizarse previamente. Seg\u00fan lo expuesto en asamblea en reclamo por: \u00a0Presupuesto para salud (incorporaci\u00f3n y nombramiento ya de personal , EPP, testeos en tiempo y forma, aparatolog\u00eda en condiciones, fin de la precarizaci\u00f3n laboral , monotributos y personal en negro con pago de cooperadora).<\/div>\n<div>2)Requerir la rectificaci\u00f3n p\u00fablica del Director en gesti\u00f3n por los conceptos y el vol\u00famen de los mismos hacia una compa\u00f1era enfermera, delegada gremial proporcionados en respuesta a la solicitud de EPP para compa\u00f1eras del servicio.<\/div>\n<div>3) Convocar a pr\u00f3xima asamblea a realizarse el viernes 25 de septiembre a las 18 hs .<\/div>\n<div>\n<div id='gallery_1' class='gallery galleryid-21873 gallery-columns-3 gallery-size-thumbnail'><figure class='gallery-item'>\n                <div class='gallery-icon landscape'>\n                    <a href='https:\/\/atecordoba.org\/wp-content\/uploads\/2020\/09\/45a1232a-b88f-4af5-919d-d4d40f428e41.jpg'><img loading=\"lazy\" decoding=\"async\" width=\"150\" height=\"150\" src=\"\" class=\"attachment-thumbnail size-thumbnail lazyload\" alt=\"\" data-src=\"https:\/\/atecordoba.org\/wp-content\/uploads\/2020\/09\/45a1232a-b88f-4af5-919d-d4d40f428e41-150x150.jpg\" data-sizes=\"auto\" data-srcset=\"https:\/\/atecordoba.org\/wp-content\/uploads\/2020\/09\/45a1232a-b88f-4af5-919d-d4d40f428e41-150x150.jpg 150w, https:\/\/atecordoba.org\/wp-content\/uploads\/2020\/09\/45a1232a-b88f-4af5-919d-d4d40f428e41-560x560.jpg 560w, https:\/\/atecordoba.org\/wp-content\/uploads\/2020\/09\/45a1232a-b88f-4af5-919d-d4d40f428e41-75x75.jpg 75w\" data-expand=\"700\" \/><\/a>\n                <\/div><\/figure><figure class='gallery-item'>\n                <div class='gallery-icon landscape'>\n                    <a href='https:\/\/atecordoba.org\/wp-content\/uploads\/2020\/09\/119645202_3701978883179558_3391969548658364558_o-1.jpg'><img loading=\"lazy\" decoding=\"async\" width=\"150\" height=\"150\" src=\"\" class=\"attachment-thumbnail size-thumbnail lazyload\" alt=\"\" data-src=\"https:\/\/atecordoba.org\/wp-content\/uploads\/2020\/09\/119645202_3701978883179558_3391969548658364558_o-1-150x150.jpg\" data-sizes=\"auto\" data-srcset=\"https:\/\/atecordoba.org\/wp-content\/uploads\/2020\/09\/119645202_3701978883179558_3391969548658364558_o-1-150x150.jpg 150w, https:\/\/atecordoba.org\/wp-content\/uploads\/2020\/09\/119645202_3701978883179558_3391969548658364558_o-1-300x300.jpg 300w, https:\/\/atecordoba.org\/wp-content\/uploads\/2020\/09\/119645202_3701978883179558_3391969548658364558_o-1-75x75.jpg 75w, https:\/\/atecordoba.org\/wp-content\/uploads\/2020\/09\/119645202_3701978883179558_3391969548658364558_o-1.jpg 559w\" data-expand=\"700\" \/><\/a>\n                <\/div><\/figure>\n                <br style='clear: both' \/>\n            <\/div>\n\n<\/div>\n<div>&#8212;&#8212;&#8212;&#8212;&#8212;&#8212;&#8212;&#8212;&#8211;<\/div>\n<div>Este es el detalle de lo manifestado por cada compa\u00f1era y compa\u00f1ero \u00a0durante 1 hora y 50&#8242; de funcionamiento:<\/div>\n<div>*Por falta de personal se est\u00e1 llamando al personal a cubrir doble guardias.<\/div>\n<div>* Faltante de EPP \u00a0en algunos servicios y para algunas tareas. Escafandras para residentes de UTI.<\/div>\n<div>*Bonos : Reclamo por pagos incumplidos<\/div>\n<div>*Violencia Institucional<\/div>\n<div>*El Hospital debe proveer de todas las medidas de bioseguridad .<\/div>\n<div>* Avanzar en los reclamos m\u00e1s all\u00e1 de los administrativos que se vienen haciendo desde el inicio y antes de la pandemia .<\/div>\n<div>*Reclamo ante el insuficiente salario de las compa\u00f1eras y compa\u00f1eros contratados para COVID ( 32.000 pesos de bolsillo ) . C\u00f3mo tambi\u00e9n el cobro de t\u00edtulo y adicionales que no se les est\u00e1n pagando.<\/div>\n<div>*Equipos rotos en Rayos ( tom\u00f3grafo y equipo 2) . Tambi\u00e9n el personal del servicio recibe presiones por parte de la direcci\u00f3n. Reclaman por bioseguridad ,epp y arreglo de equipos para la buena atenci\u00f3n de los pacientes. \u00a0C\u00f3mo tambi\u00e9n mayor cantidad de personal ( cubren guardias con personal de otras instituciones lo que expone claramente al contagio ) Se solicita correcto y efectivo pago de guardias y adicionales.<\/div>\n<div>* Malestar por el cobro de bonos por parte de m\u00e9dicos de UTI en injusta asimetr\u00eda para el resto de personal que est\u00e1 en primera l\u00ednea .<\/div>\n<div>* Se plantea que se trabaja con mayores niveles de precarizaci\u00f3n .<\/div>\n<div>* Se expresa preocupaci\u00f3n por las condiciones en que se trabajar\u00e1 luego de \u00a0la pandemia .<\/div>\n<div>*Hisopados : No est\u00e1n garantizados y no \u00a0se realizan en tiempo y forma. Tampoco \u00a0se informa de los resultados a lxs trabajadores individualmente. Lo que se considera de gravedad y violatorio a los derechos que asisten al personal como pacientes. SE EXIGE QUE EL RESULTADO \u00a0DE LOS HISOPADOS Y EXTRACCIONES SE INFORMEN A CADA TRABAJADOR Y TRABAJADORA.<\/div>\n<div>* Se solicita por parte de las delegadas y delegados que el personal comunique constantemente todos los problemas que se manifiestan a diario .<\/div>\n<p>* Saludamos el valor de cada encuentro para la organizaci\u00f3n y la defensa de la Salud P\u00fablica y del trabajo .<\/p>\n","protected":false},"excerpt":{"rendered":"<p>Durante la asamblea, se debatieron diversos ejes, compartimos de manera textual lo que la mismo resolvi\u00f3. RESUELVE: 1)Sumarse a la jornada de protesta por los trabajadores y trabajadoras de la Sanidad a realizarse en el Polo Sanitario el d\u00eda 21 de septiembre a las 10 hs; \u00a0exhortando a cumplir con las medidas de distanciamiento y [&hellip;]<\/p>\n","protected":false},"author":3,"featured_media":21874,"comment_status":"open","ping_status":"open","sticky":false,"template":"","format":"standard","meta":{"_exactmetrics_skip_tracking":false,"_exactmetrics_sitenote_active":false,"_exactmetrics_sitenote_note":"","_exactmetrics_sitenote_category":0,"jnews-multi-image_gallery":[],"jnews_single_post":{"source_name":"","source_url":"","via_name":"","via_url":"","override_template":"0","override":[{"template":"1","single_blog_custom":"","parallax":"1","fullscreen":"0","layout":"right-sidebar","sidebar":"default-sidebar","second_sidebar":"default-sidebar","sticky_sidebar":"1","share_position":"top","share_float_style":"share-monocrhome","show_share_counter":"1","show_view_counter":"1","show_featured":"1","show_post_meta":"1","show_post_author":"1","show_post_author_image":"1","show_post_date":"1","post_date_format":"default","post_date_format_custom":"Y\/m\/d","show_post_category":"1","show_post_reading_time":"0","post_reading_time_wpm":"300","show_zoom_button":"0","zoom_button_out_step":"2","zoom_button_in_step":"3","show_post_tag":"1","show_prev_next_post":"1","show_popup_post":"1","number_popup_post":"1","show_author_box":"0","show_post_related":"0","show_inline_post_related":"0"}],"override_image_size":"0","image_override":[{"single_post_thumbnail_size":"crop-500","single_post_gallery_size":"crop-500"}],"trending_post":"0","trending_post_position":"meta","trending_post_label":"Trending","sponsored_post":"0","sponsored_post_label":"Sponsored by","sponsored_post_name":"","sponsored_post_url":"","sponsored_post_logo_enable":"0","sponsored_post_logo":"","sponsored_post_desc":""},"jnews_primary_category":{"id":""},"jnews_social_meta":{"fb_title":"","fb_description":"","fb_image":"","twitter_title":"","twitter_description":"","twitter_image":""},"jnews_review":[],"enable_review":"0","type":"percentage","name":"","summary":"","brand":"","sku":"","good":[{"good_text":""}],"bad":[{"bad_text":""}],"score_override":"","override_value":"","rating":[{"rating_text":"","rating_number":"10"}],"price":[{"shop":"","price":"","link":"","icon":""}],"jnews_override_counter":{"override_view_counter":"0","view_counter_number":"0","override_share_counter":"0","share_counter_number":"0","override_like_counter":"0","like_counter_number":"0","override_dislike_counter":"0","dislike_counter_number":"0"},"jnews_post_split":{"enable_post_split":"0","post_split":[{"template":"1","tag":"h2","numbering":"asc","mode":"normal"}]},"footnotes":""},"categories":[145,104,7,8],"tags":[],"class_list":["post-21873","post","type-post","status-publish","format-standard","has-post-thumbnail","hentry","category-delegados","category-departamento-de-salud","category-hospitales","category-provinciales"],"jetpack_featured_media_url":"https:\/\/atecordoba.org\/wp-content\/uploads\/2020\/09\/45a1232a-b88f-4af5-919d-d4d40f428e41.jpg","_links":{"self":[{"href":"https:\/\/atecordoba.org\/index.php?rest_route=\/wp\/v2\/posts\/21873","targetHints":{"allow":["GET"]}}],"collection":[{"href":"https:\/\/atecordoba.org\/index.php?rest_route=\/wp\/v2\/posts"}],"about":[{"href":"https:\/\/atecordoba.org\/index.php?rest_route=\/wp\/v2\/types\/post"}],"author":[{"embeddable":true,"href":"https:\/\/atecordoba.org\/index.php?rest_route=\/wp\/v2\/users\/3"}],"replies":[{"embeddable":true,"href":"https:\/\/atecordoba.org\/index.php?rest_route=%2Fwp%2Fv2%2Fcomments&post=21873"}],"version-history":[{"count":1,"href":"https:\/\/atecordoba.org\/index.php?rest_route=\/wp\/v2\/posts\/21873\/revisions"}],"predecessor-version":[{"id":21876,"href":"https:\/\/atecordoba.org\/index.php?rest_route=\/wp\/v2\/posts\/21873\/revisions\/21876"}],"wp:featuredmedia":[{"embeddable":true,"href":"https:\/\/atecordoba.org\/index.php?rest_route=\/wp\/v2\/media\/21874"}],"wp:attachment":[{"href":"https:\/\/atecordoba.org\/index.php?rest_route=%2Fwp%2Fv2%2Fmedia&parent=21873"}],"wp:term":[{"taxonomy":"category","embeddable":true,"href":"https:\/\/atecordoba.org\/index.php?rest_route=%2Fwp%2Fv2%2Fcategories&post=21873"},{"taxonomy":"post_tag","embeddable":true,"href":"https:\/\/atecordoba.org\/index.php?rest_route=%2Fwp%2Fv2%2Ftags&post=21873"}],"curies":[{"name":"wp","href":"https:\/\/api.w.org\/{rel}","templated":true}]}}