{"id":21856,"date":"2020-09-18T12:16:17","date_gmt":"2020-09-18T15:16:17","guid":{"rendered":"https:\/\/atecordoba.org\/?p=21856"},"modified":"2020-09-18T13:08:12","modified_gmt":"2020-09-18T16:08:12","slug":"ate-logro-el-reconocimiento-en-la-municipalidad-de-saldan","status":"publish","type":"post","link":"https:\/\/atecordoba.org\/?p=21856","title":{"rendered":"ATE logr\u00f3 el reconocimiento en la Municipalidad de Saldan"},"content":{"rendered":"<p><img loading=\"lazy\" decoding=\"async\" class=\" wp-image-21857 aligncenter\" src=\"https:\/\/atecordoba.org\/wp-content\/uploads\/2020\/09\/WhatsApp-Image-2020-09-17-at-15.05.55-1-300x169.jpeg\" alt=\"\" width=\"604\" height=\"340\" srcset=\"https:\/\/atecordoba.org\/wp-content\/uploads\/2020\/09\/WhatsApp-Image-2020-09-17-at-15.05.55-1-300x169.jpeg 300w, https:\/\/atecordoba.org\/wp-content\/uploads\/2020\/09\/WhatsApp-Image-2020-09-17-at-15.05.55-1-1024x576.jpeg 1024w, https:\/\/atecordoba.org\/wp-content\/uploads\/2020\/09\/WhatsApp-Image-2020-09-17-at-15.05.55-1-768x432.jpeg 768w, https:\/\/atecordoba.org\/wp-content\/uploads\/2020\/09\/WhatsApp-Image-2020-09-17-at-15.05.55-1-750x422.jpeg 750w, https:\/\/atecordoba.org\/wp-content\/uploads\/2020\/09\/WhatsApp-Image-2020-09-17-at-15.05.55-1-1140x641.jpeg 1140w, https:\/\/atecordoba.org\/wp-content\/uploads\/2020\/09\/WhatsApp-Image-2020-09-17-at-15.05.55-1.jpeg 1280w\" sizes=\"auto, (max-width: 604px) 100vw, 604px\" \/>Ayer se formaliz\u00f3 el reconocimiento de ATE como sindicato con \u00e1mbito de representaci\u00f3n dentro de la Municipalidad de Sald\u00e1n.<\/p>\n<p>De esta forma, las y los trabajadores municipales de la localidad que se afiliaron a nuestro gremio recibir\u00e1n el descuento de la cuota afiliatoria por recibo a partir de los haberes del mes de septiembre.<\/p>\n<p>El acto se realiz\u00f3 en al sede municipal y cont\u00f3 con la participaci\u00f3n del secretario General del Consejo Directivo <img loading=\"lazy\" decoding=\"async\" class=\" wp-image-21858 alignright\" src=\"https:\/\/atecordoba.org\/wp-content\/uploads\/2020\/09\/WhatsApp-Image-2020-09-17-at-15.05.54-2-300x169.jpeg\" alt=\"\" width=\"422\" height=\"238\" srcset=\"https:\/\/atecordoba.org\/wp-content\/uploads\/2020\/09\/WhatsApp-Image-2020-09-17-at-15.05.54-2-300x169.jpeg 300w, https:\/\/atecordoba.org\/wp-content\/uploads\/2020\/09\/WhatsApp-Image-2020-09-17-at-15.05.54-2-1024x576.jpeg 1024w, https:\/\/atecordoba.org\/wp-content\/uploads\/2020\/09\/WhatsApp-Image-2020-09-17-at-15.05.54-2-768x432.jpeg 768w, https:\/\/atecordoba.org\/wp-content\/uploads\/2020\/09\/WhatsApp-Image-2020-09-17-at-15.05.54-2-750x422.jpeg 750w, https:\/\/atecordoba.org\/wp-content\/uploads\/2020\/09\/WhatsApp-Image-2020-09-17-at-15.05.54-2-1140x641.jpeg 1140w, https:\/\/atecordoba.org\/wp-content\/uploads\/2020\/09\/WhatsApp-Image-2020-09-17-at-15.05.54-2.jpeg 1280w\" sizes=\"auto, (max-width: 422px) 100vw, 422px\" \/>Provincial, Federico Giuliani, la secretaria de Interior, Edith Innamorato, y su par de Acci\u00f3n Social, Iv\u00e1n Contreras, junto a las y los delegados de ATE en el sector:\u00a0Diego Barrionuevo, Patricia Logari y Ana Fiorio.<\/p>\n<p>Por parte de la Municipalidad estuvieron presentes el intendente, Cayetano Canto,, la secretaria de Gobierno, Carolina Cristori, y el asesor letrado, Rub\u00e9n Correa.<\/p>\n<p>&#8220;La pr\u00f3xima semana estar\u00eda saliendo la ordenanza del reconocimiento con los c\u00f3digos de descuento para nuestro sindicato. Es una gran logro que venimos peleando desde diciembre&#8221;, explic\u00f3 el delegado Diego Barrionuevo.<\/p>\n<p>As\u00ed, ATE contin\u00faa ampliando su base de representaci\u00f3n entre los municipales del Gran C\u00f3rdoba.<\/p>\n","protected":false},"excerpt":{"rendered":"<p>Ayer se formaliz\u00f3 el reconocimiento de ATE como sindicato con \u00e1mbito de representaci\u00f3n dentro de la Municipalidad de Sald\u00e1n. De esta forma, las y los trabajadores municipales de la localidad que se afiliaron a nuestro gremio recibir\u00e1n el descuento de la cuota afiliatoria por recibo a partir de los haberes del mes de septiembre. El [&hellip;]<\/p>\n","protected":false},"author":7,"featured_media":21857,"comment_status":"open","ping_status":"open","sticky":true,"template":"","format":"standard","meta":{"_exactmetrics_skip_tracking":false,"_exactmetrics_sitenote_active":false,"_exactmetrics_sitenote_note":"","_exactmetrics_sitenote_category":0,"jnews-multi-image_gallery":[],"jnews_single_post":{"source_name":"","source_url":"","via_name":"","via_url":"","override_template":"0","override":[{"template":"1","single_blog_custom":"","parallax":"1","fullscreen":"0","layout":"right-sidebar","sidebar":"default-sidebar","second_sidebar":"default-sidebar","sticky_sidebar":"1","share_position":"top","share_float_style":"share-monocrhome","show_share_counter":"1","show_view_counter":"1","show_featured":"1","show_post_meta":"1","show_post_author":"1","show_post_author_image":"1","show_post_date":"1","post_date_format":"default","post_date_format_custom":"Y\/m\/d","show_post_category":"1","show_post_reading_time":"0","post_reading_time_wpm":"300","show_zoom_button":"0","zoom_button_out_step":"2","zoom_button_in_step":"3","show_post_tag":"1","show_prev_next_post":"1","show_popup_post":"1","number_popup_post":"1","show_author_box":"0","show_post_related":"0","show_inline_post_related":"0"}],"override_image_size":"0","image_override":[{"single_post_thumbnail_size":"crop-500","single_post_gallery_size":"crop-500"}],"trending_post":"0","trending_post_position":"meta","trending_post_label":"Trending","sponsored_post":"0","sponsored_post_label":"Sponsored by","sponsored_post_name":"","sponsored_post_url":"","sponsored_post_logo_enable":"0","sponsored_post_logo":"","sponsored_post_desc":""},"jnews_primary_category":{"id":""},"jnews_social_meta":{"fb_title":"","fb_description":"","fb_image":"","twitter_title":"","twitter_description":"","twitter_image":""},"jnews_review":[],"enable_review":"0","type":"percentage","name":"","summary":"","brand":"","sku":"","good":[{"good_text":""}],"bad":[{"bad_text":""}],"score_override":"","override_value":"","rating":[{"rating_text":"","rating_number":"10"}],"price":[{"shop":"","price":"","link":"","icon":""}],"jnews_override_counter":{"override_view_counter":"0","view_counter_number":"0","override_share_counter":"0","share_counter_number":"0","override_like_counter":"0","like_counter_number":"0","override_dislike_counter":"0","dislike_counter_number":"0"},"jnews_post_split":{"enable_post_split":"0","post_split":[{"template":"1","tag":"h2","numbering":"asc","mode":"normal"}]},"footnotes":""},"categories":[20],"tags":[574],"class_list":["post-21856","post","type-post","status-publish","format-standard","has-post-thumbnail","hentry","category-municipales","tag-municipalidad-de-saldan"],"jetpack_featured_media_url":"https:\/\/atecordoba.org\/wp-content\/uploads\/2020\/09\/WhatsApp-Image-2020-09-17-at-15.05.55-1.jpeg","_links":{"self":[{"href":"https:\/\/atecordoba.org\/index.php?rest_route=\/wp\/v2\/posts\/21856","targetHints":{"allow":["GET"]}}],"collection":[{"href":"https:\/\/atecordoba.org\/index.php?rest_route=\/wp\/v2\/posts"}],"about":[{"href":"https:\/\/atecordoba.org\/index.php?rest_route=\/wp\/v2\/types\/post"}],"author":[{"embeddable":true,"href":"https:\/\/atecordoba.org\/index.php?rest_route=\/wp\/v2\/users\/7"}],"replies":[{"embeddable":true,"href":"https:\/\/atecordoba.org\/index.php?rest_route=%2Fwp%2Fv2%2Fcomments&post=21856"}],"version-history":[{"count":2,"href":"https:\/\/atecordoba.org\/index.php?rest_route=\/wp\/v2\/posts\/21856\/revisions"}],"predecessor-version":[{"id":21860,"href":"https:\/\/atecordoba.org\/index.php?rest_route=\/wp\/v2\/posts\/21856\/revisions\/21860"}],"wp:featuredmedia":[{"embeddable":true,"href":"https:\/\/atecordoba.org\/index.php?rest_route=\/wp\/v2\/media\/21857"}],"wp:attachment":[{"href":"https:\/\/atecordoba.org\/index.php?rest_route=%2Fwp%2Fv2%2Fmedia&parent=21856"}],"wp:term":[{"taxonomy":"category","embeddable":true,"href":"https:\/\/atecordoba.org\/index.php?rest_route=%2Fwp%2Fv2%2Fcategories&post=21856"},{"taxonomy":"post_tag","embeddable":true,"href":"https:\/\/atecordoba.org\/index.php?rest_route=%2Fwp%2Fv2%2Ftags&post=21856"}],"curies":[{"name":"wp","href":"https:\/\/api.w.org\/{rel}","templated":true}]}}