{"id":21845,"date":"2020-09-18T11:08:04","date_gmt":"2020-09-18T14:08:04","guid":{"rendered":"https:\/\/atecordoba.org\/?p=21845"},"modified":"2020-09-18T11:18:50","modified_gmt":"2020-09-18T14:18:50","slug":"ate-cordoba-solicita-al-cdn-ser-parte-de-la-delegacion-paritaria-nacional","status":"publish","type":"post","link":"https:\/\/atecordoba.org\/?p=21845","title":{"rendered":"ATE C\u00f3rdoba solicita al CDN ser parte de la delegacion paritaria  nacional"},"content":{"rendered":"<figure id=\"attachment_21850\" aria-describedby=\"caption-attachment-21850\" style=\"width: 601px\" class=\"wp-caption aligncenter\"><img loading=\"lazy\" decoding=\"async\" class=\"wp-image-21850\" src=\"https:\/\/atecordoba.org\/wp-content\/uploads\/2020\/09\/asuncion-300x200.jpg\" alt=\"\" width=\"601\" height=\"400\" srcset=\"https:\/\/atecordoba.org\/wp-content\/uploads\/2020\/09\/asuncion-300x200.jpg 300w, https:\/\/atecordoba.org\/wp-content\/uploads\/2020\/09\/asuncion-768x512.jpg 768w, https:\/\/atecordoba.org\/wp-content\/uploads\/2020\/09\/asuncion-750x500.jpg 750w, https:\/\/atecordoba.org\/wp-content\/uploads\/2020\/09\/asuncion.jpg 1024w\" sizes=\"auto, (max-width: 601px) 100vw, 601px\" \/><figcaption id=\"caption-attachment-21850\" class=\"wp-caption-text\">Federico Giuliani, junto a Hugo Godoy y Rodolfo Aguiar, secretarios General y Adjunto respectivamente del CDN.<\/figcaption><\/figure>\n<p>El secretario General del Consejo Directivo Provincial, Federico Giuliani, solicit\u00f3 por nota a su par nacional, Hugo Godoy, que el Consejo Directivo Nacional incorpore a ATE C\u00f3rdoba a la delegaci\u00f3n paritaria nacional, que el 22 de septiembre iniciar\u00e1 el di\u00e1logo con el Gobierno Nacional por la Paritaria 2020.<\/p>\n<figure id=\"attachment_21848\" aria-describedby=\"caption-attachment-21848\" style=\"width: 436px\" class=\"wp-caption alignright\"><img loading=\"lazy\" decoding=\"async\" class=\"wp-image-21848\" src=\"https:\/\/atecordoba.org\/wp-content\/uploads\/2020\/09\/plenario-16-9_2-300x188.jpeg\" alt=\"\" width=\"436\" height=\"273\" srcset=\"https:\/\/atecordoba.org\/wp-content\/uploads\/2020\/09\/plenario-16-9_2-300x188.jpeg 300w, https:\/\/atecordoba.org\/wp-content\/uploads\/2020\/09\/plenario-16-9_2-1024x640.jpeg 1024w, https:\/\/atecordoba.org\/wp-content\/uploads\/2020\/09\/plenario-16-9_2-768x480.jpeg 768w, https:\/\/atecordoba.org\/wp-content\/uploads\/2020\/09\/plenario-16-9_2-750x469.jpeg 750w, https:\/\/atecordoba.org\/wp-content\/uploads\/2020\/09\/plenario-16-9_2-1140x713.jpeg 1140w, https:\/\/atecordoba.org\/wp-content\/uploads\/2020\/09\/plenario-16-9_2.jpeg 1280w\" sizes=\"auto, (max-width: 436px) 100vw, 436px\" \/><figcaption id=\"caption-attachment-21848\" class=\"wp-caption-text\">192 delegados de toda la provincia participaron del plenario, un hecho hist\u00f3rico.<\/figcaption><\/figure>\n<p>La misiva enviada ayer da cuenta de la urgente necesidad de &#8220;reparar la p\u00e9rdida salarial de las y los trabajadores estatales heredada del macrismo y de la importancia de comenzar a recuperar el ingreso&#8221;. A esto se suma que, en la crisis sanitaria mundial, el Estado &#8220;es la \u00fanica herramienta para garantizar la vida de nuestro pueblo, y para ello se requiere de un Estado posible con trabajadores y trabajadoras con m\u00e1s derechos y mejores condiciones laborales&#8221;.<\/p>\n<p>Adem\u00e1s, Giuliani fundament\u00f3 la solicitud en el hecho que ATE C\u00f3rdoba es el tercer CDP con mayor cantidad de afiliados del Estado nacional y en el mandato que emiti\u00f3 en tal sentido los 192 delegados que participaron del Plenario General de Delegados que se realiz\u00f3 el pasado mi\u00e9rcoles 16 de septiembre.<\/p>\n<p>Las conversaciones por la Paritaria Nacional 2020 comenzar\u00e1n el martes 22 del corriente en la Secretar\u00eda de Gesti\u00f3n P\u00fablica Nacional de Presidencia de la Naci\u00f3n.<\/p>\n<p><img loading=\"lazy\" decoding=\"async\" class=\" wp-image-21847 aligncenter\" src=\"https:\/\/atecordoba.org\/wp-content\/uploads\/2020\/09\/nota-paritaria-2020-300x209.jpeg\" alt=\"\" width=\"603\" height=\"420\" srcset=\"https:\/\/atecordoba.org\/wp-content\/uploads\/2020\/09\/nota-paritaria-2020-300x209.jpeg 300w, https:\/\/atecordoba.org\/wp-content\/uploads\/2020\/09\/nota-paritaria-2020-1024x712.jpeg 1024w, https:\/\/atecordoba.org\/wp-content\/uploads\/2020\/09\/nota-paritaria-2020-768x534.jpeg 768w, https:\/\/atecordoba.org\/wp-content\/uploads\/2020\/09\/nota-paritaria-2020-750x521.jpeg 750w, https:\/\/atecordoba.org\/wp-content\/uploads\/2020\/09\/nota-paritaria-2020-1140x793.jpeg 1140w, https:\/\/atecordoba.org\/wp-content\/uploads\/2020\/09\/nota-paritaria-2020.jpeg 1280w\" sizes=\"auto, (max-width: 603px) 100vw, 603px\" \/><\/p>\n<p>&nbsp;<\/p>\n","protected":false},"excerpt":{"rendered":"<p>El secretario General del Consejo Directivo Provincial, Federico Giuliani, solicit\u00f3 por nota a su par nacional, Hugo Godoy, que el Consejo Directivo Nacional incorpore a ATE C\u00f3rdoba a la delegaci\u00f3n paritaria nacional, que el 22 de septiembre iniciar\u00e1 el di\u00e1logo con el Gobierno Nacional por la Paritaria 2020. La misiva enviada ayer da cuenta de [&hellip;]<\/p>\n","protected":false},"author":7,"featured_media":21850,"comment_status":"open","ping_status":"open","sticky":true,"template":"","format":"standard","meta":{"_exactmetrics_skip_tracking":false,"_exactmetrics_sitenote_active":false,"_exactmetrics_sitenote_note":"","_exactmetrics_sitenote_category":0,"jnews-multi-image_gallery":[],"jnews_single_post":{"source_name":"","source_url":"","via_name":"","via_url":"","override_template":"0","override":[{"template":"1","single_blog_custom":"","parallax":"1","fullscreen":"0","layout":"right-sidebar","sidebar":"default-sidebar","second_sidebar":"default-sidebar","sticky_sidebar":"1","share_position":"top","share_float_style":"share-monocrhome","show_share_counter":"1","show_view_counter":"1","show_featured":"1","show_post_meta":"1","show_post_author":"1","show_post_author_image":"1","show_post_date":"1","post_date_format":"default","post_date_format_custom":"Y\/m\/d","show_post_category":"1","show_post_reading_time":"0","post_reading_time_wpm":"300","show_zoom_button":"0","zoom_button_out_step":"2","zoom_button_in_step":"3","show_post_tag":"1","show_prev_next_post":"1","show_popup_post":"1","number_popup_post":"1","show_author_box":"0","show_post_related":"0","show_inline_post_related":"0"}],"override_image_size":"0","image_override":[{"single_post_thumbnail_size":"crop-500","single_post_gallery_size":"crop-500"}],"trending_post":"0","trending_post_position":"meta","trending_post_label":"Trending","sponsored_post":"0","sponsored_post_label":"Sponsored by","sponsored_post_name":"","sponsored_post_url":"","sponsored_post_logo_enable":"0","sponsored_post_logo":"","sponsored_post_desc":""},"jnews_primary_category":{"id":""},"jnews_social_meta":{"fb_title":"","fb_description":"","fb_image":"","twitter_title":"","twitter_description":"","twitter_image":""},"jnews_review":[],"enable_review":"0","type":"percentage","name":"","summary":"","brand":"","sku":"","good":[{"good_text":""}],"bad":[{"bad_text":""}],"score_override":"","override_value":"","rating":[{"rating_text":"","rating_number":"10"}],"price":[{"shop":"","price":"","link":"","icon":""}],"jnews_override_counter":{"override_view_counter":"0","view_counter_number":"0","override_share_counter":"0","share_counter_number":"0","override_like_counter":"0","like_counter_number":"0","override_dislike_counter":"0","dislike_counter_number":"0"},"jnews_post_split":{"enable_post_split":"0","post_split":[{"template":"1","tag":"h2","numbering":"asc","mode":"normal"}]},"footnotes":""},"categories":[341],"tags":[455],"class_list":["post-21845","post","type-post","status-publish","format-standard","has-post-thumbnail","hentry","category-cdp","tag-paritaria-2020"],"jetpack_featured_media_url":"https:\/\/atecordoba.org\/wp-content\/uploads\/2020\/09\/asuncion.jpg","_links":{"self":[{"href":"https:\/\/atecordoba.org\/index.php?rest_route=\/wp\/v2\/posts\/21845","targetHints":{"allow":["GET"]}}],"collection":[{"href":"https:\/\/atecordoba.org\/index.php?rest_route=\/wp\/v2\/posts"}],"about":[{"href":"https:\/\/atecordoba.org\/index.php?rest_route=\/wp\/v2\/types\/post"}],"author":[{"embeddable":true,"href":"https:\/\/atecordoba.org\/index.php?rest_route=\/wp\/v2\/users\/7"}],"replies":[{"embeddable":true,"href":"https:\/\/atecordoba.org\/index.php?rest_route=%2Fwp%2Fv2%2Fcomments&post=21845"}],"version-history":[{"count":2,"href":"https:\/\/atecordoba.org\/index.php?rest_route=\/wp\/v2\/posts\/21845\/revisions"}],"predecessor-version":[{"id":21852,"href":"https:\/\/atecordoba.org\/index.php?rest_route=\/wp\/v2\/posts\/21845\/revisions\/21852"}],"wp:featuredmedia":[{"embeddable":true,"href":"https:\/\/atecordoba.org\/index.php?rest_route=\/wp\/v2\/media\/21850"}],"wp:attachment":[{"href":"https:\/\/atecordoba.org\/index.php?rest_route=%2Fwp%2Fv2%2Fmedia&parent=21845"}],"wp:term":[{"taxonomy":"category","embeddable":true,"href":"https:\/\/atecordoba.org\/index.php?rest_route=%2Fwp%2Fv2%2Fcategories&post=21845"},{"taxonomy":"post_tag","embeddable":true,"href":"https:\/\/atecordoba.org\/index.php?rest_route=%2Fwp%2Fv2%2Ftags&post=21845"}],"curies":[{"name":"wp","href":"https:\/\/api.w.org\/{rel}","templated":true}]}}