{"id":21837,"date":"2020-09-17T12:28:18","date_gmt":"2020-09-17T15:28:18","guid":{"rendered":"https:\/\/atecordoba.org\/?p=21837"},"modified":"2020-09-17T12:28:37","modified_gmt":"2020-09-17T15:28:37","slug":"montecristo-ate-reitero-pedido-de-audiencia-a-la-municipalidad","status":"publish","type":"post","link":"https:\/\/atecordoba.org\/?p=21837","title":{"rendered":"Montecristo: ATE reiter\u00f3 pedido de audiencia a la Municipalidad"},"content":{"rendered":"<p><img loading=\"lazy\" decoding=\"async\" class=\" wp-image-21838 alignleft\" src=\"https:\/\/atecordoba.org\/wp-content\/uploads\/2020\/09\/nota-audiencia-montecristo-169x300.jpeg\" alt=\"\" width=\"281\" height=\"499\" srcset=\"https:\/\/atecordoba.org\/wp-content\/uploads\/2020\/09\/nota-audiencia-montecristo-169x300.jpeg 169w, https:\/\/atecordoba.org\/wp-content\/uploads\/2020\/09\/nota-audiencia-montecristo-576x1024.jpeg 576w, https:\/\/atecordoba.org\/wp-content\/uploads\/2020\/09\/nota-audiencia-montecristo.jpeg 648w\" sizes=\"auto, (max-width: 281px) 100vw, 281px\" \/>ATE reinter\u00f3 ayer un pedido de audiencia con las autoridades de la Municipalidad de Montecristo para plantear la agenda de reclamos de las y los trabajadores municipales de la localidad.<\/p>\n<p>Una delegaci\u00f3n de nuestro gremio, integrada por el secretario Gremial, Daniel Pawluchuzk, y el secretario de Organizaci\u00f3n, Omar Alerzia, presentaron una nota requiriendo que la intendenta Ver\u00f3nica Gazzoni d\u00e9 respuesta al pedido de apertura de paritarias, la realizaci\u00f3n de testeos entre el personal esencial de la comuna, el cumplimiento del protocolo de bioseguridad y el suministro de ropa de trabajo, tal como <a href=\"https:\/\/atecordoba.org\/?p=20771\">la vienen entregando otros municipios del interior provincial<\/a>.<\/p>\n<p>A su vez, Pawluchuzk inform\u00f3 que se llev\u00f3 a cabo una reuni\u00f3n con trabajadores del Corral\u00f3n Municipal &#8220;para explicarles c\u00f3mo funciona el sindicato y escuchar las dudas de los compa\u00f1eros, desde c\u00f3mo tienen que plantear algunas cuestiones hasta alentarlos a seguir formando m\u00e1s unidad entre ellos y a partir de ah\u00ed empezar a revisar las falencias que sufren&#8221;.<\/p>\n<p>El secretario Gremial dijo que entre las problem\u00e1ticas que plantean los trabajadores del Corral\u00f3n est\u00e1n &#8220;c\u00f3mo se compone su salario, muy pocos se les da el plus salarial pro trabajo insalubre, cuestiones sobre la metodolog\u00eda de trabajo y la discrecionalidad en la liquidaci\u00f3n de los haberes, porque algunos cobran full time y a otros se les paga horas extras, pero el salario est\u00e1 conformado de manera bastante irregular&#8221;.<\/p>\n<p>Pawluchuzk denunci\u00f3 que &#8220;cuando un trabajador no se cae bien a alg\u00fan funcionario a la misma intendenta, le sacan estos beneficios&#8221; y afirm\u00f3 que &#8220;volveremos cuando los compa\u00f1eros as\u00ed lo requieran y les dejamos carteler\u00eda para que la distribuyan en los lugares de trabajo y en la ciudad&#8221;.<\/p>\n<p><img loading=\"lazy\" decoding=\"async\" class=\" wp-image-21839 aligncenter\" src=\"https:\/\/atecordoba.org\/wp-content\/uploads\/2020\/09\/montecristo-300x225.jpeg\" alt=\"\" width=\"587\" height=\"440\" srcset=\"https:\/\/atecordoba.org\/wp-content\/uploads\/2020\/09\/montecristo-300x225.jpeg 300w, https:\/\/atecordoba.org\/wp-content\/uploads\/2020\/09\/montecristo-1024x768.jpeg 1024w, https:\/\/atecordoba.org\/wp-content\/uploads\/2020\/09\/montecristo-768x576.jpeg 768w, https:\/\/atecordoba.org\/wp-content\/uploads\/2020\/09\/montecristo-750x563.jpeg 750w, https:\/\/atecordoba.org\/wp-content\/uploads\/2020\/09\/montecristo.jpeg 1032w\" sizes=\"auto, (max-width: 587px) 100vw, 587px\" \/><\/p>\n","protected":false},"excerpt":{"rendered":"<p>ATE reinter\u00f3 ayer un pedido de audiencia con las autoridades de la Municipalidad de Montecristo para plantear la agenda de reclamos de las y los trabajadores municipales de la localidad. Una delegaci\u00f3n de nuestro gremio, integrada por el secretario Gremial, Daniel Pawluchuzk, y el secretario de Organizaci\u00f3n, Omar Alerzia, presentaron una nota requiriendo que la [&hellip;]<\/p>\n","protected":false},"author":7,"featured_media":21839,"comment_status":"open","ping_status":"open","sticky":true,"template":"","format":"standard","meta":{"_exactmetrics_skip_tracking":false,"_exactmetrics_sitenote_active":false,"_exactmetrics_sitenote_note":"","_exactmetrics_sitenote_category":0,"jnews-multi-image_gallery":[],"jnews_single_post":{"source_name":"","source_url":"","via_name":"","via_url":"","override_template":"0","override":[{"template":"1","single_blog_custom":"","parallax":"1","fullscreen":"0","layout":"right-sidebar","sidebar":"default-sidebar","second_sidebar":"default-sidebar","sticky_sidebar":"1","share_position":"top","share_float_style":"share-monocrhome","show_share_counter":"1","show_view_counter":"1","show_featured":"1","show_post_meta":"1","show_post_author":"1","show_post_author_image":"1","show_post_date":"1","post_date_format":"default","post_date_format_custom":"Y\/m\/d","show_post_category":"1","show_post_reading_time":"0","post_reading_time_wpm":"300","show_zoom_button":"0","zoom_button_out_step":"2","zoom_button_in_step":"3","show_post_tag":"1","show_prev_next_post":"1","show_popup_post":"1","number_popup_post":"1","show_author_box":"0","show_post_related":"0","show_inline_post_related":"0"}],"override_image_size":"0","image_override":[{"single_post_thumbnail_size":"crop-500","single_post_gallery_size":"crop-500"}],"trending_post":"0","trending_post_position":"meta","trending_post_label":"Trending","sponsored_post":"0","sponsored_post_label":"Sponsored by","sponsored_post_name":"","sponsored_post_url":"","sponsored_post_logo_enable":"0","sponsored_post_logo":"","sponsored_post_desc":""},"jnews_primary_category":{"id":""},"jnews_social_meta":{"fb_title":"","fb_description":"","fb_image":"","twitter_title":"","twitter_description":"","twitter_image":""},"jnews_review":[],"enable_review":"0","type":"percentage","name":"","summary":"","brand":"","sku":"","good":[{"good_text":""}],"bad":[{"bad_text":""}],"score_override":"","override_value":"","rating":[{"rating_text":"","rating_number":"10"}],"price":[{"shop":"","price":"","link":"","icon":""}],"jnews_override_counter":{"override_view_counter":"0","view_counter_number":"0","override_share_counter":"0","share_counter_number":"0","override_like_counter":"0","like_counter_number":"0","override_dislike_counter":"0","dislike_counter_number":"0"},"jnews_post_split":{"enable_post_split":"0","post_split":[{"template":"1","tag":"h2","numbering":"asc","mode":"normal"}]},"footnotes":""},"categories":[341,20],"tags":[571],"class_list":["post-21837","post","type-post","status-publish","format-standard","has-post-thumbnail","hentry","category-cdp","category-municipales","tag-montecristo"],"jetpack_featured_media_url":"https:\/\/atecordoba.org\/wp-content\/uploads\/2020\/09\/montecristo.jpeg","_links":{"self":[{"href":"https:\/\/atecordoba.org\/index.php?rest_route=\/wp\/v2\/posts\/21837","targetHints":{"allow":["GET"]}}],"collection":[{"href":"https:\/\/atecordoba.org\/index.php?rest_route=\/wp\/v2\/posts"}],"about":[{"href":"https:\/\/atecordoba.org\/index.php?rest_route=\/wp\/v2\/types\/post"}],"author":[{"embeddable":true,"href":"https:\/\/atecordoba.org\/index.php?rest_route=\/wp\/v2\/users\/7"}],"replies":[{"embeddable":true,"href":"https:\/\/atecordoba.org\/index.php?rest_route=%2Fwp%2Fv2%2Fcomments&post=21837"}],"version-history":[{"count":2,"href":"https:\/\/atecordoba.org\/index.php?rest_route=\/wp\/v2\/posts\/21837\/revisions"}],"predecessor-version":[{"id":21841,"href":"https:\/\/atecordoba.org\/index.php?rest_route=\/wp\/v2\/posts\/21837\/revisions\/21841"}],"wp:featuredmedia":[{"embeddable":true,"href":"https:\/\/atecordoba.org\/index.php?rest_route=\/wp\/v2\/media\/21839"}],"wp:attachment":[{"href":"https:\/\/atecordoba.org\/index.php?rest_route=%2Fwp%2Fv2%2Fmedia&parent=21837"}],"wp:term":[{"taxonomy":"category","embeddable":true,"href":"https:\/\/atecordoba.org\/index.php?rest_route=%2Fwp%2Fv2%2Fcategories&post=21837"},{"taxonomy":"post_tag","embeddable":true,"href":"https:\/\/atecordoba.org\/index.php?rest_route=%2Fwp%2Fv2%2Ftags&post=21837"}],"curies":[{"name":"wp","href":"https:\/\/api.w.org\/{rel}","templated":true}]}}