{"id":21830,"date":"2020-09-17T12:11:14","date_gmt":"2020-09-17T15:11:14","guid":{"rendered":"https:\/\/atecordoba.org\/?p=21830"},"modified":"2020-09-17T12:29:45","modified_gmt":"2020-09-17T15:29:45","slug":"el-congreso-convirtio-en-ley-el-fondo-nacional-de-la-defensa","status":"publish","type":"post","link":"https:\/\/atecordoba.org\/?p=21830","title":{"rendered":"El Congreso convirti\u00f3 en ley el Fondo Nacional de la Defensa"},"content":{"rendered":"<p><img loading=\"lazy\" decoding=\"async\" class=\" wp-image-21834 aligncenter\" src=\"https:\/\/atecordoba.org\/wp-content\/uploads\/2020\/09\/senado-300x169.jpg\" alt=\"\" width=\"600\" height=\"338\" srcset=\"https:\/\/atecordoba.org\/wp-content\/uploads\/2020\/09\/senado-300x169.jpg 300w, https:\/\/atecordoba.org\/wp-content\/uploads\/2020\/09\/senado-768x432.jpg 768w, https:\/\/atecordoba.org\/wp-content\/uploads\/2020\/09\/senado-750x422.jpg 750w, https:\/\/atecordoba.org\/wp-content\/uploads\/2020\/09\/senado.jpg 1004w\" sizes=\"auto, (max-width: 600px) 100vw, 600px\" \/>El Senado de la Naci\u00f3n aprob\u00f3 ayer la ley que crea el Fondo Nacional de la Defensa (Fondef) cuyos recursos\u00a0 ser\u00e1n afectados espec\u00edficamente a la recuperaci\u00f3n, modernizaci\u00f3n e incorporaci\u00f3n de material para las Fuerzas Armadas.<\/p>\n<p>El Fondo, dijo el ministro de Defensa Agust\u00edn Rossi, permitir\u00e1 favorecer la sustituci\u00f3n de importaciones, el desarrollo de proveedores y la inserci\u00f3n internacional de la producci\u00f3n local de bienes y servicios orientados a la defensa; promover la innovaci\u00f3n productiva, inclusiva y sustentable, por medio de un mayor escalonamiento tecnol\u00f3gico; incrementar las acciones de investigaci\u00f3n y desarrollo, tanto en el sector p\u00fablico como privado y mejorar las condiciones de creaci\u00f3n, difusi\u00f3n y asimilaci\u00f3n de innovaciones por parte de la estructura productiva nacional.<\/p>\n<p>Tambi\u00e9n\u00a0se busca promover la innovaci\u00f3n productiva, inclusiva y sustentable, por medio de un mayor escalonamiento tecnol\u00f3gico; incrementar las acciones de investigaci\u00f3n y desarrollo en los sectores p\u00fablico y privado y mejorar las condiciones de creaci\u00f3n, difusi\u00f3n y asimilaci\u00f3n de innovaciones por parte de la estructura productiva nacional.<\/p>\n<p>En este marco, tanto la Direcci\u00f3n General de Fabricaciones Militares (DGFM) como las F\u00e1brica Argentina de Aviones (FADEA), cuyas plantas productivas se encuentran en C\u00f3rdoba, asumen un rol preponderante en esta producci\u00f3n para la defensa y contar\u00e1n con los fondos suficientes para poner en marcha las lineas de producci\u00f3n, as\u00ed como para reincorporar al personal despedido por el macrismo, tal como lo viene reclamando ATE desde el a\u00f1o pasado.<\/p>\n<p>El secretario General de la seccional ATE Villa mar\u00eda, Fernando Mercado, salud\u00f3 la iniciativa. &#8220;Dado que Fabricaciones Militares produce el \u00e1cido n\u00edtrico para los explosivos, metalmec\u00e1nica, balas, implementos de seguridad como chalecos antibalas, p\u00f3lvora, explosivos para la miner\u00eda, lo vemos como una herramienta fundamental a la hora de poner en valor a cada una de las f\u00e1bricas, y recuperar lo m\u00e1s importante que perdi\u00f3 FFMM: sus trabajadores y trabajadoras, despedidos por el macrismo detr\u00e1s de un proceso macabro para hacer desaparecer el organismo&#8221;.<\/p>\n<p>El dirigente remarc\u00f3 que &#8220;las y los trabajadores tienen que volver porque son el capital humano fundamental. Eso sumado a las inversiones permitir\u00e1n el a\u00f1o que viene volver a producir y a crecer, como lo hicimos a partir de 2003, convirti\u00e9ndonos en una empresa pujante&#8221;.<\/p>\n<p>Y sum\u00f3\u00a0 una gran expectativa &#8220;no solo en la figura del ministro Rossi sino de Ivan Durig\u00f3n y su equipo que lo acompa\u00f1a en la DGFM, para que pongan todo su esfuerzo en poner en valor cada una de las unidades productivas, hacerlas productivas&#8221;.<\/p>\n<p>La ley se aprob\u00f3 con el voto un\u00e1nime del bloque oficialista del Senado porque la oposici\u00f3n macrista sabote\u00f3 la sesi\u00f3n al no presentarse porque argumenta que est\u00e1 en contra de que el congreso funciones de manera virtual.<\/p>\n","protected":false},"excerpt":{"rendered":"<p>El Senado de la Naci\u00f3n aprob\u00f3 ayer la ley que crea el Fondo Nacional de la Defensa (Fondef) cuyos recursos\u00a0 ser\u00e1n afectados espec\u00edficamente a la recuperaci\u00f3n, modernizaci\u00f3n e incorporaci\u00f3n de material para las Fuerzas Armadas. El Fondo, dijo el ministro de Defensa Agust\u00edn Rossi, permitir\u00e1 favorecer la sustituci\u00f3n de importaciones, el desarrollo de proveedores y [&hellip;]<\/p>\n","protected":false},"author":7,"featured_media":21834,"comment_status":"open","ping_status":"open","sticky":false,"template":"","format":"standard","meta":{"_exactmetrics_skip_tracking":false,"_exactmetrics_sitenote_active":false,"_exactmetrics_sitenote_note":"","_exactmetrics_sitenote_category":0,"jnews-multi-image_gallery":[],"jnews_single_post":{"source_name":"","source_url":"","via_name":"","via_url":"","override_template":"0","override":[{"template":"1","single_blog_custom":"","parallax":"1","fullscreen":"0","layout":"right-sidebar","sidebar":"default-sidebar","second_sidebar":"default-sidebar","sticky_sidebar":"1","share_position":"top","share_float_style":"share-monocrhome","show_share_counter":"1","show_view_counter":"1","show_featured":"1","show_post_meta":"1","show_post_author":"1","show_post_author_image":"1","show_post_date":"1","post_date_format":"default","post_date_format_custom":"Y\/m\/d","show_post_category":"1","show_post_reading_time":"0","post_reading_time_wpm":"300","show_zoom_button":"0","zoom_button_out_step":"2","zoom_button_in_step":"3","show_post_tag":"1","show_prev_next_post":"1","show_popup_post":"1","number_popup_post":"1","show_author_box":"0","show_post_related":"0","show_inline_post_related":"0"}],"override_image_size":"0","image_override":[{"single_post_thumbnail_size":"crop-500","single_post_gallery_size":"crop-500"}],"trending_post":"0","trending_post_position":"meta","trending_post_label":"Trending","sponsored_post":"0","sponsored_post_label":"Sponsored by","sponsored_post_name":"","sponsored_post_url":"","sponsored_post_logo_enable":"0","sponsored_post_logo":"","sponsored_post_desc":""},"jnews_primary_category":{"id":""},"jnews_social_meta":{"fb_title":"","fb_description":"","fb_image":"","twitter_title":"","twitter_description":"","twitter_image":""},"jnews_review":[],"enable_review":"0","type":"percentage","name":"","summary":"","brand":"","sku":"","good":[{"good_text":""}],"bad":[{"bad_text":""}],"score_override":"","override_value":"","rating":[{"rating_text":"","rating_number":"10"}],"price":[{"shop":"","price":"","link":"","icon":""}],"jnews_override_counter":{"override_view_counter":"0","view_counter_number":"0","override_share_counter":"0","share_counter_number":"0","override_like_counter":"0","like_counter_number":"0","override_dislike_counter":"0","dislike_counter_number":"0"},"jnews_post_split":{"enable_post_split":"0","post_split":[{"template":"1","tag":"h2","numbering":"asc","mode":"normal"}]},"footnotes":""},"categories":[18],"tags":[570],"class_list":["post-21830","post","type-post","status-publish","format-standard","has-post-thumbnail","hentry","category-nacionales","tag-direccion-general-de-fabricaciones-militares"],"jetpack_featured_media_url":"https:\/\/atecordoba.org\/wp-content\/uploads\/2020\/09\/senado.jpg","_links":{"self":[{"href":"https:\/\/atecordoba.org\/index.php?rest_route=\/wp\/v2\/posts\/21830","targetHints":{"allow":["GET"]}}],"collection":[{"href":"https:\/\/atecordoba.org\/index.php?rest_route=\/wp\/v2\/posts"}],"about":[{"href":"https:\/\/atecordoba.org\/index.php?rest_route=\/wp\/v2\/types\/post"}],"author":[{"embeddable":true,"href":"https:\/\/atecordoba.org\/index.php?rest_route=\/wp\/v2\/users\/7"}],"replies":[{"embeddable":true,"href":"https:\/\/atecordoba.org\/index.php?rest_route=%2Fwp%2Fv2%2Fcomments&post=21830"}],"version-history":[{"count":1,"href":"https:\/\/atecordoba.org\/index.php?rest_route=\/wp\/v2\/posts\/21830\/revisions"}],"predecessor-version":[{"id":21836,"href":"https:\/\/atecordoba.org\/index.php?rest_route=\/wp\/v2\/posts\/21830\/revisions\/21836"}],"wp:featuredmedia":[{"embeddable":true,"href":"https:\/\/atecordoba.org\/index.php?rest_route=\/wp\/v2\/media\/21834"}],"wp:attachment":[{"href":"https:\/\/atecordoba.org\/index.php?rest_route=%2Fwp%2Fv2%2Fmedia&parent=21830"}],"wp:term":[{"taxonomy":"category","embeddable":true,"href":"https:\/\/atecordoba.org\/index.php?rest_route=%2Fwp%2Fv2%2Fcategories&post=21830"},{"taxonomy":"post_tag","embeddable":true,"href":"https:\/\/atecordoba.org\/index.php?rest_route=%2Fwp%2Fv2%2Ftags&post=21830"}],"curies":[{"name":"wp","href":"https:\/\/api.w.org\/{rel}","templated":true}]}}