{"id":21825,"date":"2020-09-17T10:37:59","date_gmt":"2020-09-17T13:37:59","guid":{"rendered":"https:\/\/atecordoba.org\/?p=21825"},"modified":"2020-09-17T10:39:32","modified_gmt":"2020-09-17T13:39:32","slug":"pesar-por-el-fallecimiento-de-ricardo-lopez","status":"publish","type":"post","link":"https:\/\/atecordoba.org\/?p=21825","title":{"rendered":"Pesar por el fallecimiento de Ricardo L\u00f3pez"},"content":{"rendered":"<p><img loading=\"lazy\" decoding=\"async\" class=\" wp-image-21826 aligncenter\" src=\"https:\/\/atecordoba.org\/wp-content\/uploads\/2020\/09\/lopez_1600297921-300x170.jpg\" alt=\"\" width=\"531\" height=\"301\" srcset=\"https:\/\/atecordoba.org\/wp-content\/uploads\/2020\/09\/lopez_1600297921-300x170.jpg 300w, https:\/\/atecordoba.org\/wp-content\/uploads\/2020\/09\/lopez_1600297921-1024x581.jpg 1024w, https:\/\/atecordoba.org\/wp-content\/uploads\/2020\/09\/lopez_1600297921-768x436.jpg 768w, https:\/\/atecordoba.org\/wp-content\/uploads\/2020\/09\/lopez_1600297921-750x425.jpg 750w, https:\/\/atecordoba.org\/wp-content\/uploads\/2020\/09\/lopez_1600297921.jpg 1072w\" sizes=\"auto, (max-width: 531px) 100vw, 531px\" \/>Desde el Consejo Directivo Provincial de ATE enviamos nuestro sentido p\u00e9same a los compa\u00f1eros de la Asociaci\u00f3n de Trabajadores de la Sanidad Argentina de C\u00f3rdoba (ATSA) por el fallecimiento de su secretario General, Ricardo L\u00f3pez, sucedido el pasado martes 15 de septiembre.<\/p>\n<p>El compa\u00f1ero L\u00f3pez falleci\u00f3 a los 69 tras un mes de internaci\u00f3n en terapia intensiva por una afecci\u00f3n pulmonar no vinculada con el Covid-19.<\/p>\n<p>Hacemos extensivo el p\u00e9same a su familia, esperando que su alma descanse en paz.<\/p>\n<p style=\"text-align: center;\">Federico Giuliani<\/p>\n<p style=\"text-align: center;\">Secretario General<\/p>\n<p style=\"text-align: center;\">ATE C\u00f3rdoba<\/p>\n<p style=\"text-align: center;\">Hugo Dur\u00e1n<\/p>\n<p style=\"text-align: center;\">Secretario Adjunto<\/p>\n<p style=\"text-align: center;\">\n","protected":false},"excerpt":{"rendered":"<p>Desde el Consejo Directivo Provincial de ATE enviamos nuestro sentido p\u00e9same a los compa\u00f1eros de la Asociaci\u00f3n de Trabajadores de la Sanidad Argentina de C\u00f3rdoba (ATSA) por el fallecimiento de su secretario General, Ricardo L\u00f3pez, sucedido el pasado martes 15 de septiembre. El compa\u00f1ero L\u00f3pez falleci\u00f3 a los 69 tras un mes de internaci\u00f3n en [&hellip;]<\/p>\n","protected":false},"author":7,"featured_media":21826,"comment_status":"open","ping_status":"open","sticky":true,"template":"","format":"standard","meta":{"_exactmetrics_skip_tracking":false,"_exactmetrics_sitenote_active":false,"_exactmetrics_sitenote_note":"","_exactmetrics_sitenote_category":0,"jnews-multi-image_gallery":[],"jnews_single_post":{"source_name":"","source_url":"","via_name":"","via_url":"","override_template":"0","override":[{"template":"1","single_blog_custom":"","parallax":"1","fullscreen":"0","layout":"right-sidebar","sidebar":"default-sidebar","second_sidebar":"default-sidebar","sticky_sidebar":"1","share_position":"top","share_float_style":"share-monocrhome","show_share_counter":"1","show_view_counter":"1","show_featured":"1","show_post_meta":"1","show_post_author":"1","show_post_author_image":"1","show_post_date":"1","post_date_format":"default","post_date_format_custom":"Y\/m\/d","show_post_category":"1","show_post_reading_time":"0","post_reading_time_wpm":"300","show_zoom_button":"0","zoom_button_out_step":"2","zoom_button_in_step":"3","show_post_tag":"1","show_prev_next_post":"1","show_popup_post":"1","number_popup_post":"1","show_author_box":"0","show_post_related":"0","show_inline_post_related":"0"}],"override_image_size":"0","image_override":[{"single_post_thumbnail_size":"crop-500","single_post_gallery_size":"crop-500"}],"trending_post":"0","trending_post_position":"meta","trending_post_label":"Trending","sponsored_post":"0","sponsored_post_label":"Sponsored by","sponsored_post_name":"","sponsored_post_url":"","sponsored_post_logo_enable":"0","sponsored_post_logo":"","sponsored_post_desc":""},"jnews_primary_category":{"id":""},"jnews_social_meta":{"fb_title":"","fb_description":"","fb_image":"","twitter_title":"","twitter_description":"","twitter_image":""},"jnews_review":[],"enable_review":"0","type":"percentage","name":"","summary":"","brand":"","sku":"","good":[{"good_text":""}],"bad":[{"bad_text":""}],"score_override":"","override_value":"","rating":[{"rating_text":"","rating_number":"10"}],"price":[{"shop":"","price":"","link":"","icon":""}],"jnews_override_counter":{"override_view_counter":"0","view_counter_number":"0","override_share_counter":"0","share_counter_number":"0","override_like_counter":"0","like_counter_number":"0","override_dislike_counter":"0","dislike_counter_number":"0"},"jnews_post_split":{"enable_post_split":"0","post_split":[{"template":"1","tag":"h2","numbering":"asc","mode":"normal"}]},"footnotes":""},"categories":[10],"tags":[569],"class_list":["post-21825","post","type-post","status-publish","format-standard","has-post-thumbnail","hentry","category-accion-politica","tag-atsa"],"jetpack_featured_media_url":"https:\/\/atecordoba.org\/wp-content\/uploads\/2020\/09\/lopez_1600297921.jpg","_links":{"self":[{"href":"https:\/\/atecordoba.org\/index.php?rest_route=\/wp\/v2\/posts\/21825","targetHints":{"allow":["GET"]}}],"collection":[{"href":"https:\/\/atecordoba.org\/index.php?rest_route=\/wp\/v2\/posts"}],"about":[{"href":"https:\/\/atecordoba.org\/index.php?rest_route=\/wp\/v2\/types\/post"}],"author":[{"embeddable":true,"href":"https:\/\/atecordoba.org\/index.php?rest_route=\/wp\/v2\/users\/7"}],"replies":[{"embeddable":true,"href":"https:\/\/atecordoba.org\/index.php?rest_route=%2Fwp%2Fv2%2Fcomments&post=21825"}],"version-history":[{"count":3,"href":"https:\/\/atecordoba.org\/index.php?rest_route=\/wp\/v2\/posts\/21825\/revisions"}],"predecessor-version":[{"id":21829,"href":"https:\/\/atecordoba.org\/index.php?rest_route=\/wp\/v2\/posts\/21825\/revisions\/21829"}],"wp:featuredmedia":[{"embeddable":true,"href":"https:\/\/atecordoba.org\/index.php?rest_route=\/wp\/v2\/media\/21826"}],"wp:attachment":[{"href":"https:\/\/atecordoba.org\/index.php?rest_route=%2Fwp%2Fv2%2Fmedia&parent=21825"}],"wp:term":[{"taxonomy":"category","embeddable":true,"href":"https:\/\/atecordoba.org\/index.php?rest_route=%2Fwp%2Fv2%2Fcategories&post=21825"},{"taxonomy":"post_tag","embeddable":true,"href":"https:\/\/atecordoba.org\/index.php?rest_route=%2Fwp%2Fv2%2Ftags&post=21825"}],"curies":[{"name":"wp","href":"https:\/\/api.w.org\/{rel}","templated":true}]}}