{"id":21799,"date":"2020-09-16T14:41:20","date_gmt":"2020-09-16T17:41:20","guid":{"rendered":"https:\/\/atecordoba.org\/?p=21799"},"modified":"2020-09-16T14:41:20","modified_gmt":"2020-09-16T17:41:20","slug":"la-falta-de-personal-es-el-principal-problema-de-los-equipos-de-salud-en-pandemia","status":"publish","type":"post","link":"https:\/\/atecordoba.org\/?p=21799","title":{"rendered":"La falta de personal es el principal problema de los equipos de salud en pandemia"},"content":{"rendered":"<p><img loading=\"lazy\" decoding=\"async\" class=\" wp-image-21798 aligncenter\" src=\"https:\/\/atecordoba.org\/wp-content\/uploads\/2020\/09\/protesta-pizzurno-300x165.jpg\" alt=\"\" width=\"613\" height=\"337\" srcset=\"https:\/\/atecordoba.org\/wp-content\/uploads\/2020\/09\/protesta-pizzurno-300x165.jpg 300w, https:\/\/atecordoba.org\/wp-content\/uploads\/2020\/09\/protesta-pizzurno-1024x563.jpg 1024w, https:\/\/atecordoba.org\/wp-content\/uploads\/2020\/09\/protesta-pizzurno-768x422.jpg 768w, https:\/\/atecordoba.org\/wp-content\/uploads\/2020\/09\/protesta-pizzurno-750x412.jpg 750w, https:\/\/atecordoba.org\/wp-content\/uploads\/2020\/09\/protesta-pizzurno.jpg 1072w\" sizes=\"auto, (max-width: 613px) 100vw, 613px\" \/><\/p>\n<p>La extensi\u00f3n de los plazos de la cuarentena que se vienen sucediendo hace meses, ante la din\u00e1mica de la pandemia y el descontrol de los contagios en C\u00f3rdoba obliga a poner foco en la realidad de los equipos sanitarios.<\/p>\n<p>Para comprender la dimensi\u00f3n del problema que afrontan los hospitales provinciales, seg\u00fan datos oficiales difundidos ayer, los contagiados llegaron a 716 cuando hace un mes se contabilizaron 140 contagios. Esto da cuenta de la aceleraci\u00f3n de la multiplicaci\u00f3n de los contagios y de la presi\u00f3n que durante el \u00faltimo mes se vieron sometidos los equipos de salud.<\/p>\n<p>En tal sentido, el Consejo Directivo Provincial dispuso que compa\u00f1eras y compa\u00f1eros del sector salud recorran los nosocomios para recoger las inquietudes de las y los trabajadores a los fines de contar con un cuadro de la situaci\u00f3n.<\/p>\n<p>Como una primera aproximaci\u00f3n, el secretario Progremial del CDP, Roberto Calvetti, explic\u00f3 que &#8220;la situaci\u00f3n del personal de la salud no es la mejo. Esto arranca antes de marzo, cuando por distintas pol\u00edticas se consideraba al sector p\u00fablico como un gasto y durante mucho tiempo se hicieron recortes a nivel del personal que incluyeron al personal de salud. Se explica porque cuando el personal egresa del Estado provincial, sea por fallecimiento o por jubilaciones, nunca se cubre con las respectivas altas de esos cargos desde el Ministerio de Saslud&#8221;.<\/p>\n<p>&#8220;Por caso, en la Maternidad Provincial -donde trabaja Calvetti- desde comienzos de a\u00f1o perdimos el 10% del personal y no fue reemplazado. De hecho ahora hay un compromiso para nombrar nuevo personal pero solo en los hospitales covid. As\u00ed que la Maternidad no tendr\u00eda nombramientos a pesar que se jubilados 31 compa\u00f1eros y compa\u00f1eras, y que 11 m\u00e1s est\u00e1n de licencia extraordinaria por ser personas de riesgo&#8221;, explica el dirigente.<\/p>\n<p>Como conclusi\u00f3n, antes de la pandemia el personal ya era insuficiente o escaso para afrontar la epidemia sin colapsarse. &#8220;En marzo, la Provincia toma algunas decisiones pol\u00edticas al respecto. Ante hospitales de los a\u00f1os &#8217;60 y &#8217;70, refaccionados a pulm\u00f3n, se intent\u00f3 tomar medidas para hacer frente a la situaci\u00f3n que hoy estamos viviendo. Por eso hospitales como el San Roque Nuevo, traslada sus servicios y se lo dedica exclusivamente a salas de terapia intensiva. Incluso se construy\u00f3 al lado un hospital modular para abrir camas Covid, pero el problema sigue siendo el mismo: falta personal&#8221;, detalla Calvetti.<\/p>\n<p>&#8220;Ante el d\u00e9ficit en los planteles de salud -agrega- y ante los primeros casos de Covid. el mismo Ministerio sugiri\u00f3 armar grupos de trabajo, sometidos a excesiva carga horaria en algunos casos, con el objetivo que hubiera dos equipos de trabajo que no se cruzaran entre ellos cada 15 d\u00edas. La idea era tratar de cubrir todos los sectores pero con el personal que hab\u00eda. As\u00ed, enfermer\u00eda comenz\u00f3 a hacer guardias espejo o guardias de 12, 16 o 24 horas para cubrir el personal que falta. Esto hace que una enfermera cubra muchos m\u00e1s pacientes por ratio que el que tiene que atender profesionalmente y lo pedido por los mismos colegios y por lo recomendado por la organizaci\u00f3n mundial de la salud&#8221;.<\/p>\n<p>&#8220;Esto es un problema actualmente. En ciertos lugares tenemos un d\u00e9ficit de profesionales para tal fin, como es el caso de los terapistas, que es una especialidad poco buscada y por eso los profesionales est\u00e1n trabajando bajo mucha presi\u00f3n. Nos est\u00e1 faltando ese personal&#8221;, se\u00f1ala el Progremial.<\/p>\n<p><img loading=\"lazy\" decoding=\"async\" class=\" wp-image-21797 aligncenter\" src=\"https:\/\/atecordoba.org\/wp-content\/uploads\/2020\/09\/protesta-pizzurno2-300x165.jpg\" alt=\"\" width=\"602\" height=\"331\" srcset=\"https:\/\/atecordoba.org\/wp-content\/uploads\/2020\/09\/protesta-pizzurno2-300x165.jpg 300w, https:\/\/atecordoba.org\/wp-content\/uploads\/2020\/09\/protesta-pizzurno2-1024x563.jpg 1024w, https:\/\/atecordoba.org\/wp-content\/uploads\/2020\/09\/protesta-pizzurno2-768x422.jpg 768w, https:\/\/atecordoba.org\/wp-content\/uploads\/2020\/09\/protesta-pizzurno2-750x412.jpg 750w, https:\/\/atecordoba.org\/wp-content\/uploads\/2020\/09\/protesta-pizzurno2.jpg 1072w\" sizes=\"auto, (max-width: 602px) 100vw, 602px\" \/><\/p>\n<p>A esto se suma otra terrible realidad que Calvetti describe gr\u00e1ficamente. &#8220;Muchos de los contagios que tenemos en los hospitales no son producto de del contacto con los pacientes infectados sino del propio personal, y no es a causa de la falta de utilizaci\u00f3n de los equipos de protecci\u00f3n personal sino porque muchos compa\u00f1eros est\u00e1n trabajando en muchos lugares a la vez. El pluriempleo es mucho m\u00e1s de lo que se cree y esto llev\u00f3 al Ministerio a ordenar que se hagan declaraciones juradas todos los d\u00edas. Los sueldos del personal de salud son bajos, los compa\u00f1eros tienen varios trabajos y esto nos convierte en agentes transmisores del virus si no se toman las medidas y recaudos necesarios. Desde el sindicato planteamos este tema porque hoy la situaci\u00f3n del pluriempleo afecta a un gran porcentaje&#8221;.<\/p>\n<p><strong>R\u00edo Cuarto<\/strong><\/p>\n<p>En el interior provincial se dispararon los contagios a niveles exponenciales. De los datos oficiales informados ayer surge que de los 714 contagios, 438 est\u00e1n fuera de C\u00f3rdoba Capital. Un caso extremo de esa escalada es la ciudad de R\u00edo Cuarto, donde la Municipalidad orden\u00f3 volver a fase 1 de la cuarentena, aun a pesar que el manual cordobesista descarta retomar con el control de la circulaci\u00f3n de la poblaci\u00f3n, aun en situaciones extremas.<\/p>\n<p>Calvetti tiene una mirada del CDP para explicar la situaci\u00f3n.\u00a0&#8220;R\u00edo Cuarto es un problema producto de que la gente se relaj\u00f3 bastante. Uno es consciente de lo que ve, las reuniones se hacen sin criterio y no se utiliza el barbijo que es una herramienta efectiva de prevenci\u00f3n de contagios propio y de otros. En R\u00edo Cuarto hay una bomba epidemiol\u00f3gica y sorprende que hay que trasladar personal de otras partes por no poder cubrir con personal propio de la provincia. Es alarmante la situaci\u00f3n como en otras ciudades de la provincia que posiblemente esta semana tengan la misma suerte y deban volver a la fase 1 estricta&#8221;.<\/p>\n<p>Para el integrante del CDP &#8220;sorprende que teniendo C\u00f3rdoba universidades prestigiosas donde egresan mucha cantidad de profesionales, tengamos que mandar a traer profesionales de otros lugares, incluso para dise\u00f1ar pol\u00edticas epidemiol\u00f3gicas&#8221;.<\/p>\n<p><strong>Nuevos contratos<\/strong><\/p>\n<p>Por \u00faltimo, Calvetti complet\u00f3 el panorama asegurando que le Ministerio de Salud asumi\u00f3 recientemente el compromiso de hacer un pedido para bastantes m\u00e1s profesionales en ciertos focos de atenci\u00f3n. &#8220;Sabemos que ese personal ser\u00e1 para hospitales Covid, por lo tanto hospitales blancos, como la Maternidad donde los pacientes que ingresan con Covid son inmediatamente derivados, no van a nombrar personal. Nos lo dijo la Direcci\u00f3n. Eso es un gran problema porque seguimos teniendo falta de cobertura de cargos de personal que se jubila&#8221;.<\/p>\n<p>&nbsp;<\/p>\n<p>&nbsp;<\/p>\n","protected":false},"excerpt":{"rendered":"<p>La extensi\u00f3n de los plazos de la cuarentena que se vienen sucediendo hace meses, ante la din\u00e1mica de la pandemia y el descontrol de los contagios en C\u00f3rdoba obliga a poner foco en la realidad de los equipos sanitarios. Para comprender la dimensi\u00f3n del problema que afrontan los hospitales provinciales, seg\u00fan datos oficiales difundidos ayer, [&hellip;]<\/p>\n","protected":false},"author":7,"featured_media":21798,"comment_status":"open","ping_status":"open","sticky":false,"template":"","format":"standard","meta":{"_exactmetrics_skip_tracking":false,"_exactmetrics_sitenote_active":false,"_exactmetrics_sitenote_note":"","_exactmetrics_sitenote_category":0,"jnews-multi-image_gallery":[],"jnews_single_post":{"source_name":"","source_url":"","via_name":"","via_url":"","override_template":"0","override":[{"template":"1","single_blog_custom":"","parallax":"1","fullscreen":"0","layout":"right-sidebar","sidebar":"default-sidebar","second_sidebar":"default-sidebar","sticky_sidebar":"1","share_position":"top","share_float_style":"share-monocrhome","show_share_counter":"1","show_view_counter":"1","show_featured":"1","show_post_meta":"1","show_post_author":"1","show_post_author_image":"1","show_post_date":"1","post_date_format":"default","post_date_format_custom":"Y\/m\/d","show_post_category":"1","show_post_reading_time":"0","post_reading_time_wpm":"300","show_zoom_button":"0","zoom_button_out_step":"2","zoom_button_in_step":"3","show_post_tag":"1","show_prev_next_post":"1","show_popup_post":"1","number_popup_post":"1","show_author_box":"0","show_post_related":"0","show_inline_post_related":"0"}],"override_image_size":"0","image_override":[{"single_post_thumbnail_size":"crop-500","single_post_gallery_size":"crop-500"}],"trending_post":"0","trending_post_position":"meta","trending_post_label":"Trending","sponsored_post":"0","sponsored_post_label":"Sponsored by","sponsored_post_name":"","sponsored_post_url":"","sponsored_post_logo_enable":"0","sponsored_post_logo":"","sponsored_post_desc":""},"jnews_primary_category":{"id":""},"jnews_social_meta":{"fb_title":"","fb_description":"","fb_image":"","twitter_title":"","twitter_description":"","twitter_image":""},"jnews_review":[],"enable_review":"0","type":"percentage","name":"","summary":"","brand":"","sku":"","good":[{"good_text":""}],"bad":[{"bad_text":""}],"score_override":"","override_value":"","rating":[{"rating_text":"","rating_number":"10"}],"price":[{"shop":"","price":"","link":"","icon":""}],"jnews_override_counter":{"override_view_counter":"0","view_counter_number":"0","override_share_counter":"0","share_counter_number":"0","override_like_counter":"0","like_counter_number":"0","override_dislike_counter":"0","dislike_counter_number":"0"},"jnews_post_split":{"enable_post_split":"0","post_split":[{"template":"1","tag":"h2","numbering":"asc","mode":"normal"}]},"footnotes":""},"categories":[341,104,8],"tags":[476,486],"class_list":["post-21799","post","type-post","status-publish","format-standard","has-post-thumbnail","hentry","category-cdp","category-departamento-de-salud","category-provinciales","tag-equipos-de-salud","tag-falta-de-personal"],"jetpack_featured_media_url":"https:\/\/atecordoba.org\/wp-content\/uploads\/2020\/09\/protesta-pizzurno.jpg","_links":{"self":[{"href":"https:\/\/atecordoba.org\/index.php?rest_route=\/wp\/v2\/posts\/21799","targetHints":{"allow":["GET"]}}],"collection":[{"href":"https:\/\/atecordoba.org\/index.php?rest_route=\/wp\/v2\/posts"}],"about":[{"href":"https:\/\/atecordoba.org\/index.php?rest_route=\/wp\/v2\/types\/post"}],"author":[{"embeddable":true,"href":"https:\/\/atecordoba.org\/index.php?rest_route=\/wp\/v2\/users\/7"}],"replies":[{"embeddable":true,"href":"https:\/\/atecordoba.org\/index.php?rest_route=%2Fwp%2Fv2%2Fcomments&post=21799"}],"version-history":[{"count":1,"href":"https:\/\/atecordoba.org\/index.php?rest_route=\/wp\/v2\/posts\/21799\/revisions"}],"predecessor-version":[{"id":21800,"href":"https:\/\/atecordoba.org\/index.php?rest_route=\/wp\/v2\/posts\/21799\/revisions\/21800"}],"wp:featuredmedia":[{"embeddable":true,"href":"https:\/\/atecordoba.org\/index.php?rest_route=\/wp\/v2\/media\/21798"}],"wp:attachment":[{"href":"https:\/\/atecordoba.org\/index.php?rest_route=%2Fwp%2Fv2%2Fmedia&parent=21799"}],"wp:term":[{"taxonomy":"category","embeddable":true,"href":"https:\/\/atecordoba.org\/index.php?rest_route=%2Fwp%2Fv2%2Fcategories&post=21799"},{"taxonomy":"post_tag","embeddable":true,"href":"https:\/\/atecordoba.org\/index.php?rest_route=%2Fwp%2Fv2%2Ftags&post=21799"}],"curies":[{"name":"wp","href":"https:\/\/api.w.org\/{rel}","templated":true}]}}