{"id":21766,"date":"2020-09-16T12:57:55","date_gmt":"2020-09-16T15:57:55","guid":{"rendered":"https:\/\/atecordoba.org\/?p=21766"},"modified":"2020-09-17T11:09:20","modified_gmt":"2020-09-17T14:09:20","slug":"accion-social-el-cdp-dispone-de-beneficios-para-las-y-los-afiliados-en-comercio-y-servicios","status":"publish","type":"post","link":"https:\/\/atecordoba.org\/?p=21766","title":{"rendered":"Acci\u00f3n Social: el CDP dispone de beneficios para las y los afiliados en comercio y servicios"},"content":{"rendered":"<p>La Secretar\u00eda de Acci\u00f3n Social del Consejo Directivo Provincial informa sobre beneficios y ayudas que ATE brinda a sus afiliadas y afiliados, as\u00ed como convenios con comercios y servicios que facilitan el acceso para las familias de los estatales.<\/p>\n<p>Esto se realiza en el marco de las definiciones que la conducci\u00f3n de ATE elabor\u00f3 para este periodo iniciado en noviembre de 2019. &#8220;La Acci\u00f3n Social es una herramienta clara para los delegados y delegadas, para fortalecer el v\u00ednculo con sus compa\u00f1eros y compa\u00f1eras. Hay que entenderla de esa forma. Est\u00e1n todos y todas invitadas a charlar, a traer sus inquietudes, sus propuestas para mejorar d\u00eda a d\u00eda este sindicato que tanto queremos, con participaci\u00f3n, que es fundamental&#8221;, fundament\u00f3 el secretario Ivan Contreras, al presentar la pol\u00edtica del \u00e1rea a comienzo de este a\u00f1o .<\/p>\n<h2><strong>Beneficios y ayudas<\/strong><\/h2>\n<ul>\n<li>TURISMO: Amplia oferta de Turismo en todo el territorio provincial y otras provincias de nuestro pa\u00eds.<\/li>\n<li>KITS ESCOLARES: Una mochila de excelente calidad y un kits de art\u00edculos escolares para cada hijo o hija de <img loading=\"lazy\" decoding=\"async\" class=\"size-medium wp-image-21770 alignright\" src=\"https:\/\/atecordoba.org\/wp-content\/uploads\/2020\/09\/Kit-secu-300x300.jpg\" alt=\"\" width=\"300\" height=\"300\" srcset=\"https:\/\/atecordoba.org\/wp-content\/uploads\/2020\/09\/Kit-secu-300x300.jpg 300w, https:\/\/atecordoba.org\/wp-content\/uploads\/2020\/09\/Kit-secu-150x150.jpg 150w, https:\/\/atecordoba.org\/wp-content\/uploads\/2020\/09\/Kit-secu-768x768.jpg 768w, https:\/\/atecordoba.org\/wp-content\/uploads\/2020\/09\/Kit-secu-560x560.jpg 560w, https:\/\/atecordoba.org\/wp-content\/uploads\/2020\/09\/Kit-secu-75x75.jpg 75w, https:\/\/atecordoba.org\/wp-content\/uploads\/2020\/09\/Kit-secu-750x750.jpg 750w, https:\/\/atecordoba.org\/wp-content\/uploads\/2020\/09\/Kit-secu.jpg 960w\" sizes=\"auto, (max-width: 300px) 100vw, 300px\" \/>los afiliados aportantes al d\u00eda.<\/li>\n<li>CELEBRACI\u00d3N Y PRESENTES EN FECHAS CELEBRES: D\u00eda del Padre, D\u00eda de la madre, D\u00eda de las infancias, D\u00eda del empleado estatal y dem\u00e1s.<\/li>\n<li>CAJAS NAVIDE\u00d1AS A FIN DE A\u00d1O.<\/li>\n<li>BARBIJOS para los compa\u00f1eros y compa\u00f1eras que est\u00e9n asistiendo de manera presencial en los sectores de trabajo.<\/li>\n<li>BENEFICIO POR MATRIMONIO: $5000 en efectivo y una semana en el HOTEL CINCUENTENARIO de Punta Mogotes, incluye hotel m\u00e1s desayuno. De Marzo a Noviembre. Carencia 180 d\u00edas.<\/li>\n<li>BENEFICIO POR NACIMIENTO: $3000 en efectivo y un ajuar que consiste en una mochila maternal m\u00e1s art\u00edculos para bebes. Carencia 180 d\u00edas.<\/li>\n<\/ul>\n<h2><strong>Convenios<\/strong><\/h2>\n<p><strong>CENTRO DE ESPECIALIDADES \u00d3PTICAS CRISTRALINO: <\/strong><\/p>\n<p>Lentes a\u00e9reos, <strong>100% de cobertura en:<\/strong><\/p>\n<ul>\n<li>Monofocales org\u00e1nicos y minerales blancos, de lejos y cerca.<\/li>\n<li>Bifocales org\u00e1nicos y minerales blancos.<\/li>\n<li>Lentes de sol: <strong>-25%\u00a0 <\/strong>y dem\u00e1s descuentos.<\/li>\n<\/ul>\n<p><img loading=\"lazy\" decoding=\"async\" class=\" wp-image-21781 aligncenter\" src=\"https:\/\/atecordoba.org\/wp-content\/uploads\/2020\/09\/optica-300x300.jpeg\" alt=\"\" width=\"502\" height=\"502\" srcset=\"https:\/\/atecordoba.org\/wp-content\/uploads\/2020\/09\/optica-300x300.jpeg 300w, https:\/\/atecordoba.org\/wp-content\/uploads\/2020\/09\/optica-150x150.jpeg 150w, https:\/\/atecordoba.org\/wp-content\/uploads\/2020\/09\/optica-768x768.jpeg 768w, https:\/\/atecordoba.org\/wp-content\/uploads\/2020\/09\/optica-560x560.jpeg 560w, https:\/\/atecordoba.org\/wp-content\/uploads\/2020\/09\/optica-75x75.jpeg 75w, https:\/\/atecordoba.org\/wp-content\/uploads\/2020\/09\/optica-750x750.jpeg 750w, https:\/\/atecordoba.org\/wp-content\/uploads\/2020\/09\/optica.jpeg 1000w\" sizes=\"auto, (max-width: 502px) 100vw, 502px\" \/><\/p>\n<p><strong>CENTRO ODONTOLOGICO \u201cDAJRUCH DENTAL\u201d<\/strong><\/p>\n<ul>\n<li><strong>\u00a0<\/strong>Primera consulta de manera gratuita, no deber\u00e1n abonar ning\u00fan arancel.<\/li>\n<li>Afiliados gozamos de un 20% de descuento, en relaci\u00f3n al arancel establecido por el Colegio de Odont\u00f3logos de la Provincia de C\u00f3rdoba, en las prestaciones particulares o no cubiertas por la obra social.<img loading=\"lazy\" decoding=\"async\" class=\" wp-image-21782 aligncenter\" src=\"https:\/\/atecordoba.org\/wp-content\/uploads\/2020\/09\/odontologia-300x300.jpeg\" alt=\"\" width=\"530\" height=\"530\" srcset=\"https:\/\/atecordoba.org\/wp-content\/uploads\/2020\/09\/odontologia-300x300.jpeg 300w, https:\/\/atecordoba.org\/wp-content\/uploads\/2020\/09\/odontologia-150x150.jpeg 150w, https:\/\/atecordoba.org\/wp-content\/uploads\/2020\/09\/odontologia-768x768.jpeg 768w, https:\/\/atecordoba.org\/wp-content\/uploads\/2020\/09\/odontologia-560x560.jpeg 560w, https:\/\/atecordoba.org\/wp-content\/uploads\/2020\/09\/odontologia-75x75.jpeg 75w, https:\/\/atecordoba.org\/wp-content\/uploads\/2020\/09\/odontologia-750x750.jpeg 750w, https:\/\/atecordoba.org\/wp-content\/uploads\/2020\/09\/odontologia.jpeg 1000w\" sizes=\"auto, (max-width: 530px) 100vw, 530px\" \/><\/li>\n<\/ul>\n<p><strong>HIPERMERCADO \u201cLIBERTAD\u201d.<\/strong><\/p>\n<ul>\n<li><strong>\u00a0<\/strong>Todos los lunes 15% de descuento en almac\u00e9n, bebidas, productos frescos, perfumer\u00eda y limpieza.<\/li>\n<li>Bater\u00eda de descuentos sujetos a modificaci\u00f3n todos los meses.<img loading=\"lazy\" decoding=\"async\" class=\" wp-image-21784 aligncenter\" src=\"https:\/\/atecordoba.org\/wp-content\/uploads\/2020\/09\/libertad-300x169.jpeg\" alt=\"\" width=\"596\" height=\"336\" srcset=\"https:\/\/atecordoba.org\/wp-content\/uploads\/2020\/09\/libertad-300x169.jpeg 300w, https:\/\/atecordoba.org\/wp-content\/uploads\/2020\/09\/libertad-1024x578.jpeg 1024w, https:\/\/atecordoba.org\/wp-content\/uploads\/2020\/09\/libertad-768x434.jpeg 768w, https:\/\/atecordoba.org\/wp-content\/uploads\/2020\/09\/libertad-750x424.jpeg 750w, https:\/\/atecordoba.org\/wp-content\/uploads\/2020\/09\/libertad.jpeg 1080w\" sizes=\"auto, (max-width: 596px) 100vw, 596px\" \/><\/li>\n<\/ul>\n<p><strong>LIBRER\u00cdA EL ESPEJO.<\/strong><\/p>\n<ul>\n<li>10% de descuento en la compra en efectivo.<\/li>\n<\/ul>\n<p><strong>YOGA PARA TODOS.<\/strong><\/p>\n<ul>\n<li>Mi\u00e9rcoles y Viernes Clases de Yoga con la Instructora Yamila Reviglio.<img loading=\"lazy\" decoding=\"async\" class=\" wp-image-21674 aligncenter\" src=\"https:\/\/atecordoba.org\/wp-content\/uploads\/2020\/09\/flyer-yoga-300x300.jpg\" alt=\"\" width=\"510\" height=\"510\" srcset=\"https:\/\/atecordoba.org\/wp-content\/uploads\/2020\/09\/flyer-yoga-300x300.jpg 300w, https:\/\/atecordoba.org\/wp-content\/uploads\/2020\/09\/flyer-yoga-1024x1024.jpg 1024w, https:\/\/atecordoba.org\/wp-content\/uploads\/2020\/09\/flyer-yoga-150x150.jpg 150w, https:\/\/atecordoba.org\/wp-content\/uploads\/2020\/09\/flyer-yoga-768x768.jpg 768w, https:\/\/atecordoba.org\/wp-content\/uploads\/2020\/09\/flyer-yoga-560x560.jpg 560w, https:\/\/atecordoba.org\/wp-content\/uploads\/2020\/09\/flyer-yoga-75x75.jpg 75w, https:\/\/atecordoba.org\/wp-content\/uploads\/2020\/09\/flyer-yoga-750x750.jpg 750w, https:\/\/atecordoba.org\/wp-content\/uploads\/2020\/09\/flyer-yoga.jpg 1098w\" sizes=\"auto, (max-width: 510px) 100vw, 510px\" \/><\/li>\n<\/ul>\n<p><strong>GABINETE PSICOL\u00d3GICO.<\/strong><\/p>\n<ul>\n<li>\n<div id=\"js_1h\" class=\"_5pbx userContent _3576\" data-testid=\"post_message\" data-ft=\"{&quot;tn&quot;:&quot;K&quot;}\">\n<div id=\"id_5f636da677f8c2421023007\" class=\"text_exposed_root text_exposed\">\n<p><span class=\"_5mfr\"><span class=\"_6qdm\">\ud83c\udf08<\/span><\/span> | ATE ESCUCHA |<\/p>\n<p>Psicolog\u00eda para trabajadorxs estatales abocados a la pandemia de COVID-19 <span class=\"_5mfr\"><span class=\"_6qdm\">\ud83e\udd7c<\/span><\/span><br \/>\n<span class=\"_5mfr\"><span class=\"_6qdm\">\ud83d\udd09<\/span><\/span>\u00a0Dos sesiones sin cargo.<br \/>\n<span class=\"_5mfr\"><span class=\"_6qdm\">\ud83d\udd09<\/span><\/span>40% descuento a familiares.<span class=\"text_exposed_show\"><br \/>\n_Espacio confidencial, por videollamada. Cupos limitados_<\/span><\/p>\n<div class=\"text_exposed_show\">\n<p>*Para afiliados al CDP DIRECTAMENTE*<br \/>\n<span class=\"_5mfr\"><span class=\"_6qdm\">\ud83d\udc49<\/span><\/span>\u00a0Llenar el formulario:\u00a0<a href=\"https:\/\/forms.gle\/oFYkXJkcrxZx3gHx8?fbclid=IwAR1pU9SAcg_NhCeQP5vwJIM0WZsSw4DYBfEv42qN_dzE2KzjBnVXdys6_fo\" target=\"_blank\" rel=\"noopener nofollow noreferrer\" data-ft=\"{&quot;tn&quot;:&quot;-U&quot;}\" data-lynx-mode=\"async\" data-lynx-uri=\"https:\/\/l.facebook.com\/l.php?u=https%3A%2F%2Fforms.gle%2FoFYkXJkcrxZx3gHx8%3Ffbclid%3DIwAR1pU9SAcg_NhCeQP5vwJIM0WZsSw4DYBfEv42qN_dzE2KzjBnVXdys6_fo&amp;h=AT0ApI0nXEVSIM1rMAEZSbsqRlcN7RbjMm9l3Y5ePOSr1kT0Qb8QRmTUIPPm0UjeUpXU_Pvif_IXwzy60h7bi5e2mtJKqjVKoB1CfU5Xn4DKS6UHq0hAUIUkYFbtkHOguW3bo3tFCQxiSwN7mEjSV_RKUMplVZmD-XQ_OF8ARkkiMPSVLKjZ13fobgH3cdoz0VJk3xkJzUyCiCJ9NKImxNGMwCRhuUZm08mc6jHrUFZdghq1yGCiaD3A31cLpbhK_3a4gVTGKXjYxhXhSAjj98mUOOkfhCd-F0pVxPCyzbDq5BaBUiUaGTOR08wQwPDuWo0Hefw8iNYk6CG3xL8vAPsLPJWcFX09lBcpZwmPYGWjrbNZxMgw1DLbxqIFo_AKJXf5Dldkhd-_1Okd3z9KESbiDKyS-K4ekmnoLU9_ScbK7UdKUGaJug5Gp9Jmb0_NzDfnAKawOl5dUoqZVtykdMdLuSF4PhoFBEHgRwzWnin0E287JiK5gJwwvtP4KFFQU6LnTQv44Tg_a-BJeB2NXU5Pw5rydCzDbq1AyjgixknMMijbIsxUUfmS2zZ2rm1VR_Myby5HSyZHU0J0eTW1q9nsbWtdz6QiHepHhizf\">https:\/\/forms.gle\/oFYkXJkcrxZx3gHx8<\/a><\/p>\n<\/div>\n<\/div>\n<\/div>\n<div class=\"_3x-2\" data-ft=\"{&quot;tn&quot;:&quot;H&quot;}\">\n<div data-ft=\"{&quot;tn&quot;:&quot;H&quot;}\">\n<div class=\"mtm\">\n<div>\n<div class=\"_1ktf\" data-ft=\"{&quot;tn&quot;:&quot;E&quot;}\"><img loading=\"lazy\" decoding=\"async\" class=\"alignnone size-thumbnail wp-image-21832\" src=\"https:\/\/atecordoba.org\/wp-content\/uploads\/2020\/09\/119645202_3701978883179558_3391969548658364558_o-150x150.jpg\" alt=\"\" width=\"150\" height=\"150\" srcset=\"https:\/\/atecordoba.org\/wp-content\/uploads\/2020\/09\/119645202_3701978883179558_3391969548658364558_o-150x150.jpg 150w, https:\/\/atecordoba.org\/wp-content\/uploads\/2020\/09\/119645202_3701978883179558_3391969548658364558_o-300x300.jpg 300w, https:\/\/atecordoba.org\/wp-content\/uploads\/2020\/09\/119645202_3701978883179558_3391969548658364558_o-1024x1024.jpg 1024w, https:\/\/atecordoba.org\/wp-content\/uploads\/2020\/09\/119645202_3701978883179558_3391969548658364558_o-768x768.jpg 768w, https:\/\/atecordoba.org\/wp-content\/uploads\/2020\/09\/119645202_3701978883179558_3391969548658364558_o-560x560.jpg 560w, https:\/\/atecordoba.org\/wp-content\/uploads\/2020\/09\/119645202_3701978883179558_3391969548658364558_o-75x75.jpg 75w, https:\/\/atecordoba.org\/wp-content\/uploads\/2020\/09\/119645202_3701978883179558_3391969548658364558_o-750x750.jpg 750w, https:\/\/atecordoba.org\/wp-content\/uploads\/2020\/09\/119645202_3701978883179558_3391969548658364558_o.jpg 1098w\" sizes=\"auto, (max-width: 150px) 100vw, 150px\" \/><\/div>\n<\/div>\n<\/div>\n<\/div>\n<\/div>\n<\/li>\n<\/ul>\n<p>&nbsp;<\/p>\n","protected":false},"excerpt":{"rendered":"<p>La Secretar\u00eda de Acci\u00f3n Social del Consejo Directivo Provincial informa sobre beneficios y ayudas que ATE brinda a sus afiliadas y afiliados, as\u00ed como convenios con comercios y servicios que facilitan el acceso para las familias de los estatales. Esto se realiza en el marco de las definiciones que la conducci\u00f3n de ATE elabor\u00f3 para [&hellip;]<\/p>\n","protected":false},"author":7,"featured_media":21784,"comment_status":"open","ping_status":"open","sticky":false,"template":"","format":"standard","meta":{"_exactmetrics_skip_tracking":false,"_exactmetrics_sitenote_active":false,"_exactmetrics_sitenote_note":"","_exactmetrics_sitenote_category":0,"jnews-multi-image_gallery":[],"jnews_single_post":{"source_name":"","source_url":"","via_name":"","via_url":"","override_template":"0","override":[{"template":"1","single_blog_custom":"","parallax":"1","fullscreen":"0","layout":"right-sidebar","sidebar":"default-sidebar","second_sidebar":"default-sidebar","sticky_sidebar":"1","share_position":"top","share_float_style":"share-monocrhome","show_share_counter":"1","show_view_counter":"1","show_featured":"1","show_post_meta":"1","show_post_author":"1","show_post_author_image":"1","show_post_date":"1","post_date_format":"default","post_date_format_custom":"Y\/m\/d","show_post_category":"1","show_post_reading_time":"0","post_reading_time_wpm":"300","show_zoom_button":"0","zoom_button_out_step":"2","zoom_button_in_step":"3","show_post_tag":"1","show_prev_next_post":"1","show_popup_post":"1","number_popup_post":"1","show_author_box":"0","show_post_related":"0","show_inline_post_related":"0"}],"override_image_size":"0","image_override":[{"single_post_thumbnail_size":"crop-500","single_post_gallery_size":"crop-500"}],"trending_post":"0","trending_post_position":"meta","trending_post_label":"Trending","sponsored_post":"0","sponsored_post_label":"Sponsored by","sponsored_post_name":"","sponsored_post_url":"","sponsored_post_logo_enable":"0","sponsored_post_logo":"","sponsored_post_desc":""},"jnews_primary_category":{"id":""},"jnews_social_meta":{"fb_title":"","fb_description":"","fb_image":"","twitter_title":"","twitter_description":"","twitter_image":""},"jnews_review":[],"enable_review":"0","type":"percentage","name":"","summary":"","brand":"","sku":"","good":[{"good_text":""}],"bad":[{"bad_text":""}],"score_override":"","override_value":"","rating":[{"rating_text":"","rating_number":"10"}],"price":[{"shop":"","price":"","link":"","icon":""}],"jnews_override_counter":{"override_view_counter":"0","view_counter_number":"0","override_share_counter":"0","share_counter_number":"0","override_like_counter":"0","like_counter_number":"0","override_dislike_counter":"0","dislike_counter_number":"0"},"jnews_post_split":{"enable_post_split":"0","post_split":[{"template":"1","tag":"h2","numbering":"asc","mode":"normal"}]},"footnotes":""},"categories":[75],"tags":[567,566],"class_list":["post-21766","post","type-post","status-publish","format-standard","has-post-thumbnail","hentry","category-accion-social","tag-ayudas-y-beneficios","tag-convenios-con-comercios-y-servicios"],"jetpack_featured_media_url":"https:\/\/atecordoba.org\/wp-content\/uploads\/2020\/09\/libertad.jpeg","_links":{"self":[{"href":"https:\/\/atecordoba.org\/index.php?rest_route=\/wp\/v2\/posts\/21766","targetHints":{"allow":["GET"]}}],"collection":[{"href":"https:\/\/atecordoba.org\/index.php?rest_route=\/wp\/v2\/posts"}],"about":[{"href":"https:\/\/atecordoba.org\/index.php?rest_route=\/wp\/v2\/types\/post"}],"author":[{"embeddable":true,"href":"https:\/\/atecordoba.org\/index.php?rest_route=\/wp\/v2\/users\/7"}],"replies":[{"embeddable":true,"href":"https:\/\/atecordoba.org\/index.php?rest_route=%2Fwp%2Fv2%2Fcomments&post=21766"}],"version-history":[{"count":4,"href":"https:\/\/atecordoba.org\/index.php?rest_route=\/wp\/v2\/posts\/21766\/revisions"}],"predecessor-version":[{"id":21833,"href":"https:\/\/atecordoba.org\/index.php?rest_route=\/wp\/v2\/posts\/21766\/revisions\/21833"}],"wp:featuredmedia":[{"embeddable":true,"href":"https:\/\/atecordoba.org\/index.php?rest_route=\/wp\/v2\/media\/21784"}],"wp:attachment":[{"href":"https:\/\/atecordoba.org\/index.php?rest_route=%2Fwp%2Fv2%2Fmedia&parent=21766"}],"wp:term":[{"taxonomy":"category","embeddable":true,"href":"https:\/\/atecordoba.org\/index.php?rest_route=%2Fwp%2Fv2%2Fcategories&post=21766"},{"taxonomy":"post_tag","embeddable":true,"href":"https:\/\/atecordoba.org\/index.php?rest_route=%2Fwp%2Fv2%2Ftags&post=21766"}],"curies":[{"name":"wp","href":"https:\/\/api.w.org\/{rel}","templated":true}]}}