{"id":21765,"date":"2020-09-16T12:53:30","date_gmt":"2020-09-16T15:53:30","guid":{"rendered":"https:\/\/atecordoba.org\/?p=21765"},"modified":"2020-09-16T13:17:35","modified_gmt":"2020-09-16T16:17:35","slug":"fuerte-presencia-policial-en-reclamo-de-senaf","status":"publish","type":"post","link":"https:\/\/atecordoba.org\/?p=21765","title":{"rendered":"Fuerte presencia policial en reclamo de SENAF"},"content":{"rendered":"<div style='display:none' class=\"jeg_preview_slider gallery_1\" data-selector='gallery_1'>\n                        <div class=\"jeg_preview_holder\">\n                            <div class=\"jeg_preview_media\">\n                        <div class=\"jeg_preview_media_holder\">\n                            <h3>&nbsp;<\/h3>\n                            <div class=\"fullscreen-switch\">\n                                <i class=\"fa\"><\/i>\n                            <\/div>\n                            <div class=\"jeg_preview_media_content\">\n                                <div class=\"jeg_preview_media_content_holder_padding\">\n                                    <div class=\"jeg_preview_media_content_holder\"><\/div>\n                                <\/div>\n                                <div class=\"jeg_preview_media_content_navigation\">\n                                    <div class=\"prev\">\n\t\t\t\t\t\t\t\t\t\t<i class=\"fa\"><\/i>\n\t\t\t\t\t\t\t\t\t<\/div>\n                                    <div class=\"next\">\n\t\t\t\t\t\t\t\t\t\t<i class=\"fa\"><\/i>\n\t\t\t\t\t\t\t\t\t<\/div>\n                                <\/div>\n                                <div class='preview-slider-overlay'>\n                                    <div class='preloader_type preloader_dot'>\n                                        <div class=\"module-preloader jeg_preloader dot\">\n                                            <span><\/span><span><\/span><span><\/span>\n                                        <\/div>\n                                        <div class=\"module-preloader jeg_preloader circle\">\n                                            <div class=\"jnews_preloader_circle_outer\">\n                                                <div class=\"jnews_preloader_circle_inner\"><\/div>\n                                            <\/div>\n                                        <\/div>\n                                        <div class=\"module-preloader jeg_preloader square\">\n                                            <div class=\"jeg_square\">\n                                                <div class=\"jeg_square_inner\"><\/div>\n                                            <\/div>\n                                        <\/div>\n                                    <\/div>\n                                <\/div>\n                            <\/div>\n                            <div class=\"jeg_preview_control\">\n                                <div class=\"left_control\">\n                                    <div class=\"counter\"><span class=\"current\">1<\/span> de  9<\/div>\n                                    <div class=\"subtitle\"><\/div>\n                                <\/div>\n                                <div class=\"zoom\">\n                                    <span class=\"reduce\">-<\/span>\n                                    <span class=\"increase\">+<\/span>\n                                <\/div>\n                            <\/div>\n                        <\/div>\n                    <\/div>\n\n                    <div class=\"jeg_preview_bottom_slider\">\n                        <a data-id=\"0\" data-title=\"\" data-image=\"https:\/\/atecordoba.org\/wp-content\/uploads\/2020\/09\/119702843_3698679106842869_4971609219172041412_o.jpg\" href=\"https:\/\/atecordoba.org\/wp-content\/uploads\/2020\/09\/119702843_3698679106842869_4971609219172041412_o.jpg\" class=\"jeg_preview_item active\">\n                            <div class=\"jeg_preview_item_thumbnail\">\n                                <img loading=\"lazy\" decoding=\"async\" width=\"120\" height=\"86\" src=\"https:\/\/atecordoba.org\/wp-content\/uploads\/2020\/09\/119702843_3698679106842869_4971609219172041412_o-120x86.jpg\" class=\"attachment-jnews-120x86 size-jnews-120x86\" alt=\"\" srcset=\"https:\/\/atecordoba.org\/wp-content\/uploads\/2020\/09\/119702843_3698679106842869_4971609219172041412_o-120x86.jpg 120w, https:\/\/atecordoba.org\/wp-content\/uploads\/2020\/09\/119702843_3698679106842869_4971609219172041412_o-350x250.jpg 350w, https:\/\/atecordoba.org\/wp-content\/uploads\/2020\/09\/119702843_3698679106842869_4971609219172041412_o-750x536.jpg 750w\" sizes=\"auto, (max-width: 120px) 100vw, 120px\" \/>\n                            <\/div>\n                        <\/a><a data-id=\"1\" data-title=\"\" data-image=\"https:\/\/atecordoba.org\/wp-content\/uploads\/2020\/09\/119702547_3698624030181710_4112945246195360282_o.jpg\" href=\"https:\/\/atecordoba.org\/wp-content\/uploads\/2020\/09\/119702547_3698624030181710_4112945246195360282_o.jpg\" class=\"jeg_preview_item \">\n                            <div class=\"jeg_preview_item_thumbnail\">\n                                <img loading=\"lazy\" decoding=\"async\" width=\"120\" height=\"86\" src=\"https:\/\/atecordoba.org\/wp-content\/uploads\/2020\/09\/119702547_3698624030181710_4112945246195360282_o-120x86.jpg\" class=\"attachment-jnews-120x86 size-jnews-120x86\" alt=\"\" srcset=\"https:\/\/atecordoba.org\/wp-content\/uploads\/2020\/09\/119702547_3698624030181710_4112945246195360282_o-120x86.jpg 120w, https:\/\/atecordoba.org\/wp-content\/uploads\/2020\/09\/119702547_3698624030181710_4112945246195360282_o-350x250.jpg 350w\" sizes=\"auto, (max-width: 120px) 100vw, 120px\" \/>\n                            <\/div>\n                        <\/a><a data-id=\"2\" data-title=\"\" data-image=\"https:\/\/atecordoba.org\/wp-content\/uploads\/2020\/09\/119662955_3698623943515052_6711203504191236936_o.jpg\" href=\"https:\/\/atecordoba.org\/wp-content\/uploads\/2020\/09\/119662955_3698623943515052_6711203504191236936_o.jpg\" class=\"jeg_preview_item \">\n                            <div class=\"jeg_preview_item_thumbnail\">\n                                <img loading=\"lazy\" decoding=\"async\" width=\"120\" height=\"86\" src=\"https:\/\/atecordoba.org\/wp-content\/uploads\/2020\/09\/119662955_3698623943515052_6711203504191236936_o-120x86.jpg\" class=\"attachment-jnews-120x86 size-jnews-120x86\" alt=\"\" srcset=\"https:\/\/atecordoba.org\/wp-content\/uploads\/2020\/09\/119662955_3698623943515052_6711203504191236936_o-120x86.jpg 120w, https:\/\/atecordoba.org\/wp-content\/uploads\/2020\/09\/119662955_3698623943515052_6711203504191236936_o-350x250.jpg 350w\" sizes=\"auto, (max-width: 120px) 100vw, 120px\" \/>\n                            <\/div>\n                        <\/a><a data-id=\"3\" data-title=\"\" data-image=\"https:\/\/atecordoba.org\/wp-content\/uploads\/2020\/09\/119644915_3698679483509498_3379039227789532796_o-1.jpg\" href=\"https:\/\/atecordoba.org\/wp-content\/uploads\/2020\/09\/119644915_3698679483509498_3379039227789532796_o-1.jpg\" class=\"jeg_preview_item \">\n                            <div class=\"jeg_preview_item_thumbnail\">\n                                <img loading=\"lazy\" decoding=\"async\" width=\"120\" height=\"86\" src=\"https:\/\/atecordoba.org\/wp-content\/uploads\/2020\/09\/119644915_3698679483509498_3379039227789532796_o-1-120x86.jpg\" class=\"attachment-jnews-120x86 size-jnews-120x86\" alt=\"\" srcset=\"https:\/\/atecordoba.org\/wp-content\/uploads\/2020\/09\/119644915_3698679483509498_3379039227789532796_o-1-120x86.jpg 120w, https:\/\/atecordoba.org\/wp-content\/uploads\/2020\/09\/119644915_3698679483509498_3379039227789532796_o-1-350x250.jpg 350w, https:\/\/atecordoba.org\/wp-content\/uploads\/2020\/09\/119644915_3698679483509498_3379039227789532796_o-1-750x536.jpg 750w\" sizes=\"auto, (max-width: 120px) 100vw, 120px\" \/>\n                            <\/div>\n                        <\/a><a data-id=\"4\" data-title=\"\" data-image=\"https:\/\/atecordoba.org\/wp-content\/uploads\/2020\/09\/119701514_3698678880176225_3313876703486164768_o.jpg\" href=\"https:\/\/atecordoba.org\/wp-content\/uploads\/2020\/09\/119701514_3698678880176225_3313876703486164768_o.jpg\" class=\"jeg_preview_item \">\n                            <div class=\"jeg_preview_item_thumbnail\">\n                                <img loading=\"lazy\" decoding=\"async\" width=\"120\" height=\"86\" src=\"https:\/\/atecordoba.org\/wp-content\/uploads\/2020\/09\/119701514_3698678880176225_3313876703486164768_o-120x86.jpg\" class=\"attachment-jnews-120x86 size-jnews-120x86\" alt=\"\" srcset=\"https:\/\/atecordoba.org\/wp-content\/uploads\/2020\/09\/119701514_3698678880176225_3313876703486164768_o-120x86.jpg 120w, https:\/\/atecordoba.org\/wp-content\/uploads\/2020\/09\/119701514_3698678880176225_3313876703486164768_o-350x250.jpg 350w, https:\/\/atecordoba.org\/wp-content\/uploads\/2020\/09\/119701514_3698678880176225_3313876703486164768_o-750x536.jpg 750w\" sizes=\"auto, (max-width: 120px) 100vw, 120px\" \/>\n                            <\/div>\n                        <\/a><a data-id=\"5\" data-title=\"\" data-image=\"https:\/\/atecordoba.org\/wp-content\/uploads\/2020\/09\/119588099_3698624356848344_3911754591492642444_o-1.jpg\" href=\"https:\/\/atecordoba.org\/wp-content\/uploads\/2020\/09\/119588099_3698624356848344_3911754591492642444_o-1.jpg\" class=\"jeg_preview_item \">\n                            <div class=\"jeg_preview_item_thumbnail\">\n                                <img loading=\"lazy\" decoding=\"async\" width=\"120\" height=\"86\" src=\"https:\/\/atecordoba.org\/wp-content\/uploads\/2020\/09\/119588099_3698624356848344_3911754591492642444_o-1-120x86.jpg\" class=\"attachment-jnews-120x86 size-jnews-120x86\" alt=\"\" srcset=\"https:\/\/atecordoba.org\/wp-content\/uploads\/2020\/09\/119588099_3698624356848344_3911754591492642444_o-1-120x86.jpg 120w, https:\/\/atecordoba.org\/wp-content\/uploads\/2020\/09\/119588099_3698624356848344_3911754591492642444_o-1-350x250.jpg 350w, https:\/\/atecordoba.org\/wp-content\/uploads\/2020\/09\/119588099_3698624356848344_3911754591492642444_o-1-750x536.jpg 750w\" sizes=\"auto, (max-width: 120px) 100vw, 120px\" \/>\n                            <\/div>\n                        <\/a><a data-id=\"6\" data-title=\"\" data-image=\"https:\/\/atecordoba.org\/wp-content\/uploads\/2020\/09\/119577555_3698624230181690_5582849524730505477_o.jpg\" href=\"https:\/\/atecordoba.org\/wp-content\/uploads\/2020\/09\/119577555_3698624230181690_5582849524730505477_o.jpg\" class=\"jeg_preview_item \">\n                            <div class=\"jeg_preview_item_thumbnail\">\n                                <img loading=\"lazy\" decoding=\"async\" width=\"120\" height=\"86\" src=\"https:\/\/atecordoba.org\/wp-content\/uploads\/2020\/09\/119577555_3698624230181690_5582849524730505477_o-120x86.jpg\" class=\"attachment-jnews-120x86 size-jnews-120x86\" alt=\"\" srcset=\"https:\/\/atecordoba.org\/wp-content\/uploads\/2020\/09\/119577555_3698624230181690_5582849524730505477_o-120x86.jpg 120w, https:\/\/atecordoba.org\/wp-content\/uploads\/2020\/09\/119577555_3698624230181690_5582849524730505477_o-350x250.jpg 350w, https:\/\/atecordoba.org\/wp-content\/uploads\/2020\/09\/119577555_3698624230181690_5582849524730505477_o-750x536.jpg 750w\" sizes=\"auto, (max-width: 120px) 100vw, 120px\" \/>\n                            <\/div>\n                        <\/a><a data-id=\"7\" data-title=\"\" data-image=\"https:\/\/atecordoba.org\/wp-content\/uploads\/2020\/09\/119363113_3387784824613231_7558409766770386138_o-1.jpg\" href=\"https:\/\/atecordoba.org\/wp-content\/uploads\/2020\/09\/119363113_3387784824613231_7558409766770386138_o-1.jpg\" class=\"jeg_preview_item \">\n                            <div class=\"jeg_preview_item_thumbnail\">\n                                <img loading=\"lazy\" decoding=\"async\" width=\"120\" height=\"86\" src=\"https:\/\/atecordoba.org\/wp-content\/uploads\/2020\/09\/119363113_3387784824613231_7558409766770386138_o-1-120x86.jpg\" class=\"attachment-jnews-120x86 size-jnews-120x86\" alt=\"\" srcset=\"https:\/\/atecordoba.org\/wp-content\/uploads\/2020\/09\/119363113_3387784824613231_7558409766770386138_o-1-120x86.jpg 120w, https:\/\/atecordoba.org\/wp-content\/uploads\/2020\/09\/119363113_3387784824613231_7558409766770386138_o-1-350x250.jpg 350w, https:\/\/atecordoba.org\/wp-content\/uploads\/2020\/09\/119363113_3387784824613231_7558409766770386138_o-1-750x536.jpg 750w\" sizes=\"auto, (max-width: 120px) 100vw, 120px\" \/>\n                            <\/div>\n                        <\/a><a data-id=\"8\" data-title=\"\" data-image=\"https:\/\/atecordoba.org\/wp-content\/uploads\/2020\/09\/119083521_3314047888641292_6271931014676295274_n-2.jpg\" href=\"https:\/\/atecordoba.org\/wp-content\/uploads\/2020\/09\/119083521_3314047888641292_6271931014676295274_n-2.jpg\" class=\"jeg_preview_item \">\n                            <div class=\"jeg_preview_item_thumbnail\">\n                                <img loading=\"lazy\" decoding=\"async\" width=\"120\" height=\"86\" src=\"https:\/\/atecordoba.org\/wp-content\/uploads\/2020\/09\/119083521_3314047888641292_6271931014676295274_n-2-120x86.jpg\" class=\"attachment-jnews-120x86 size-jnews-120x86\" alt=\"\" srcset=\"https:\/\/atecordoba.org\/wp-content\/uploads\/2020\/09\/119083521_3314047888641292_6271931014676295274_n-2-120x86.jpg 120w, https:\/\/atecordoba.org\/wp-content\/uploads\/2020\/09\/119083521_3314047888641292_6271931014676295274_n-2-350x250.jpg 350w, https:\/\/atecordoba.org\/wp-content\/uploads\/2020\/09\/119083521_3314047888641292_6271931014676295274_n-2-750x536.jpg 750w\" sizes=\"auto, (max-width: 120px) 100vw, 120px\" \/>\n                            <\/div>\n                        <\/a>\n                    <\/div>\n                        <\/div>\n                        <div class=\"jeg_preview_description\">\n                            \n                            <div class=\"jeg_preview_description_wrapper\">\n                            \n                            <\/div>\n                        <\/div>\n                        <script>\n                            var gallery_1 = {\n                                rtl: false,\n                                native_zoom: false,\n                                zoom_max: 5,\n                                zoom_step: 40,\n                                image_sequence: [{\"src\":\"https:\\\/\\\/atecordoba.org\\\/wp-content\\\/uploads\\\/2020\\\/09\\\/119702843_3698679106842869_4971609219172041412_o.jpg\",\"w\":1032,\"h\":581,\"title\":\"\"},{\"src\":\"https:\\\/\\\/atecordoba.org\\\/wp-content\\\/uploads\\\/2020\\\/09\\\/119702547_3698624030181710_4112945246195360282_o.jpg\",\"w\":581,\"h\":1032,\"title\":\"\"},{\"src\":\"https:\\\/\\\/atecordoba.org\\\/wp-content\\\/uploads\\\/2020\\\/09\\\/119662955_3698623943515052_6711203504191236936_o.jpg\",\"w\":581,\"h\":1032,\"title\":\"\"},{\"src\":\"https:\\\/\\\/atecordoba.org\\\/wp-content\\\/uploads\\\/2020\\\/09\\\/119644915_3698679483509498_3379039227789532796_o-1.jpg\",\"w\":1280,\"h\":720,\"title\":\"\"},{\"src\":\"https:\\\/\\\/atecordoba.org\\\/wp-content\\\/uploads\\\/2020\\\/09\\\/119701514_3698678880176225_3313876703486164768_o.jpg\",\"w\":1032,\"h\":581,\"title\":\"\"},{\"src\":\"https:\\\/\\\/atecordoba.org\\\/wp-content\\\/uploads\\\/2020\\\/09\\\/119588099_3698624356848344_3911754591492642444_o-1.jpg\",\"w\":1000,\"h\":750,\"title\":\"\"},{\"src\":\"https:\\\/\\\/atecordoba.org\\\/wp-content\\\/uploads\\\/2020\\\/09\\\/119577555_3698624230181690_5582849524730505477_o.jpg\",\"w\":1280,\"h\":720,\"title\":\"\"},{\"src\":\"https:\\\/\\\/atecordoba.org\\\/wp-content\\\/uploads\\\/2020\\\/09\\\/119363113_3387784824613231_7558409766770386138_o-1.jpg\",\"w\":1032,\"h\":581,\"title\":\"\"},{\"src\":\"https:\\\/\\\/atecordoba.org\\\/wp-content\\\/uploads\\\/2020\\\/09\\\/119083521_3314047888641292_6271931014676295274_n-2.jpg\",\"w\":1280,\"h\":720,\"title\":\"\"}]\n                            };\n                        <\/script>\n                    <\/div>\n<p>ATE viene de semanas intensas de acciones de protesta en la Capital cordobesa: Este mi\u00e9rcoles, volvi\u00f3 a movilizarse con intenciones de llegar a las puertas del Ministerio de Justicia, pero la fuerte presencia policial impidi\u00f3 que un reclamo pac\u00edfico llegue a las puertas del Ministro Juli\u00e1n L\u00f3pez.<\/p>\n<p>Federico Giuliani, Secretario General del Consejo Directivo Provincial de ATE C\u00f3rdoba fue quien encabez\u00f3 la jornada: \u201cQueremos llegar a las puertas del Ministerio de Justicia en Alvear al 150, pero vamos a cortar en Avenida Olmos para exigirle al Ministro la reincorporaci\u00f3n de la trabajadora despedida y de la delegada trasladada. Adem\u00e1s queremos que reciba a ATE. Exigimos ser recibidos por Juli\u00e1n L\u00f3pez y que d\u00e9 respuesta a todos los pedidos de audiencia que hemos presentado en reiteradas oportunidades\u201d, expres\u00f3 el tambi\u00e9n Secretario General de la CTA Aut\u00f3noma C\u00f3rdoba.<\/p>\n<p>En cuanto a la delegada que fue trasladada de SENAF, ATE denuncia que fue v\u00edctima de persecuci\u00f3n pol\u00edtica, ideol\u00f3gica y sindical por parte del secretario de la SENAF Jos\u00e9 Pi\u00f1ero.<\/p>\n<p>Cabe destacar el acompa\u00f1amiento del Colegio de Trabajadores Sociales de la Provincia de C\u00f3rdoba. Carolina Allende, representante de esa entidad, remarc\u00f3: \u201cEstamos ac\u00e1 para respaldar a nuestras colegas, una de ellas trasladada de manera compulsiva. Muchas colegas est\u00e1n siendo maltratadas y no se respetan sus funciones profesionales en SENAF\u201d.<\/p>\n<p>La alt\u00edsima precarizaci\u00f3n laboral en el sector, los bajos salarios, la falta de elementos de bioseguridad e insumos de prevenci\u00f3n contra el COVID-19, son algunos de los reclamos que las y los trabajadores de la cartera exigen sean atendidos con suma urgencia. Es necesario destacar que se trata de un sector profesional, calificado, formado por psic\u00f3logos\/as, trabajadoras sociales, psicopedagogas, soci\u00f3logas, que cobran salarios de miseria y atienden la demanda que tienen los ni\u00f1os y j\u00f3venes de los sectores populares.<\/p>\n<p>Virginia, la delegada de ATE en SENAF fue contundente: \u201cQueremos que el Ministro Juli\u00e1n L\u00f3pez abra el canal de di\u00e1logo, queremos mejoras laborales, basta de despidos y traslados arbitrarios\u201d.<\/p>\n<p>Finalmente Giuliani remat\u00f3: \u201cEstamos en la calle reclamando la inmediata reincorporaci\u00f3n y reinstalaci\u00f3n de la delegada de ATE que es perseguida pol\u00edtica e ideol\u00f3gicamente. La respuesta a este reclamo es la polic\u00eda, lista y preparada para reprimir una marcha pac\u00edfica compuesta por mujeres trabajadoras de la SENAF, profesionales precarizadas que cobran $8000. \u00bfAs\u00ed este Gobierno Provincial quiere cuidar a nuestros pibes y pibas de las barriadas?, es imposible una SENAF y un Estado presente con trabajadoras despedidas y precarizadas. Qu\u00e9 L\u00f3pez se digne y abra el di\u00e1logo, estamos en democracia Ministro, queremos que nos reciba, nos escuche y atienda nuestros reclamos\u201d.<\/p>\n<div class=\"epyt-video-wrapper\"><iframe loading=\"lazy\"  style=\"display: block; margin: 0px auto;\"  id=\"_ytid_16860\"  width=\"480\" height=\"270\"  data-origwidth=\"480\" data-origheight=\"270\" src=\"https:\/\/www.youtube.com\/embed\/RqOUhe2FS_8?enablejsapi=1&#038;autoplay=0&#038;cc_load_policy=0&#038;cc_lang_pref=&#038;iv_load_policy=3&#038;loop=0&#038;rel=0&#038;fs=1&#038;playsinline=0&#038;autohide=2&#038;theme=dark&#038;color=red&#038;controls=1&#038;disablekb=0&#038;\" class=\"__youtube_prefs__  epyt-is-override  no-lazyload\" title=\"YouTube player\"  allow=\"fullscreen; accelerometer; autoplay; clipboard-write; encrypted-media; gyroscope; picture-in-picture; web-share\" referrerpolicy=\"strict-origin-when-cross-origin\" allowfullscreen data-no-lazy=\"1\" data-skipgform_ajax_framebjll=\"\"><\/iframe><\/div>\n","protected":false},"excerpt":{"rendered":"<p>ATE viene de semanas intensas de acciones de protesta en la Capital cordobesa: Este mi\u00e9rcoles, volvi\u00f3 a movilizarse con intenciones de llegar a las puertas del Ministerio de Justicia, pero la fuerte presencia policial impidi\u00f3 que un reclamo pac\u00edfico llegue a las puertas del Ministro Juli\u00e1n L\u00f3pez. Federico Giuliani, Secretario General del Consejo Directivo Provincial [&hellip;]<\/p>\n","protected":false},"author":3,"featured_media":21769,"comment_status":"open","ping_status":"open","sticky":false,"template":"","format":"standard","meta":{"_exactmetrics_skip_tracking":false,"_exactmetrics_sitenote_active":false,"_exactmetrics_sitenote_note":"","_exactmetrics_sitenote_category":0,"jnews-multi-image_gallery":[],"jnews_single_post":{"source_name":"","source_url":"","via_name":"","via_url":"","override_template":"0","override":[{"template":"1","single_blog_custom":"","parallax":"1","fullscreen":"0","layout":"right-sidebar","sidebar":"default-sidebar","second_sidebar":"default-sidebar","sticky_sidebar":"1","share_position":"top","share_float_style":"share-monocrhome","show_share_counter":"1","show_view_counter":"1","show_featured":"1","show_post_meta":"1","show_post_author":"1","show_post_author_image":"1","show_post_date":"1","post_date_format":"default","post_date_format_custom":"Y\/m\/d","show_post_category":"1","show_post_reading_time":"0","post_reading_time_wpm":"300","show_zoom_button":"0","zoom_button_out_step":"2","zoom_button_in_step":"3","show_post_tag":"1","show_prev_next_post":"1","show_popup_post":"1","number_popup_post":"1","show_author_box":"0","show_post_related":"0","show_inline_post_related":"0"}],"override_image_size":"0","image_override":[{"single_post_thumbnail_size":"crop-500","single_post_gallery_size":"crop-500"}],"trending_post":"0","trending_post_position":"meta","trending_post_label":"Trending","sponsored_post":"0","sponsored_post_label":"Sponsored by","sponsored_post_name":"","sponsored_post_url":"","sponsored_post_logo_enable":"0","sponsored_post_logo":"","sponsored_post_desc":""},"jnews_primary_category":{"id":""},"jnews_social_meta":{"fb_title":"","fb_description":"","fb_image":"","twitter_title":"","twitter_description":"","twitter_image":""},"jnews_review":[],"enable_review":"0","type":"percentage","name":"","summary":"","brand":"","sku":"","good":[{"good_text":""}],"bad":[{"bad_text":""}],"score_override":"","override_value":"","rating":[{"rating_text":"","rating_number":"10"}],"price":[{"shop":"","price":"","link":"","icon":""}],"jnews_override_counter":{"override_view_counter":"0","view_counter_number":"0","override_share_counter":"0","share_counter_number":"0","override_like_counter":"0","like_counter_number":"0","override_dislike_counter":"0","dislike_counter_number":"0"},"jnews_post_split":{"enable_post_split":"0","post_split":[{"template":"1","tag":"h2","numbering":"asc","mode":"normal"}]},"footnotes":""},"categories":[10,341,122,8],"tags":[],"class_list":["post-21765","post","type-post","status-publish","format-standard","has-post-thumbnail","hentry","category-accion-politica","category-cdp","category-ddhh","category-provinciales"],"jetpack_featured_media_url":"https:\/\/atecordoba.org\/wp-content\/uploads\/2020\/09\/119588099_3698624356848344_3911754591492642444_o.jpg","_links":{"self":[{"href":"https:\/\/atecordoba.org\/index.php?rest_route=\/wp\/v2\/posts\/21765","targetHints":{"allow":["GET"]}}],"collection":[{"href":"https:\/\/atecordoba.org\/index.php?rest_route=\/wp\/v2\/posts"}],"about":[{"href":"https:\/\/atecordoba.org\/index.php?rest_route=\/wp\/v2\/types\/post"}],"author":[{"embeddable":true,"href":"https:\/\/atecordoba.org\/index.php?rest_route=\/wp\/v2\/users\/3"}],"replies":[{"embeddable":true,"href":"https:\/\/atecordoba.org\/index.php?rest_route=%2Fwp%2Fv2%2Fcomments&post=21765"}],"version-history":[{"count":6,"href":"https:\/\/atecordoba.org\/index.php?rest_route=\/wp\/v2\/posts\/21765\/revisions"}],"predecessor-version":[{"id":21793,"href":"https:\/\/atecordoba.org\/index.php?rest_route=\/wp\/v2\/posts\/21765\/revisions\/21793"}],"wp:featuredmedia":[{"embeddable":true,"href":"https:\/\/atecordoba.org\/index.php?rest_route=\/wp\/v2\/media\/21769"}],"wp:attachment":[{"href":"https:\/\/atecordoba.org\/index.php?rest_route=%2Fwp%2Fv2%2Fmedia&parent=21765"}],"wp:term":[{"taxonomy":"category","embeddable":true,"href":"https:\/\/atecordoba.org\/index.php?rest_route=%2Fwp%2Fv2%2Fcategories&post=21765"},{"taxonomy":"post_tag","embeddable":true,"href":"https:\/\/atecordoba.org\/index.php?rest_route=%2Fwp%2Fv2%2Ftags&post=21765"}],"curies":[{"name":"wp","href":"https:\/\/api.w.org\/{rel}","templated":true}]}}