{"id":21762,"date":"2020-09-16T11:24:19","date_gmt":"2020-09-16T14:24:19","guid":{"rendered":"https:\/\/atecordoba.org\/?p=21762"},"modified":"2020-09-16T11:24:19","modified_gmt":"2020-09-16T14:24:19","slug":"conversatorio-con-marta-maffei","status":"publish","type":"post","link":"https:\/\/atecordoba.org\/?p=21762","title":{"rendered":"Conversatorio con Marta Maffei"},"content":{"rendered":"<div class=\"kvgmc6g5 cxmmr5t8 oygrvhab hcukyx3x c1et5uql ii04i59q\">\n<div dir=\"auto\">Organizado por el recientemente conformado Espacio de ATE-Educaci\u00f3n de la Seccional R\u00edo Cuarto, este martes dio inicio el Ciclo de Charlas en el marco de la Semana de la Educaci\u00f3n con esta instancia de reflexi\u00f3n y debate con la presencia de la militante y referente hist\u00f3rica de la lucha docente, Marta Maffei.<\/div>\n<\/div>\n<div dir=\"auto\"><\/div>\n<div dir=\"auto\">Luego de la presentaci\u00f3n a cargo de Rafaela Alcoba y Federico Giuliani, Secretaria General de ATE R\u00edo Cuarto y Secretario General de ATE y la CTA Aut\u00f3noma C\u00f3rdoba respectivamente, Maffei inici\u00f3 su exposici\u00f3n poniendo en discusi\u00f3n la necesidad de ser creativos para llegar a interpretar y ejecutar las pol\u00edticas que mejor representen al sujeto de la actividad a esta altura del Siglo XXI.<\/div>\n<div class=\"o9v6fnle cxmmr5t8 oygrvhab hcukyx3x c1et5uql ii04i59q\">\n<div dir=\"auto\"><\/div>\n<div dir=\"auto\">En la charla, la l\u00edder de la Carpa Blanca, ex Secretaria General de CTERA, ex Diputada Nacional (Mandato Cumplido), ex Secretaria Adjunta de la CTA y dirigente de Unidad Popular (UP), abord\u00f3 la historia de la organizaci\u00f3n en la lucha docente; la situaci\u00f3n actual de la Educaci\u00f3n en tiempos de pandemia y sus futuros desaf\u00edos.<\/div>\n<div dir=\"auto\"><\/div>\n<div dir=\"auto\">Tras un repaso hist\u00f3rico y pol\u00edtico de la pelea de las y los trabajadores de la educaci\u00f3n, la dirigente dio cuenta de la realidad por la que atraviesan hoy desde el sector y que la pandemia recrudeci\u00f3 m\u00e1s a\u00fan.<\/div>\n<div dir=\"auto\"><\/div>\n<div dir=\"auto\">Para finalizar, aport\u00f3 disparadores para la discusi\u00f3n en busca de nuevos desaf\u00edos que deber\u00e1n afrontar las y los trabajadores en la organizaci\u00f3n sindical para sostener el sector.<\/div>\n<div dir=\"auto\"><\/div>\n<div dir=\"auto\"><img loading=\"lazy\" decoding=\"async\" class=\"alignnone size-medium wp-image-26516\" src=\"http:\/\/ctaacordoba.org\/wp-content\/uploads\/2020\/09\/119633485_3400810406644006_7937171879701569164_o-300x169.jpg\" sizes=\"auto, (max-width: 300px) 100vw, 300px\" srcset=\"http:\/\/ctaacordoba.org\/wp-content\/uploads\/2020\/09\/119633485_3400810406644006_7937171879701569164_o-300x169.jpg 300w, http:\/\/ctaacordoba.org\/wp-content\/uploads\/2020\/09\/119633485_3400810406644006_7937171879701569164_o-768x432.jpg 768w, http:\/\/ctaacordoba.org\/wp-content\/uploads\/2020\/09\/119633485_3400810406644006_7937171879701569164_o-1024x576.jpg 1024w\" alt=\"\" width=\"300\" height=\"169\" \/><\/div>\n<\/div>\n<div dir=\"auto\"><\/div>\n<div dir=\"auto\">Durante una exposici\u00f3n clara, en la que no falt\u00f3 la autocr\u00edtica y la necesidad de estar a la altura de los nuevos tiempos superando viejos esquemas, innovando estrategias participativas e interpelando al aparato sindical, Maffei expuso durante unas dos horas poniendo en el centro de la escena los principios de la Autonom\u00eda, la Libertad y Democracia Sindical.<\/div>\n<div dir=\"auto\"><\/div>\n<div dir=\"auto\">Desde la primera huelga docente de las maestras de la Escuela Graduada y Superior de\u00a0 San Luis en 1881, pasando por los esfuerzos de organizaci\u00f3n gremial a la largo del tiempo hasta desembocar en la constituci\u00f3n de la Confederaci\u00f3n de Trabajadores de la Educaci\u00f3n de la Rep\u00fablica Argentina (CTERA) en 1973, los nombres de compa\u00f1eros inolvidables v\u00edctimas del Terrorismo de Estado como Isauro Arancibia, Marina Vilte, Eduardo Requena y tanto otros que fueron asesinados, sufrieron c\u00e1rcel -como Alfredo Bravo- o tuvieron que marchar al exilio interior o fuera del pa\u00eds, la reconquista de la herramienta sindical en 1983, la fundaci\u00f3n de la CTA, la epopeya de la Carpa Blanca y otros episodios de igual relevancia desfilaron como en una pel\u00edcula a trav\u00e9s del relato sin fisuras de una luchadora ejemplar como Marta Maffei.<\/div>\n<div dir=\"auto\"><\/div>\n<div class=\"o9v6fnle cxmmr5t8 oygrvhab hcukyx3x c1et5uql ii04i59q\">\n<div dir=\"auto\">De este modo, ATE promueve que las y los Trabajadores de la Educaci\u00f3n desarrollen esta alternativa gremial, que sirva adem\u00e1s como un espacio de debate y organizaci\u00f3n \u201cpara reconocernos como trabajadores y defender nuestros derechos\u201d, seg\u00fan dijeron los organizadores al finalizar la jornada.<\/div>\n<\/div>\n","protected":false},"excerpt":{"rendered":"<p>Organizado por el recientemente conformado Espacio de ATE-Educaci\u00f3n de la Seccional R\u00edo Cuarto, este martes dio inicio el Ciclo de Charlas en el marco de la Semana de la Educaci\u00f3n con esta instancia de reflexi\u00f3n y debate con la presencia de la militante y referente hist\u00f3rica de la lucha docente, Marta Maffei. Luego de la [&hellip;]<\/p>\n","protected":false},"author":3,"featured_media":21763,"comment_status":"open","ping_status":"open","sticky":false,"template":"","format":"standard","meta":{"_exactmetrics_skip_tracking":false,"_exactmetrics_sitenote_active":false,"_exactmetrics_sitenote_note":"","_exactmetrics_sitenote_category":0,"jnews-multi-image_gallery":[],"jnews_single_post":{"source_name":"","source_url":"","via_name":"","via_url":"","override_template":"0","override":[{"template":"1","single_blog_custom":"","parallax":"1","fullscreen":"0","layout":"right-sidebar","sidebar":"default-sidebar","second_sidebar":"default-sidebar","sticky_sidebar":"1","share_position":"top","share_float_style":"share-monocrhome","show_share_counter":"1","show_view_counter":"1","show_featured":"1","show_post_meta":"1","show_post_author":"1","show_post_author_image":"1","show_post_date":"1","post_date_format":"default","post_date_format_custom":"Y\/m\/d","show_post_category":"1","show_post_reading_time":"0","post_reading_time_wpm":"300","show_zoom_button":"0","zoom_button_out_step":"2","zoom_button_in_step":"3","show_post_tag":"1","show_prev_next_post":"1","show_popup_post":"1","number_popup_post":"1","show_author_box":"0","show_post_related":"0","show_inline_post_related":"0"}],"override_image_size":"0","image_override":[{"single_post_thumbnail_size":"crop-500","single_post_gallery_size":"crop-500"}],"trending_post":"0","trending_post_position":"meta","trending_post_label":"Trending","sponsored_post":"0","sponsored_post_label":"Sponsored by","sponsored_post_name":"","sponsored_post_url":"","sponsored_post_logo_enable":"0","sponsored_post_logo":"","sponsored_post_desc":""},"jnews_primary_category":{"id":""},"jnews_social_meta":{"fb_title":"","fb_description":"","fb_image":"","twitter_title":"","twitter_description":"","twitter_image":""},"jnews_review":[],"enable_review":"0","type":"percentage","name":"","summary":"","brand":"","sku":"","good":[{"good_text":""}],"bad":[{"bad_text":""}],"score_override":"","override_value":"","rating":[{"rating_text":"","rating_number":"10"}],"price":[{"shop":"","price":"","link":"","icon":""}],"jnews_override_counter":{"override_view_counter":"0","view_counter_number":"0","override_share_counter":"0","share_counter_number":"0","override_like_counter":"0","like_counter_number":"0","override_dislike_counter":"0","dislike_counter_number":"0"},"jnews_post_split":{"enable_post_split":"0","post_split":[{"template":"1","tag":"h2","numbering":"asc","mode":"normal"}]},"footnotes":""},"categories":[564,12],"tags":[],"class_list":["post-21762","post","type-post","status-publish","format-standard","has-post-thumbnail","hentry","category-educacion","category-rio-cuarto"],"jetpack_featured_media_url":"https:\/\/atecordoba.org\/wp-content\/uploads\/2020\/09\/119083521_3314047888641292_6271931014676295274_n.jpg","_links":{"self":[{"href":"https:\/\/atecordoba.org\/index.php?rest_route=\/wp\/v2\/posts\/21762","targetHints":{"allow":["GET"]}}],"collection":[{"href":"https:\/\/atecordoba.org\/index.php?rest_route=\/wp\/v2\/posts"}],"about":[{"href":"https:\/\/atecordoba.org\/index.php?rest_route=\/wp\/v2\/types\/post"}],"author":[{"embeddable":true,"href":"https:\/\/atecordoba.org\/index.php?rest_route=\/wp\/v2\/users\/3"}],"replies":[{"embeddable":true,"href":"https:\/\/atecordoba.org\/index.php?rest_route=%2Fwp%2Fv2%2Fcomments&post=21762"}],"version-history":[{"count":1,"href":"https:\/\/atecordoba.org\/index.php?rest_route=\/wp\/v2\/posts\/21762\/revisions"}],"predecessor-version":[{"id":21764,"href":"https:\/\/atecordoba.org\/index.php?rest_route=\/wp\/v2\/posts\/21762\/revisions\/21764"}],"wp:featuredmedia":[{"embeddable":true,"href":"https:\/\/atecordoba.org\/index.php?rest_route=\/wp\/v2\/media\/21763"}],"wp:attachment":[{"href":"https:\/\/atecordoba.org\/index.php?rest_route=%2Fwp%2Fv2%2Fmedia&parent=21762"}],"wp:term":[{"taxonomy":"category","embeddable":true,"href":"https:\/\/atecordoba.org\/index.php?rest_route=%2Fwp%2Fv2%2Fcategories&post=21762"},{"taxonomy":"post_tag","embeddable":true,"href":"https:\/\/atecordoba.org\/index.php?rest_route=%2Fwp%2Fv2%2Ftags&post=21762"}],"curies":[{"name":"wp","href":"https:\/\/api.w.org\/{rel}","templated":true}]}}