{"id":21752,"date":"2020-09-15T17:13:37","date_gmt":"2020-09-15T20:13:37","guid":{"rendered":"https:\/\/atecordoba.org\/?p=21752"},"modified":"2020-09-15T17:15:29","modified_gmt":"2020-09-15T20:15:29","slug":"ate-protesto-frente-a-la-municipalidad-de-cosquin-por-acoso-y-malos-tratos-a-las-y-los-trabajadores","status":"publish","type":"post","link":"https:\/\/atecordoba.org\/?p=21752","title":{"rendered":"ATE protest\u00f3 en Cosquin por los casos de acoso y malos tratos a las y los trabajadores municipales"},"content":{"rendered":"<p><img loading=\"lazy\" decoding=\"async\" class=\" wp-image-21757 alignleft\" src=\"https:\/\/atecordoba.org\/wp-content\/uploads\/2020\/09\/flyer-cosquin-212x300.jpeg\" alt=\"\" width=\"323\" height=\"457\" srcset=\"https:\/\/atecordoba.org\/wp-content\/uploads\/2020\/09\/flyer-cosquin-212x300.jpeg 212w, https:\/\/atecordoba.org\/wp-content\/uploads\/2020\/09\/flyer-cosquin-725x1024.jpeg 725w, https:\/\/atecordoba.org\/wp-content\/uploads\/2020\/09\/flyer-cosquin.jpeg 737w\" sizes=\"auto, (max-width: 323px) 100vw, 323px\" \/>Hoy ATE llev\u00f3 a cabo una ruidosa protesta en Cosqu\u00edn para hacer visible la situaci\u00f3n de violencia laboral que sufren a diario las y los trabajadores municipales de parte de funcionarios de la gesti\u00f3n que encabeza el intendente Gabriel Musso.<\/p>\n<p>En la oportunidad, el secretario General de la seccional ATE Cruz del Eje, Daniel Allende, present\u00f3 una nota ante el jefe comunal, describiendo los variados m\u00e9todos de violencia que se ejecutan bajo su responsabilidad y exigiendo terminar con el hostigamiento a las y los trabajadores del sectores.<\/p>\n<p>En la misiva, ATE denuncia que los hechos de violencia &#8220;est\u00e1n sucediendo de manera reiterada, y hace tiempo, desde funcionarios que vali\u00e9ndose de su posici\u00f3n jer\u00e1rquica o de su funci\u00f3n, incurren en conductas que atentan contra la dignidad, la integridad psicol\u00f3gica y\/o social de los trabajadores y trabajadoras de la Municipalidad de Cosqu\u00edn&#8221;.<\/p>\n<p>En la descripci\u00f3n pormenorizada de los hechos se enumeran situaciones como:<\/p>\n<ul>\n<li>Obligar a ejecutar tareas denigrantes, o por debajo de la capacidad del empleado\/a.<\/li>\n<li>Asignar misiones innecesarias o sin sentido con la intenci\u00f3n de humillar.<\/li>\n<li>Juzgar de manera ofensiva su desempe\u00f1o.<\/li>\n<li>Persecuci\u00f3n y cambio abusivo de su lugar habitual de trabajo con \u00e1nimo de separarlo de sus compa\u00f1eros.<\/li>\n<li>Prohibir a los dem\u00e1s que hablen con un trabajador\/a o mantenerla incomunicada.<\/li>\n<\/ul>\n<p>En tal sentido, Allende dijo que &#8220;se hizo un relevamiento de la cantidad de carpetas psiqui\u00e1tricas relacionadas con un clima laboral violento. Es urgente detener esta situaci\u00f3n y visibilizarlo en la comunidad. Las y los compa\u00f1eros municipales deben saber que tienen en ATE un sindicato que los va a respaldar para terminar con estos actos de violencia&#8221;.<\/p>\n<p>La nota completa:<\/p>\n<div id='gallery_1' class='gallery galleryid-21752 gallery-columns-2 gallery-size-thumbnail'><figure class='gallery-item'>\n                <div class='gallery-icon portrait'>\n                    <a href='https:\/\/atecordoba.org\/wp-content\/uploads\/2020\/09\/Nota-violencia-Cosqu\u00edn_0001.png'><img loading=\"lazy\" decoding=\"async\" width=\"150\" height=\"150\" src=\"\" class=\"attachment-thumbnail size-thumbnail lazyload\" alt=\"\" data-src=\"https:\/\/atecordoba.org\/wp-content\/uploads\/2020\/09\/Nota-violencia-Cosqu\u00edn_0001-150x150.png\" data-sizes=\"auto\" data-srcset=\"https:\/\/atecordoba.org\/wp-content\/uploads\/2020\/09\/Nota-violencia-Cosqu\u00edn_0001-150x150.png 150w, https:\/\/atecordoba.org\/wp-content\/uploads\/2020\/09\/Nota-violencia-Cosqu\u00edn_0001-560x560.png 560w, https:\/\/atecordoba.org\/wp-content\/uploads\/2020\/09\/Nota-violencia-Cosqu\u00edn_0001-75x75.png 75w\" data-expand=\"700\" \/><\/a>\n                <\/div><\/figure><figure class='gallery-item'>\n                <div class='gallery-icon portrait'>\n                    <a href='https:\/\/atecordoba.org\/wp-content\/uploads\/2020\/09\/Nota-violencia-Cosqu\u00edn_0002.png'><img loading=\"lazy\" decoding=\"async\" width=\"150\" height=\"150\" src=\"\" class=\"attachment-thumbnail size-thumbnail lazyload\" alt=\"\" data-src=\"https:\/\/atecordoba.org\/wp-content\/uploads\/2020\/09\/Nota-violencia-Cosqu\u00edn_0002-150x150.png\" data-sizes=\"auto\" data-srcset=\"https:\/\/atecordoba.org\/wp-content\/uploads\/2020\/09\/Nota-violencia-Cosqu\u00edn_0002-150x150.png 150w, https:\/\/atecordoba.org\/wp-content\/uploads\/2020\/09\/Nota-violencia-Cosqu\u00edn_0002-560x560.png 560w, https:\/\/atecordoba.org\/wp-content\/uploads\/2020\/09\/Nota-violencia-Cosqu\u00edn_0002-75x75.png 75w\" data-expand=\"700\" \/><\/a>\n                <\/div><\/figure><br style=\"clear: both\" \/>\n            <\/div>\n\n<p>&nbsp;<\/p>\n<p>&nbsp;<\/p>\n","protected":false},"excerpt":{"rendered":"<p>Hoy ATE llev\u00f3 a cabo una ruidosa protesta en Cosqu\u00edn para hacer visible la situaci\u00f3n de violencia laboral que sufren a diario las y los trabajadores municipales de parte de funcionarios de la gesti\u00f3n que encabeza el intendente Gabriel Musso. En la oportunidad, el secretario General de la seccional ATE Cruz del Eje, Daniel Allende, [&hellip;]<\/p>\n","protected":false},"author":7,"featured_media":21757,"comment_status":"open","ping_status":"open","sticky":true,"template":"","format":"standard","meta":{"_exactmetrics_skip_tracking":false,"_exactmetrics_sitenote_active":false,"_exactmetrics_sitenote_note":"","_exactmetrics_sitenote_category":0,"jnews-multi-image_gallery":[],"jnews_single_post":{"source_name":"","source_url":"","via_name":"","via_url":"","override_template":"0","override":[{"template":"1","single_blog_custom":"","parallax":"1","fullscreen":"0","layout":"right-sidebar","sidebar":"default-sidebar","second_sidebar":"default-sidebar","sticky_sidebar":"1","share_position":"top","share_float_style":"share-monocrhome","show_share_counter":"1","show_view_counter":"1","show_featured":"1","show_post_meta":"1","show_post_author":"1","show_post_author_image":"1","show_post_date":"1","post_date_format":"default","post_date_format_custom":"Y\/m\/d","show_post_category":"1","show_post_reading_time":"0","post_reading_time_wpm":"300","show_zoom_button":"0","zoom_button_out_step":"2","zoom_button_in_step":"3","show_post_tag":"1","show_prev_next_post":"1","show_popup_post":"1","number_popup_post":"1","show_author_box":"0","show_post_related":"0","show_inline_post_related":"0"}],"override_image_size":"0","image_override":[{"single_post_thumbnail_size":"crop-500","single_post_gallery_size":"crop-500"}],"trending_post":"0","trending_post_position":"meta","trending_post_label":"Trending","sponsored_post":"0","sponsored_post_label":"Sponsored by","sponsored_post_name":"","sponsored_post_url":"","sponsored_post_logo_enable":"0","sponsored_post_logo":"","sponsored_post_desc":""},"jnews_primary_category":{"id":""},"jnews_social_meta":{"fb_title":"","fb_description":"","fb_image":"","twitter_title":"","twitter_description":"","twitter_image":""},"jnews_review":[],"enable_review":"0","type":"percentage","name":"","summary":"","brand":"","sku":"","good":[{"good_text":""}],"bad":[{"bad_text":""}],"score_override":"","override_value":"","rating":[{"rating_text":"","rating_number":"10"}],"price":[{"shop":"","price":"","link":"","icon":""}],"jnews_override_counter":{"override_view_counter":"0","view_counter_number":"0","override_share_counter":"0","share_counter_number":"0","override_like_counter":"0","like_counter_number":"0","override_dislike_counter":"0","dislike_counter_number":"0"},"jnews_post_split":{"enable_post_split":"0","post_split":[{"template":"1","tag":"h2","numbering":"asc","mode":"normal"}]},"footnotes":""},"categories":[150,20],"tags":[541],"class_list":["post-21752","post","type-post","status-publish","format-standard","has-post-thumbnail","hentry","category-cruz-del-eje","category-municipales","tag-violencia-laboral"],"jetpack_featured_media_url":"https:\/\/atecordoba.org\/wp-content\/uploads\/2020\/09\/flyer-cosquin.jpeg","_links":{"self":[{"href":"https:\/\/atecordoba.org\/index.php?rest_route=\/wp\/v2\/posts\/21752","targetHints":{"allow":["GET"]}}],"collection":[{"href":"https:\/\/atecordoba.org\/index.php?rest_route=\/wp\/v2\/posts"}],"about":[{"href":"https:\/\/atecordoba.org\/index.php?rest_route=\/wp\/v2\/types\/post"}],"author":[{"embeddable":true,"href":"https:\/\/atecordoba.org\/index.php?rest_route=\/wp\/v2\/users\/7"}],"replies":[{"embeddable":true,"href":"https:\/\/atecordoba.org\/index.php?rest_route=%2Fwp%2Fv2%2Fcomments&post=21752"}],"version-history":[{"count":3,"href":"https:\/\/atecordoba.org\/index.php?rest_route=\/wp\/v2\/posts\/21752\/revisions"}],"predecessor-version":[{"id":21760,"href":"https:\/\/atecordoba.org\/index.php?rest_route=\/wp\/v2\/posts\/21752\/revisions\/21760"}],"wp:featuredmedia":[{"embeddable":true,"href":"https:\/\/atecordoba.org\/index.php?rest_route=\/wp\/v2\/media\/21757"}],"wp:attachment":[{"href":"https:\/\/atecordoba.org\/index.php?rest_route=%2Fwp%2Fv2%2Fmedia&parent=21752"}],"wp:term":[{"taxonomy":"category","embeddable":true,"href":"https:\/\/atecordoba.org\/index.php?rest_route=%2Fwp%2Fv2%2Fcategories&post=21752"},{"taxonomy":"post_tag","embeddable":true,"href":"https:\/\/atecordoba.org\/index.php?rest_route=%2Fwp%2Fv2%2Ftags&post=21752"}],"curies":[{"name":"wp","href":"https:\/\/api.w.org\/{rel}","templated":true}]}}