{"id":21737,"date":"2020-09-15T16:20:28","date_gmt":"2020-09-15T19:20:28","guid":{"rendered":"https:\/\/atecordoba.org\/?p=21737"},"modified":"2020-09-15T16:45:44","modified_gmt":"2020-09-15T19:45:44","slug":"radio-abierta-en-villa-libertador-reclamo-la-restitucion-del-equipo-de-salud-mental","status":"publish","type":"post","link":"https:\/\/atecordoba.org\/?p=21737","title":{"rendered":"Radio Abierta en Villa Libertador reclam\u00f3 la restituci\u00f3n del equipo de salud mental"},"content":{"rendered":"<div class=\"epyt-video-wrapper\"><iframe loading=\"lazy\"  style=\"display: block; margin: 0px auto;\"  id=\"_ytid_79902\"  width=\"480\" height=\"270\"  data-origwidth=\"480\" data-origheight=\"270\" src=\"https:\/\/www.youtube.com\/embed\/SFAD9kC0cJ0?enablejsapi=1&#038;autoplay=0&#038;cc_load_policy=0&#038;cc_lang_pref=&#038;iv_load_policy=3&#038;loop=0&#038;rel=0&#038;fs=1&#038;playsinline=0&#038;autohide=2&#038;theme=dark&#038;color=red&#038;controls=1&#038;disablekb=0&#038;\" class=\"__youtube_prefs__  epyt-is-override  no-lazyload\" title=\"YouTube player\"  allow=\"fullscreen; accelerometer; autoplay; clipboard-write; encrypted-media; gyroscope; picture-in-picture; web-share\" referrerpolicy=\"strict-origin-when-cross-origin\" allowfullscreen data-no-lazy=\"1\" data-skipgform_ajax_framebjll=\"\"><\/iframe><\/div>\n<p>El Consejo Directivo Provincial (CDP) realiz\u00f3 hoy una radio abierta en la plaza central de Villa Libertador, para reclamar las reinstalaci\u00f3n de las profesionales en el Centro de Atenci\u00f3n Comunitaria (CAC) del barrio, de donde fueron trasladadas a causa de la persecuci\u00f3n sindical y pol\u00edtica que el Ministerio de Salud de la provincia est\u00e1 imponiendo a las trabajadoras, dejando a ese sector de la ciudad sin su Equipo de Salud Mental.<\/p>\n<figure id=\"attachment_21742\" aria-describedby=\"caption-attachment-21742\" style=\"width: 403px\" class=\"wp-caption alignright\"><img loading=\"lazy\" decoding=\"async\" class=\"wp-image-21742\" src=\"https:\/\/atecordoba.org\/wp-content\/uploads\/2020\/09\/WhatsApp-Image-2020-09-15-at-11.05.22-2-300x139.jpeg\" alt=\"\" width=\"403\" height=\"187\" srcset=\"https:\/\/atecordoba.org\/wp-content\/uploads\/2020\/09\/WhatsApp-Image-2020-09-15-at-11.05.22-2-300x139.jpeg 300w, https:\/\/atecordoba.org\/wp-content\/uploads\/2020\/09\/WhatsApp-Image-2020-09-15-at-11.05.22-2-1024x473.jpeg 1024w, https:\/\/atecordoba.org\/wp-content\/uploads\/2020\/09\/WhatsApp-Image-2020-09-15-at-11.05.22-2-768x355.jpeg 768w, https:\/\/atecordoba.org\/wp-content\/uploads\/2020\/09\/WhatsApp-Image-2020-09-15-at-11.05.22-2-750x347.jpeg 750w, https:\/\/atecordoba.org\/wp-content\/uploads\/2020\/09\/WhatsApp-Image-2020-09-15-at-11.05.22-2.jpeg 1032w\" sizes=\"auto, (max-width: 403px) 100vw, 403px\" \/><figcaption id=\"caption-attachment-21742\" class=\"wp-caption-text\">El secretario General de ATE, Federico Giuliani, junto a la prensa.<\/figcaption><\/figure>\n<p>Se trata de un largo conflicto que comenz\u00f3 en abril, cuando primero el Ministerio orden\u00f3 el cierre del CAC, aduciendo problemas edilicios, para despu\u00e9s trasladar a las profesionales que se vienen desempe\u00f1ando en Salud Mental sin justificaci\u00f3n alguna, en un sector agobiado por las carencias, siendo la principal el problema de las cloacas y su consiguiente hundimiento de varias viviendas mientras el conjunto de su poblaci\u00f3n convive con las aguas servidas en las calles.<\/p>\n<figure id=\"attachment_21741\" aria-describedby=\"caption-attachment-21741\" style=\"width: 397px\" class=\"wp-caption alignleft\"><img loading=\"lazy\" decoding=\"async\" class=\"wp-image-21741\" src=\"https:\/\/atecordoba.org\/wp-content\/uploads\/2020\/09\/WhatsApp-Image-2020-09-15-at-11.05.22-1-300x139.jpeg\" alt=\"\" width=\"397\" height=\"184\" srcset=\"https:\/\/atecordoba.org\/wp-content\/uploads\/2020\/09\/WhatsApp-Image-2020-09-15-at-11.05.22-1-300x139.jpeg 300w, https:\/\/atecordoba.org\/wp-content\/uploads\/2020\/09\/WhatsApp-Image-2020-09-15-at-11.05.22-1-1024x473.jpeg 1024w, https:\/\/atecordoba.org\/wp-content\/uploads\/2020\/09\/WhatsApp-Image-2020-09-15-at-11.05.22-1-768x355.jpeg 768w, https:\/\/atecordoba.org\/wp-content\/uploads\/2020\/09\/WhatsApp-Image-2020-09-15-at-11.05.22-1-750x347.jpeg 750w, https:\/\/atecordoba.org\/wp-content\/uploads\/2020\/09\/WhatsApp-Image-2020-09-15-at-11.05.22-1.jpeg 1032w\" sizes=\"auto, (max-width: 397px) 100vw, 397px\" \/><figcaption id=\"caption-attachment-21741\" class=\"wp-caption-text\">Las trabajadoras del Equipo de Salud Mental.<\/figcaption><\/figure>\n<p>Este cuadro no fue impedimento para que la cartera sanitaria, que encabeza el ministro Diego Cardozo -de pobre desempe\u00f1o frente a la pandemia de Covid 19-, obturara todo canal de di\u00e1logo, ignorando los reclamos de ATE, de las trabajadoras, las instituciones, organizaciones sociales y, sobre todo, de las y los vecinos, usuarios del servicio de salud, que est\u00e1n siendo abandonados en este plano por el Estado, tanto ante el problema de las cloacas como en medio de la pandemia.<\/p>\n<p>Esta ma\u00f1ana ATE convoc\u00f3 a los vecinos a sumarse por miles al petitorio que nuestro gremio presentar\u00e1 a la Justicia la semana que viene para exigir una intervenci\u00f3n que garantice el derecho a la salud de las y los vecinos y a conservar su puesto de trabajo de las trabajadoras perseguidas.<\/p>\n<p><img loading=\"lazy\" decoding=\"async\" class=\" wp-image-21747 aligncenter\" src=\"https:\/\/atecordoba.org\/wp-content\/uploads\/2020\/09\/WhatsApp-Image-2020-09-15-at-11.05.23-300x139.jpeg\" alt=\"\" width=\"596\" height=\"276\" srcset=\"https:\/\/atecordoba.org\/wp-content\/uploads\/2020\/09\/WhatsApp-Image-2020-09-15-at-11.05.23-300x139.jpeg 300w, https:\/\/atecordoba.org\/wp-content\/uploads\/2020\/09\/WhatsApp-Image-2020-09-15-at-11.05.23-1024x473.jpeg 1024w, https:\/\/atecordoba.org\/wp-content\/uploads\/2020\/09\/WhatsApp-Image-2020-09-15-at-11.05.23-768x355.jpeg 768w, https:\/\/atecordoba.org\/wp-content\/uploads\/2020\/09\/WhatsApp-Image-2020-09-15-at-11.05.23-750x347.jpeg 750w, https:\/\/atecordoba.org\/wp-content\/uploads\/2020\/09\/WhatsApp-Image-2020-09-15-at-11.05.23.jpeg 1032w\" sizes=\"auto, (max-width: 596px) 100vw, 596px\" \/><\/p>\n<p>Algunos profesionales que mostraron su solidaridad con el Equipo de Salud Mental, como los profesionales de la Municipalidad de C\u00f3rdoba, describieron patolog\u00edas que sufren los habitantes de la zona producto de la larga pandemia que vivimos, advirtiendo sobre malestares subjetivos, ataques de p\u00e1nico, violencia de g\u00e9nero o depresi\u00f3n. Todas causas suficientes para requerir la atenci\u00f3n de las profesionales desplazadas.<\/p>\n<p><img loading=\"lazy\" decoding=\"async\" class=\" wp-image-21745 alignleft\" src=\"https:\/\/atecordoba.org\/wp-content\/uploads\/2020\/09\/WhatsApp-Image-2020-09-15-at-11.05.23-1-300x139.jpeg\" alt=\"\" width=\"403\" height=\"187\" srcset=\"https:\/\/atecordoba.org\/wp-content\/uploads\/2020\/09\/WhatsApp-Image-2020-09-15-at-11.05.23-1-300x139.jpeg 300w, https:\/\/atecordoba.org\/wp-content\/uploads\/2020\/09\/WhatsApp-Image-2020-09-15-at-11.05.23-1-1024x473.jpeg 1024w, https:\/\/atecordoba.org\/wp-content\/uploads\/2020\/09\/WhatsApp-Image-2020-09-15-at-11.05.23-1-768x355.jpeg 768w, https:\/\/atecordoba.org\/wp-content\/uploads\/2020\/09\/WhatsApp-Image-2020-09-15-at-11.05.23-1-750x347.jpeg 750w, https:\/\/atecordoba.org\/wp-content\/uploads\/2020\/09\/WhatsApp-Image-2020-09-15-at-11.05.23-1.jpeg 1032w\" sizes=\"auto, (max-width: 403px) 100vw, 403px\" \/>&#8220;Estamos muy conmovidas por el apoyo de las y los vecinos&#8221;, dijo la psic\u00f3loga Nora Gal\u00e1n. &#8220;Elegimos estar en este barrio, conocemos su historia de lucha y no eso luchamos para volver. No entendemos por qu\u00e9 esta persecuci\u00f3n que sufrimos, por qu\u00e9 el centro se cerr\u00f3 y por qu\u00e9 volvieron a abrirlo sin nosotras. Las autoridades no dieron ninguna explicaci\u00f3n v\u00e1lida y solo nos resta pensar que el gobierno hacer lo que quiere&#8221;, concluy\u00f3.<\/p>\n<p>En la oportunidad, el secretario General de ATE C\u00f3rdoba, Federico Giuliani, alent\u00f3 a los vecinos a firmar el petitorio y hacer valer sus derechos como comunidad. <img loading=\"lazy\" decoding=\"async\" class=\" wp-image-21744 alignright\" src=\"https:\/\/atecordoba.org\/wp-content\/uploads\/2020\/09\/WhatsApp-Image-2020-09-15-at-11.05.22-300x139.jpeg\" alt=\"\" width=\"404\" height=\"187\" srcset=\"https:\/\/atecordoba.org\/wp-content\/uploads\/2020\/09\/WhatsApp-Image-2020-09-15-at-11.05.22-300x139.jpeg 300w, https:\/\/atecordoba.org\/wp-content\/uploads\/2020\/09\/WhatsApp-Image-2020-09-15-at-11.05.22-1024x473.jpeg 1024w, https:\/\/atecordoba.org\/wp-content\/uploads\/2020\/09\/WhatsApp-Image-2020-09-15-at-11.05.22-768x355.jpeg 768w, https:\/\/atecordoba.org\/wp-content\/uploads\/2020\/09\/WhatsApp-Image-2020-09-15-at-11.05.22-750x347.jpeg 750w, https:\/\/atecordoba.org\/wp-content\/uploads\/2020\/09\/WhatsApp-Image-2020-09-15-at-11.05.22.jpeg 1032w\" sizes=\"auto, (max-width: 404px) 100vw, 404px\" \/><\/p>\n<p>&#8220;Es importante el papel de cada uno de los vecinos, hay que romper el cerco de lo individual. Por eso estamos hoy ac\u00e1, expresando la voz de los que no tienen voz, para que vengan a firmar el petitorio que vamos a presentar a la justicia de C\u00f3rdoba, dici\u00e9ndole que este barrio debe tener a su equipo de salud mental nuevamente trabajando en la sede de calle Tilcara&#8221;, afirm\u00f3 el dirigente.<\/p>\n<p>El dirigente record\u00f3 la figura del cura V\u00edctor Acha, referente hist\u00f3rico del barrio, recientemente fallecido y agradeci\u00f3 la presencia de la CTA, Barrios de Pie y partidos p<\/p>\n<p><img loading=\"lazy\" decoding=\"async\" class=\" wp-image-21743 alignleft\" src=\"https:\/\/atecordoba.org\/wp-content\/uploads\/2020\/09\/WhatsApp-Image-2020-09-15-at-11.05.22-3-300x139.jpeg\" alt=\"\" width=\"404\" height=\"187\" srcset=\"https:\/\/atecordoba.org\/wp-content\/uploads\/2020\/09\/WhatsApp-Image-2020-09-15-at-11.05.22-3-300x139.jpeg 300w, https:\/\/atecordoba.org\/wp-content\/uploads\/2020\/09\/WhatsApp-Image-2020-09-15-at-11.05.22-3-1024x473.jpeg 1024w, https:\/\/atecordoba.org\/wp-content\/uploads\/2020\/09\/WhatsApp-Image-2020-09-15-at-11.05.22-3-768x355.jpeg 768w, https:\/\/atecordoba.org\/wp-content\/uploads\/2020\/09\/WhatsApp-Image-2020-09-15-at-11.05.22-3-750x347.jpeg 750w, https:\/\/atecordoba.org\/wp-content\/uploads\/2020\/09\/WhatsApp-Image-2020-09-15-at-11.05.22-3.jpeg 1032w\" sizes=\"auto, (max-width: 404px) 100vw, 404px\" \/><\/p>\n<p>ol\u00edticos, as\u00ed como expresiones culturales y sociales &#8220;que muestran que la pelea se encara en el territorio. No hay posibilidad de tener un destino de naci\u00f3n distinto, una sociedad diferente si no tenemos a las y los trabajadores con derechos laborales y con vecinos con derecho a una vida digna. Queremos cloacas, agua potable, luz, y todos los servicios como tiene la &#8216;chetocracia&#8217; que vive en el centro y que para estos tipos que son los \u00fanicos que existen&#8221;, dijo Giuliani, criticando a los funcionarios provinciales.<\/p>\n<p><strong>Denuncia en la justicia<\/strong><\/p>\n<p>El secretario General de ATE destac\u00f3 que &#8220;este barrio tiene historia que no empieza cuando venimos y se termina cuando nos vamos. Es un recorrido, una pel\u00edcula. Vamos a seguir en la pelea, sin prisa pero sin pausa, definimos un plan de lucha que se construye ladrillo por ladrillo. La semana pasada el gobierno de Schiaretti festejaba la reapertura del local. Pero se equivocan, esa sede se abri\u00f3 por la presi\u00f3n de los vecinos, por la pelea de ATE y la CTA y por la lucha inquebrantable de las compa\u00f1eras que fueron trasladadas. Necesitamos llenar de firmas las planillas que tienen en el petitorio&#8221;.<img loading=\"lazy\" decoding=\"async\" class=\" wp-image-21746 aligncenter\" src=\"https:\/\/atecordoba.org\/wp-content\/uploads\/2020\/09\/WhatsApp-Image-2020-09-15-at-11.05.23-2-300x139.jpeg\" alt=\"\" width=\"600\" height=\"278\" srcset=\"https:\/\/atecordoba.org\/wp-content\/uploads\/2020\/09\/WhatsApp-Image-2020-09-15-at-11.05.23-2-300x139.jpeg 300w, https:\/\/atecordoba.org\/wp-content\/uploads\/2020\/09\/WhatsApp-Image-2020-09-15-at-11.05.23-2-1024x473.jpeg 1024w, https:\/\/atecordoba.org\/wp-content\/uploads\/2020\/09\/WhatsApp-Image-2020-09-15-at-11.05.23-2-768x355.jpeg 768w, https:\/\/atecordoba.org\/wp-content\/uploads\/2020\/09\/WhatsApp-Image-2020-09-15-at-11.05.23-2-750x347.jpeg 750w, https:\/\/atecordoba.org\/wp-content\/uploads\/2020\/09\/WhatsApp-Image-2020-09-15-at-11.05.23-2.jpeg 1032w\" sizes=\"auto, (max-width: 600px) 100vw, 600px\" \/><\/p>\n<p>Y adelant\u00f3 que &#8220;el 23 de septiembre ATE va a ir a la Justicia de C\u00f3rdoba. Vamos a exigir que intervenga porque hay un claro sesgo de persecuci\u00f3n sindical y pol\u00edtica, y tambi\u00e9n un sesgo machista por trasladar a las compa\u00f1eras del equipo de atenci\u00f3n comunitaria. No podemos estar paralizados por la pandemia porque nos quieren hacer pagar una crisis que no generamos. Que lo paguen los sectores concentrados, que lo pague el G6 que es el que le marca la agenda a Schiaretti. Y por eso es importante, en medio de la peor crisis sanitaria de la historia de C\u00f3rdoba, culpa del nivel de ineptitud pero tambi\u00e9n de desprecio de este gobierno provincial a la salud mental y el sistema de salud p\u00fablico en general, cuando el pico de contagios est\u00e1 en su m\u00e1xima expresi\u00f3n&#8221;.<img loading=\"lazy\" decoding=\"async\" class=\" wp-image-21738 alignright\" src=\"https:\/\/atecordoba.org\/wp-content\/uploads\/2020\/09\/WhatsApp-Image-2020-09-15-at-11.05.24-300x139.jpeg\" alt=\"\" width=\"513\" height=\"238\" srcset=\"https:\/\/atecordoba.org\/wp-content\/uploads\/2020\/09\/WhatsApp-Image-2020-09-15-at-11.05.24-300x139.jpeg 300w, https:\/\/atecordoba.org\/wp-content\/uploads\/2020\/09\/WhatsApp-Image-2020-09-15-at-11.05.24-1024x473.jpeg 1024w, https:\/\/atecordoba.org\/wp-content\/uploads\/2020\/09\/WhatsApp-Image-2020-09-15-at-11.05.24-768x355.jpeg 768w, https:\/\/atecordoba.org\/wp-content\/uploads\/2020\/09\/WhatsApp-Image-2020-09-15-at-11.05.24-750x347.jpeg 750w, https:\/\/atecordoba.org\/wp-content\/uploads\/2020\/09\/WhatsApp-Image-2020-09-15-at-11.05.24.jpeg 1032w\" sizes=\"auto, (max-width: 513px) 100vw, 513px\" \/><\/p>\n<p>Giuliani explic\u00f3 que &#8220;estamos luchando en varios frentes contra este gobierno neoliberal de derecha que gobierna para unos pocos. Tenemos una delegada del Hospital de Ni\u00f1os trasladada recientemente, ya tenemos otra de la Senaf y estas compa\u00f1eras. Est\u00e1 claro que este gobierno provincial persigue a los que luchan&#8221;.<\/p>\n<p>Y concluy\u00f3 adelantando que &#8220;la salud est\u00e1 en crisis, pero no es algo abstracto sino un sistema sostenido por las y los trabajadores. Por eso el 21 de septiembre planteamos una gran jornada de lucha en el Polo Sanitario, para pedir que se cuide la primera l\u00ednea porque la salud no es un negocio ni un privilegio, sino un derecho. ATE, la CTA y las organizaciones que luchan est\u00e1n donde deben estar&#8221;.<\/p>\n<p><img loading=\"lazy\" decoding=\"async\" class=\" wp-image-21739 aligncenter\" src=\"https:\/\/atecordoba.org\/wp-content\/uploads\/2020\/09\/WhatsApp-Image-2020-09-15-at-11.05.25-1-300x139.jpeg\" alt=\"\" width=\"600\" height=\"278\" srcset=\"https:\/\/atecordoba.org\/wp-content\/uploads\/2020\/09\/WhatsApp-Image-2020-09-15-at-11.05.25-1-300x139.jpeg 300w, https:\/\/atecordoba.org\/wp-content\/uploads\/2020\/09\/WhatsApp-Image-2020-09-15-at-11.05.25-1-1024x473.jpeg 1024w, https:\/\/atecordoba.org\/wp-content\/uploads\/2020\/09\/WhatsApp-Image-2020-09-15-at-11.05.25-1-768x355.jpeg 768w, https:\/\/atecordoba.org\/wp-content\/uploads\/2020\/09\/WhatsApp-Image-2020-09-15-at-11.05.25-1-750x347.jpeg 750w, https:\/\/atecordoba.org\/wp-content\/uploads\/2020\/09\/WhatsApp-Image-2020-09-15-at-11.05.25-1.jpeg 1032w\" sizes=\"auto, (max-width: 600px) 100vw, 600px\" \/><\/p>\n<p>&nbsp;<\/p>\n<p>&nbsp;<\/p>\n","protected":false},"excerpt":{"rendered":"<p>El Consejo Directivo Provincial (CDP) realiz\u00f3 hoy una radio abierta en la plaza central de Villa Libertador, para reclamar las reinstalaci\u00f3n de las profesionales en el Centro de Atenci\u00f3n Comunitaria (CAC) del barrio, de donde fueron trasladadas a causa de la persecuci\u00f3n sindical y pol\u00edtica que el Ministerio de Salud de la provincia est\u00e1 imponiendo [&hellip;]<\/p>\n","protected":false},"author":7,"featured_media":21738,"comment_status":"open","ping_status":"open","sticky":true,"template":"","format":"standard","meta":{"_exactmetrics_skip_tracking":false,"_exactmetrics_sitenote_active":false,"_exactmetrics_sitenote_note":"","_exactmetrics_sitenote_category":0,"jnews-multi-image_gallery":[],"jnews_single_post":{"source_name":"","source_url":"","via_name":"","via_url":"","override_template":"0","override":[{"template":"1","single_blog_custom":"","parallax":"1","fullscreen":"0","layout":"right-sidebar","sidebar":"default-sidebar","second_sidebar":"default-sidebar","sticky_sidebar":"1","share_position":"top","share_float_style":"share-monocrhome","show_share_counter":"1","show_view_counter":"1","show_featured":"1","show_post_meta":"1","show_post_author":"1","show_post_author_image":"1","show_post_date":"1","post_date_format":"default","post_date_format_custom":"Y\/m\/d","show_post_category":"1","show_post_reading_time":"0","post_reading_time_wpm":"300","show_zoom_button":"0","zoom_button_out_step":"2","zoom_button_in_step":"3","show_post_tag":"1","show_prev_next_post":"1","show_popup_post":"1","number_popup_post":"1","show_author_box":"0","show_post_related":"0","show_inline_post_related":"0"}],"override_image_size":"0","image_override":[{"single_post_thumbnail_size":"crop-500","single_post_gallery_size":"crop-500"}],"trending_post":"0","trending_post_position":"meta","trending_post_label":"Trending","sponsored_post":"0","sponsored_post_label":"Sponsored by","sponsored_post_name":"","sponsored_post_url":"","sponsored_post_logo_enable":"0","sponsored_post_logo":"","sponsored_post_desc":""},"jnews_primary_category":{"id":""},"jnews_social_meta":{"fb_title":"","fb_description":"","fb_image":"","twitter_title":"","twitter_description":"","twitter_image":""},"jnews_review":[],"enable_review":"0","type":"percentage","name":"","summary":"","brand":"","sku":"","good":[{"good_text":""}],"bad":[{"bad_text":""}],"score_override":"","override_value":"","rating":[{"rating_text":"","rating_number":"10"}],"price":[{"shop":"","price":"","link":"","icon":""}],"jnews_override_counter":{"override_view_counter":"0","view_counter_number":"0","override_share_counter":"0","share_counter_number":"0","override_like_counter":"0","like_counter_number":"0","override_dislike_counter":"0","dislike_counter_number":"0"},"jnews_post_split":{"enable_post_split":"0","post_split":[{"template":"1","tag":"h2","numbering":"asc","mode":"normal"}]},"footnotes":""},"categories":[341,104],"tags":[488,470],"class_list":["post-21737","post","type-post","status-publish","format-standard","has-post-thumbnail","hentry","category-cdp","category-departamento-de-salud","tag-equipo-de-salud-mental","tag-villa-libertador"],"jetpack_featured_media_url":"https:\/\/atecordoba.org\/wp-content\/uploads\/2020\/09\/WhatsApp-Image-2020-09-15-at-11.05.24.jpeg","_links":{"self":[{"href":"https:\/\/atecordoba.org\/index.php?rest_route=\/wp\/v2\/posts\/21737","targetHints":{"allow":["GET"]}}],"collection":[{"href":"https:\/\/atecordoba.org\/index.php?rest_route=\/wp\/v2\/posts"}],"about":[{"href":"https:\/\/atecordoba.org\/index.php?rest_route=\/wp\/v2\/types\/post"}],"author":[{"embeddable":true,"href":"https:\/\/atecordoba.org\/index.php?rest_route=\/wp\/v2\/users\/7"}],"replies":[{"embeddable":true,"href":"https:\/\/atecordoba.org\/index.php?rest_route=%2Fwp%2Fv2%2Fcomments&post=21737"}],"version-history":[{"count":4,"href":"https:\/\/atecordoba.org\/index.php?rest_route=\/wp\/v2\/posts\/21737\/revisions"}],"predecessor-version":[{"id":21753,"href":"https:\/\/atecordoba.org\/index.php?rest_route=\/wp\/v2\/posts\/21737\/revisions\/21753"}],"wp:featuredmedia":[{"embeddable":true,"href":"https:\/\/atecordoba.org\/index.php?rest_route=\/wp\/v2\/media\/21738"}],"wp:attachment":[{"href":"https:\/\/atecordoba.org\/index.php?rest_route=%2Fwp%2Fv2%2Fmedia&parent=21737"}],"wp:term":[{"taxonomy":"category","embeddable":true,"href":"https:\/\/atecordoba.org\/index.php?rest_route=%2Fwp%2Fv2%2Fcategories&post=21737"},{"taxonomy":"post_tag","embeddable":true,"href":"https:\/\/atecordoba.org\/index.php?rest_route=%2Fwp%2Fv2%2Ftags&post=21737"}],"curies":[{"name":"wp","href":"https:\/\/api.w.org\/{rel}","templated":true}]}}