{"id":21733,"date":"2020-09-15T10:39:37","date_gmt":"2020-09-15T13:39:37","guid":{"rendered":"https:\/\/atecordoba.org\/?p=21733"},"modified":"2020-09-15T10:40:50","modified_gmt":"2020-09-15T13:40:50","slug":"anac-delegados-del-aeropuerto-acordaron-con-funcionarios-avanzar-con-el-protocolo-covid","status":"publish","type":"post","link":"https:\/\/atecordoba.org\/?p=21733","title":{"rendered":"ANAC: delegadas y delegados del Aeropuerto acordaron con funcionarios avanzar con el protocolo Covid"},"content":{"rendered":"<p><img loading=\"lazy\" decoding=\"async\" class=\" wp-image-21734 aligncenter\" src=\"https:\/\/atecordoba.org\/wp-content\/uploads\/2020\/09\/anac-15-9-300x169.jpg\" alt=\"\" width=\"605\" height=\"341\" srcset=\"https:\/\/atecordoba.org\/wp-content\/uploads\/2020\/09\/anac-15-9-300x169.jpg 300w, https:\/\/atecordoba.org\/wp-content\/uploads\/2020\/09\/anac-15-9.jpg 552w\" sizes=\"auto, (max-width: 605px) 100vw, 605px\" \/><br \/>\nEl encuentro entre delegados y referentes de ATEANAC de los Servicios Auxiliares del Aeropuerto C\u00f3rdoba y el jefe del organismo, Gustavo Bustos, se centr\u00f3 en la crisis estructural que atraviesa la Administraci\u00f3n Nacional de Aviaci\u00f3n Civil, debido a que no est\u00e1n dadas las condiciones para un regreso normal de las operaciones a\u00e9reas.<\/p>\n<p>En ese marco, se acord\u00f3 realizar una adaptaci\u00f3n del protocolo general Covid 19 de ANAC para cada servicio del aeropuerto.<\/p>\n<p>En los detalles, las y los delegados solicitaron que, al ingreso al servicio por el puesto de la Polic\u00eda de Seguridad Aeroportuaria que no posee protocolo, se realice el control de temperatura, conforme al protocolo general independiente del que realiza la empresa AA 2000, a cargo de concesi\u00f3n, para todo el personal que concurre al aeropuerto. Se trata de servicios, empresas y pasajeros que se encuentran a m\u00e1s de 200 metros del lugar de ingreso.<\/p>\n<p>Se solicit\u00f3 que las distintas listas de turno de los servicios se encuentren disponibles en los mismos con tres d\u00edas de antelaci\u00f3n al inicio del mes para que la representaci\u00f3n gremial pueda realizar las observaciones que estime necesarias.<\/p>\n<p>Al mismo tiempo, se acord\u00f3 que ante una situaci\u00f3n de sospecha de s\u00edntomas del personal que se encuentra prestando servicios el lugar de aislamiento previsto en el protocolo sea el determinado para la DRNO, es decir el SUM por la cercan\u00eda y comodidades que tiene.<\/p>\n<p>Como situaci\u00f3n a revisar para un posible informe de seguridad laboral, se remarc\u00f3 la necesidad de ventilaci\u00f3n de la oficina de CONTER, que no posee ventana y de una salida de emergencia para el SEI.<\/p>\n<p>Por otro lado, se plante\u00f3 como en reuniones anteriores la necesidad de definir que la Sanidad Aeron\u00e1utica no debe cumplir la funci\u00f3n de Sanidad de Frontera y se renov\u00f3 el pedido urgente de ropa de seguridad para los trabajadores de plataforma.<\/p>\n<p>ATE tambi\u00e9n requiri\u00f3 la urgente soluci\u00f3n de la falta de matafuegos y la prestaci\u00f3n normal del servicio de limpieza.<\/p>\n<p>Por \u00faltimo, desde la perspectiva social las y los delegados solicitaron que, cuando finalice la situaci\u00f3n actual de pandemia, todos los trabajadores y trabajadoras del sector puedan utilizar las instalaciones del quincho que posee el Aeropuerto.<\/p>\n<p>Como conclusi\u00f3n, los y las delegadas celebraron \u201cel dialogo alcanzado pero necesitamos que sea permanente para construir con nuestros trabajadoras y trabajadores la jerarquizaci\u00f3n de nuestras funciones y una autoridad aeron\u00e1utica federal al servicio de la comunidad\u201d.<\/p>\n<p>&nbsp;<\/p>\n","protected":false},"excerpt":{"rendered":"<p>El encuentro entre delegados y referentes de ATEANAC de los Servicios Auxiliares del Aeropuerto C\u00f3rdoba y el jefe del organismo, Gustavo Bustos, se centr\u00f3 en la crisis estructural que atraviesa la Administraci\u00f3n Nacional de Aviaci\u00f3n Civil, debido a que no est\u00e1n dadas las condiciones para un regreso normal de las operaciones a\u00e9reas. En ese marco, [&hellip;]<\/p>\n","protected":false},"author":7,"featured_media":21734,"comment_status":"open","ping_status":"open","sticky":true,"template":"","format":"standard","meta":{"_exactmetrics_skip_tracking":false,"_exactmetrics_sitenote_active":false,"_exactmetrics_sitenote_note":"","_exactmetrics_sitenote_category":0,"jnews-multi-image_gallery":[],"jnews_single_post":{"source_name":"","source_url":"","via_name":"","via_url":"","override_template":"0","override":[{"template":"1","single_blog_custom":"","parallax":"1","fullscreen":"0","layout":"right-sidebar","sidebar":"default-sidebar","second_sidebar":"default-sidebar","sticky_sidebar":"1","share_position":"top","share_float_style":"share-monocrhome","show_share_counter":"1","show_view_counter":"1","show_featured":"1","show_post_meta":"1","show_post_author":"1","show_post_author_image":"1","show_post_date":"1","post_date_format":"default","post_date_format_custom":"Y\/m\/d","show_post_category":"1","show_post_reading_time":"0","post_reading_time_wpm":"300","show_zoom_button":"0","zoom_button_out_step":"2","zoom_button_in_step":"3","show_post_tag":"1","show_prev_next_post":"1","show_popup_post":"1","number_popup_post":"1","show_author_box":"0","show_post_related":"0","show_inline_post_related":"0"}],"override_image_size":"0","image_override":[{"single_post_thumbnail_size":"crop-500","single_post_gallery_size":"crop-500"}],"trending_post":"0","trending_post_position":"meta","trending_post_label":"Trending","sponsored_post":"0","sponsored_post_label":"Sponsored by","sponsored_post_name":"","sponsored_post_url":"","sponsored_post_logo_enable":"0","sponsored_post_logo":"","sponsored_post_desc":""},"jnews_primary_category":{"id":""},"jnews_social_meta":{"fb_title":"","fb_description":"","fb_image":"","twitter_title":"","twitter_description":"","twitter_image":""},"jnews_review":[],"enable_review":"0","type":"percentage","name":"","summary":"","brand":"","sku":"","good":[{"good_text":""}],"bad":[{"bad_text":""}],"score_override":"","override_value":"","rating":[{"rating_text":"","rating_number":"10"}],"price":[{"shop":"","price":"","link":"","icon":""}],"jnews_override_counter":{"override_view_counter":"0","view_counter_number":"0","override_share_counter":"0","share_counter_number":"0","override_like_counter":"0","like_counter_number":"0","override_dislike_counter":"0","dislike_counter_number":"0"},"jnews_post_split":{"enable_post_split":"0","post_split":[{"template":"1","tag":"h2","numbering":"asc","mode":"normal"}]},"footnotes":""},"categories":[341,18],"tags":[565,33],"class_list":["post-21733","post","type-post","status-publish","format-standard","has-post-thumbnail","hentry","category-cdp","category-nacionales","tag-aeropuerto-cordoba","tag-anac"],"jetpack_featured_media_url":"https:\/\/atecordoba.org\/wp-content\/uploads\/2020\/09\/anac-15-9.jpg","_links":{"self":[{"href":"https:\/\/atecordoba.org\/index.php?rest_route=\/wp\/v2\/posts\/21733","targetHints":{"allow":["GET"]}}],"collection":[{"href":"https:\/\/atecordoba.org\/index.php?rest_route=\/wp\/v2\/posts"}],"about":[{"href":"https:\/\/atecordoba.org\/index.php?rest_route=\/wp\/v2\/types\/post"}],"author":[{"embeddable":true,"href":"https:\/\/atecordoba.org\/index.php?rest_route=\/wp\/v2\/users\/7"}],"replies":[{"embeddable":true,"href":"https:\/\/atecordoba.org\/index.php?rest_route=%2Fwp%2Fv2%2Fcomments&post=21733"}],"version-history":[{"count":2,"href":"https:\/\/atecordoba.org\/index.php?rest_route=\/wp\/v2\/posts\/21733\/revisions"}],"predecessor-version":[{"id":21736,"href":"https:\/\/atecordoba.org\/index.php?rest_route=\/wp\/v2\/posts\/21733\/revisions\/21736"}],"wp:featuredmedia":[{"embeddable":true,"href":"https:\/\/atecordoba.org\/index.php?rest_route=\/wp\/v2\/media\/21734"}],"wp:attachment":[{"href":"https:\/\/atecordoba.org\/index.php?rest_route=%2Fwp%2Fv2%2Fmedia&parent=21733"}],"wp:term":[{"taxonomy":"category","embeddable":true,"href":"https:\/\/atecordoba.org\/index.php?rest_route=%2Fwp%2Fv2%2Fcategories&post=21733"},{"taxonomy":"post_tag","embeddable":true,"href":"https:\/\/atecordoba.org\/index.php?rest_route=%2Fwp%2Fv2%2Ftags&post=21733"}],"curies":[{"name":"wp","href":"https:\/\/api.w.org\/{rel}","templated":true}]}}