{"id":21713,"date":"2020-09-10T19:13:15","date_gmt":"2020-09-10T22:13:15","guid":{"rendered":"https:\/\/atecordoba.org\/?p=21713"},"modified":"2020-09-10T19:18:09","modified_gmt":"2020-09-10T22:18:09","slug":"encuentro-de-la-region-centro-de-jubiladxs-y-activxs","status":"publish","type":"post","link":"https:\/\/atecordoba.org\/?p=21713","title":{"rendered":"Encuentro de la regi\u00f3n centro de jubiladxs y activxs"},"content":{"rendered":"<p>Este jueves 10 de septiembre por la tarde, se llev\u00f3 adelante un encuentro v\u00eda zoom, de la regi\u00f3n centro de jubiladxs junto a las conducciones de ATE de las provincias que integran la zona centro.<\/p>\n<p><img loading=\"lazy\" decoding=\"async\" class=\"size-thumbnail wp-image-21715 alignright\" src=\"https:\/\/atecordoba.org\/wp-content\/uploads\/2020\/09\/119160927_3385412971517083_790330685465394483_o-150x150.jpg\" alt=\"\" width=\"150\" height=\"150\" srcset=\"https:\/\/atecordoba.org\/wp-content\/uploads\/2020\/09\/119160927_3385412971517083_790330685465394483_o-150x150.jpg 150w, https:\/\/atecordoba.org\/wp-content\/uploads\/2020\/09\/119160927_3385412971517083_790330685465394483_o-560x560.jpg 560w, https:\/\/atecordoba.org\/wp-content\/uploads\/2020\/09\/119160927_3385412971517083_790330685465394483_o-75x75.jpg 75w\" sizes=\"auto, (max-width: 150px) 100vw, 150px\" \/><\/p>\n<p>Por iniciativa del Consejo Directivo Provincial de ATE C\u00f3rdoba, se llev\u00f3 a cabo un encuentro en el que estuvieron presentes Federico Giuliani, secretario general ATE C\u00f3rdoba, Oscar Muntes secretario general de ATE Entre R\u00edos, la presidenta del Centro de Jubiladxs Nacional Noelia Guzm\u00e1n y el vice presidente Oscar Mengarelli, la diputada mandato cumplido Graciela Iturraspe y la secretaria de previsi\u00f3n de la CTAA Nacional Olivia Ruiz.<\/p>\n<p>Adem\u00e1s estuvieron presentes referentes de los diferentes centros de jubiladxs de Santa Fe, Entre R\u00edos y de C\u00f3rdoba participaron las presidentas Carmen Neder del centro provincial, referentes de Villa Mar\u00eda, Liliana Arias de R\u00edo Cuarto, de San Francisco Norma Navarro y H\u00e9ctor Quiroga de R\u00edo Tercero. Siendo parte tambi\u00e9n de la jornada Rafaela Alcoba secretaria general de la comisi\u00f3n directiva ATE R\u00edo Cuarto, Dami\u00e1n Albornoz secretario general de ATE R\u00edo Tercero, Diego Villegas secretario general ATE Adelia Mar\u00eda y Alberto C\u00f3rdoba secretario adjunto de ATE Villa Mar\u00eda.<img loading=\"lazy\" decoding=\"async\" class=\"size-thumbnail wp-image-21714 alignleft\" src=\"https:\/\/atecordoba.org\/wp-content\/uploads\/2020\/09\/118940476_3385413718183675_337471366875553640_o-150x150.jpg\" alt=\"\" width=\"150\" height=\"150\" srcset=\"https:\/\/atecordoba.org\/wp-content\/uploads\/2020\/09\/118940476_3385413718183675_337471366875553640_o-150x150.jpg 150w, https:\/\/atecordoba.org\/wp-content\/uploads\/2020\/09\/118940476_3385413718183675_337471366875553640_o-560x560.jpg 560w, https:\/\/atecordoba.org\/wp-content\/uploads\/2020\/09\/118940476_3385413718183675_337471366875553640_o-75x75.jpg 75w\" sizes=\"auto, (max-width: 150px) 100vw, 150px\" \/><\/p>\n<p>Los asesores legales Eugenio Biafore del consejo directivo de ATE C\u00f3rdoba y Luciano Gonz\u00e1lez Etkin dieron un pantallazo sobre los aspectos jur\u00eddicos de la reforma previsional, brindando un an\u00e1lisis de los ajustes que las provincias aplican sobre nuestrxs jubiladxs, hoy poblaci\u00f3n doblemente en riesgo por el contexto de pandemia. Esta instancia de debate, de construcci\u00f3n, de afectos sirven para nutrirse y acompa\u00f1arse en tiempos complejos y de incertidumbre. Tras el testimonio y saludo de las y los presentes el saldo fue la necesidad de hacer, ni bien la situaci\u00f3n sanitaria lo permita, una jornada de lucha frente a las cajas provinciales para decirle NO a la reforma, solicitud de audiencia a los cuerpos legislativos para que acompa\u00f1en o den respuestas y claramente, unificar la estrategia jur\u00eddica.<\/p>\n<p>De esta instancia tambi\u00e9n fueron parte Edith Innamorato secretaria de interior del CDP y Julia Giuliani secretaria de prensa y comunicaci\u00f3n. En representaci\u00f3n del Consejo Directivo Nacional estuvo Gustavo Quinteros, secretario de formaci\u00f3n. <img loading=\"lazy\" decoding=\"async\" class=\"size-thumbnail wp-image-21716 alignright\" src=\"https:\/\/atecordoba.org\/wp-content\/uploads\/2020\/09\/conicet2-150x150.jpg\" alt=\"\" width=\"150\" height=\"150\" srcset=\"https:\/\/atecordoba.org\/wp-content\/uploads\/2020\/09\/conicet2-150x150.jpg 150w, https:\/\/atecordoba.org\/wp-content\/uploads\/2020\/09\/conicet2-300x300.jpg 300w, https:\/\/atecordoba.org\/wp-content\/uploads\/2020\/09\/conicet2-560x560.jpg 560w, https:\/\/atecordoba.org\/wp-content\/uploads\/2020\/09\/conicet2-75x75.jpg 75w, https:\/\/atecordoba.org\/wp-content\/uploads\/2020\/09\/conicet2.jpg 720w\" sizes=\"auto, (max-width: 150px) 100vw, 150px\" \/><\/p>\n<p>Vamos con la fuerza de los que no se resignan a plantear en cada reclamo gremial, la imperiosa necesidad de jubilaciones dignas.<\/p>\n<p>&nbsp;<\/p>\n","protected":false},"excerpt":{"rendered":"<p>Este jueves 10 de septiembre por la tarde, se llev\u00f3 adelante un encuentro v\u00eda zoom, de la regi\u00f3n centro de jubiladxs junto a las conducciones de ATE de las provincias que integran la zona centro. Por iniciativa del Consejo Directivo Provincial de ATE C\u00f3rdoba, se llev\u00f3 a cabo un encuentro en el que estuvieron presentes [&hellip;]<\/p>\n","protected":false},"author":3,"featured_media":21715,"comment_status":"open","ping_status":"open","sticky":false,"template":"","format":"standard","meta":{"_exactmetrics_skip_tracking":false,"_exactmetrics_sitenote_active":false,"_exactmetrics_sitenote_note":"","_exactmetrics_sitenote_category":0,"jnews-multi-image_gallery":[],"jnews_single_post":{"source_name":"","source_url":"","via_name":"","via_url":"","override_template":"0","override":[{"template":"1","single_blog_custom":"","parallax":"1","fullscreen":"0","layout":"right-sidebar","sidebar":"default-sidebar","second_sidebar":"default-sidebar","sticky_sidebar":"1","share_position":"top","share_float_style":"share-monocrhome","show_share_counter":"1","show_view_counter":"1","show_featured":"1","show_post_meta":"1","show_post_author":"1","show_post_author_image":"1","show_post_date":"1","post_date_format":"default","post_date_format_custom":"Y\/m\/d","show_post_category":"1","show_post_reading_time":"0","post_reading_time_wpm":"300","show_zoom_button":"0","zoom_button_out_step":"2","zoom_button_in_step":"3","show_post_tag":"1","show_prev_next_post":"1","show_popup_post":"1","number_popup_post":"1","show_author_box":"0","show_post_related":"0","show_inline_post_related":"0"}],"override_image_size":"0","image_override":[{"single_post_thumbnail_size":"crop-500","single_post_gallery_size":"crop-500"}],"trending_post":"0","trending_post_position":"meta","trending_post_label":"Trending","sponsored_post":"0","sponsored_post_label":"Sponsored by","sponsored_post_name":"","sponsored_post_url":"","sponsored_post_logo_enable":"0","sponsored_post_logo":"","sponsored_post_desc":""},"jnews_primary_category":{"id":""},"jnews_social_meta":{"fb_title":"","fb_description":"","fb_image":"","twitter_title":"","twitter_description":"","twitter_image":""},"jnews_review":[],"enable_review":"0","type":"percentage","name":"","summary":"","brand":"","sku":"","good":[{"good_text":""}],"bad":[{"bad_text":""}],"score_override":"","override_value":"","rating":[{"rating_text":"","rating_number":"10"}],"price":[{"shop":"","price":"","link":"","icon":""}],"jnews_override_counter":{"override_view_counter":"0","view_counter_number":"0","override_share_counter":"0","share_counter_number":"0","override_like_counter":"0","like_counter_number":"0","override_dislike_counter":"0","dislike_counter_number":"0"},"jnews_post_split":{"enable_post_split":"0","post_split":[{"template":"1","tag":"h2","numbering":"asc","mode":"normal"}]},"footnotes":""},"categories":[10,75,341,22],"tags":[492,23],"class_list":["post-21713","post","type-post","status-publish","format-standard","has-post-thumbnail","hentry","category-accion-politica","category-accion-social","category-cdp","category-jubilados","tag-caja-de-jubilaciones","tag-jubilados-2"],"jetpack_featured_media_url":"https:\/\/atecordoba.org\/wp-content\/uploads\/2020\/09\/119160927_3385412971517083_790330685465394483_o.jpg","_links":{"self":[{"href":"https:\/\/atecordoba.org\/index.php?rest_route=\/wp\/v2\/posts\/21713","targetHints":{"allow":["GET"]}}],"collection":[{"href":"https:\/\/atecordoba.org\/index.php?rest_route=\/wp\/v2\/posts"}],"about":[{"href":"https:\/\/atecordoba.org\/index.php?rest_route=\/wp\/v2\/types\/post"}],"author":[{"embeddable":true,"href":"https:\/\/atecordoba.org\/index.php?rest_route=\/wp\/v2\/users\/3"}],"replies":[{"embeddable":true,"href":"https:\/\/atecordoba.org\/index.php?rest_route=%2Fwp%2Fv2%2Fcomments&post=21713"}],"version-history":[{"count":3,"href":"https:\/\/atecordoba.org\/index.php?rest_route=\/wp\/v2\/posts\/21713\/revisions"}],"predecessor-version":[{"id":21719,"href":"https:\/\/atecordoba.org\/index.php?rest_route=\/wp\/v2\/posts\/21713\/revisions\/21719"}],"wp:featuredmedia":[{"embeddable":true,"href":"https:\/\/atecordoba.org\/index.php?rest_route=\/wp\/v2\/media\/21715"}],"wp:attachment":[{"href":"https:\/\/atecordoba.org\/index.php?rest_route=%2Fwp%2Fv2%2Fmedia&parent=21713"}],"wp:term":[{"taxonomy":"category","embeddable":true,"href":"https:\/\/atecordoba.org\/index.php?rest_route=%2Fwp%2Fv2%2Fcategories&post=21713"},{"taxonomy":"post_tag","embeddable":true,"href":"https:\/\/atecordoba.org\/index.php?rest_route=%2Fwp%2Fv2%2Ftags&post=21713"}],"curies":[{"name":"wp","href":"https:\/\/api.w.org\/{rel}","templated":true}]}}