{"id":21708,"date":"2020-09-10T11:57:31","date_gmt":"2020-09-10T14:57:31","guid":{"rendered":"https:\/\/atecordoba.org\/?p=21708"},"modified":"2020-09-10T13:20:25","modified_gmt":"2020-09-10T16:20:25","slug":"trabajadoras-y-trabajadores-de-la-senaf-realizaran-un-acampe-frente-al-ministerio-de-justicia-y-ddhh","status":"publish","type":"post","link":"https:\/\/atecordoba.org\/?p=21708","title":{"rendered":"Trabajadoras y trabajadores de la SENAF realizar\u00e1n un acampe frente al Ministerio de Justicia y DDHH"},"content":{"rendered":"<p><img loading=\"lazy\" decoding=\"async\" class=\" wp-image-21709 alignleft\" src=\"https:\/\/atecordoba.org\/wp-content\/uploads\/2020\/09\/flyer-senasa-275x300.jpg\" alt=\"\" width=\"381\" height=\"416\" srcset=\"https:\/\/atecordoba.org\/wp-content\/uploads\/2020\/09\/flyer-senasa-275x300.jpg 275w, https:\/\/atecordoba.org\/wp-content\/uploads\/2020\/09\/flyer-senasa-940x1024.jpg 940w, https:\/\/atecordoba.org\/wp-content\/uploads\/2020\/09\/flyer-senasa-768x837.jpg 768w, https:\/\/atecordoba.org\/wp-content\/uploads\/2020\/09\/flyer-senasa-750x817.jpg 750w, https:\/\/atecordoba.org\/wp-content\/uploads\/2020\/09\/flyer-senasa.jpg 1079w\" sizes=\"auto, (max-width: 381px) 100vw, 381px\" \/>El pr\u00f3ximo mi\u00e9rcoles 16 de septiembre las y los trabajadores de la Secretaria de Ni\u00f1ez, Adolescencia y Familia (SENAF) realizar\u00e1n un acampe frente al Ministerio de Justicia y DDHH, en Alvear 150, para exigir que el ministro del \u00e1rea, Juli\u00e1n L\u00f3pez, facilite una audiencia a ATE a los fines de tratar <a href=\"https:\/\/atecordoba.org\/?p=21528\">el despido de una trabajadora del organismo y el traslado de una delegada<\/a>, en el marco de una persecuci\u00f3n pol\u00edtica y sindical, impulsada por el gobierno provincial y ejecutada por el secretario de la SENAF, Jos\u00e9 Pi\u00f1eiro.<\/p>\n<p>La agenda de reclamos que se limita a revertir esas medidas arbitrarias, compulsivas e ilegales en el marco de la normativa que proh\u00edbe la persecuci\u00f3n por motivos de actividad sindical, por contrarias a los derechos humanos, sino que adem\u00e1s tiene un marco de reivindicaciones relacionadas con las condiciones de trabajo, los p\u00e9simos salarios y los maltratos constantes al personal que deben finalizar inmediatamente.<\/p>\n<p>En tal sentido, el secretario General de ATE C\u00f3rdoba, Federico Giuliani, convoc\u00f3 a las y los trabajadores y a toda la comunidad a participar de la protesta. \u201cReclamamos al ministro de Justicia Juli\u00e1n L\u00f3pez que nos reciba, que genere una instancia de di\u00e1logo para abordar la reincorporaci\u00f3n inmediata de la trabajadora despedida <img loading=\"lazy\" decoding=\"async\" class=\" wp-image-21532 alignright\" src=\"https:\/\/atecordoba.org\/wp-content\/uploads\/2020\/09\/20200902_124102-300x169.jpg\" alt=\"\" width=\"565\" height=\"318\" srcset=\"https:\/\/atecordoba.org\/wp-content\/uploads\/2020\/09\/20200902_124102-300x169.jpg 300w, https:\/\/atecordoba.org\/wp-content\/uploads\/2020\/09\/20200902_124102-1024x577.jpg 1024w, https:\/\/atecordoba.org\/wp-content\/uploads\/2020\/09\/20200902_124102-768x433.jpg 768w, https:\/\/atecordoba.org\/wp-content\/uploads\/2020\/09\/20200902_124102-1536x866.jpg 1536w, https:\/\/atecordoba.org\/wp-content\/uploads\/2020\/09\/20200902_124102-2048x1155.jpg 2048w, https:\/\/atecordoba.org\/wp-content\/uploads\/2020\/09\/20200902_124102-750x423.jpg 750w, https:\/\/atecordoba.org\/wp-content\/uploads\/2020\/09\/20200902_124102-1140x643.jpg 1140w\" sizes=\"auto, (max-width: 565px) 100vw, 565px\" \/>arbitrariamente por el se\u00f1or Pi\u00f1eiro y la restituci\u00f3n a su puesto de trabajo a una delegada traslada compulsivamente, ante la clara persecuci\u00f3n pol\u00edtica y sindical que busca disciplinar al resto de las y los trabajadores\u201d.<\/p>\n<p>&nbsp;<\/p>\n<p>\u201cNecesitamos esta audiencia con car\u00e1cter urgente. La pedimos hace una semana atr\u00e1s y no tuvimos respuesta, por eso vamos a hacer este acampe\u201d, fundament\u00f3 el dirigente.<\/p>\n<p>Por otro lado, Giuliani plante\u00f3 \u201cla gravedad que reviste la situaci\u00f3n de precarizaci\u00f3n laboral, salarios bajos y p\u00e9simas condiciones laborales de quienes todos los d\u00edas atienden a nuestros pibes y pibas\u00a0 de los sectores vulnerables. Es una verg\u00fcenza que la Senaf carezca de presupuesto, que los trabajadores est\u00e9n en negro y con salarios de miseria, por eso entendemos que esta pelea es gremial y tambi\u00e9n pol\u00edtica\u201d.<\/p>\n<div class=\"epyt-video-wrapper\"><iframe loading=\"lazy\"  style=\"display: block; margin: 0px auto;\"  id=\"_ytid_51116\"  width=\"480\" height=\"270\"  data-origwidth=\"480\" data-origheight=\"270\" src=\"https:\/\/www.youtube.com\/embed\/ioUQ4fi6gpE?enablejsapi=1&#038;autoplay=0&#038;cc_load_policy=0&#038;cc_lang_pref=&#038;iv_load_policy=3&#038;loop=0&#038;rel=0&#038;fs=1&#038;playsinline=0&#038;autohide=2&#038;theme=dark&#038;color=red&#038;controls=1&#038;disablekb=0&#038;\" class=\"__youtube_prefs__  epyt-is-override  no-lazyload\" title=\"YouTube player\"  allow=\"fullscreen; accelerometer; autoplay; clipboard-write; encrypted-media; gyroscope; picture-in-picture; web-share\" referrerpolicy=\"strict-origin-when-cross-origin\" allowfullscreen data-no-lazy=\"1\" data-skipgform_ajax_framebjll=\"\"><\/iframe><\/div>\n","protected":false},"excerpt":{"rendered":"<p>El pr\u00f3ximo mi\u00e9rcoles 16 de septiembre las y los trabajadores de la Secretaria de Ni\u00f1ez, Adolescencia y Familia (SENAF) realizar\u00e1n un acampe frente al Ministerio de Justicia y DDHH, en Alvear 150, para exigir que el ministro del \u00e1rea, Juli\u00e1n L\u00f3pez, facilite una audiencia a ATE a los fines de tratar el despido de una [&hellip;]<\/p>\n","protected":false},"author":7,"featured_media":21709,"comment_status":"open","ping_status":"open","sticky":true,"template":"","format":"standard","meta":{"_exactmetrics_skip_tracking":false,"_exactmetrics_sitenote_active":false,"_exactmetrics_sitenote_note":"","_exactmetrics_sitenote_category":0,"jnews-multi-image_gallery":[],"jnews_single_post":{"source_name":"","source_url":"","via_name":"","via_url":"","override_template":"0","override":[{"template":"1","single_blog_custom":"","parallax":"1","fullscreen":"0","layout":"right-sidebar","sidebar":"default-sidebar","second_sidebar":"default-sidebar","sticky_sidebar":"1","share_position":"top","share_float_style":"share-monocrhome","show_share_counter":"1","show_view_counter":"1","show_featured":"1","show_post_meta":"1","show_post_author":"1","show_post_author_image":"1","show_post_date":"1","post_date_format":"default","post_date_format_custom":"Y\/m\/d","show_post_category":"1","show_post_reading_time":"0","post_reading_time_wpm":"300","show_zoom_button":"0","zoom_button_out_step":"2","zoom_button_in_step":"3","show_post_tag":"1","show_prev_next_post":"1","show_popup_post":"1","number_popup_post":"1","show_author_box":"0","show_post_related":"0","show_inline_post_related":"0"}],"override_image_size":"0","image_override":[{"single_post_thumbnail_size":"crop-500","single_post_gallery_size":"crop-500"}],"trending_post":"0","trending_post_position":"meta","trending_post_label":"Trending","sponsored_post":"0","sponsored_post_label":"Sponsored by","sponsored_post_name":"","sponsored_post_url":"","sponsored_post_logo_enable":"0","sponsored_post_logo":"","sponsored_post_desc":""},"jnews_primary_category":{"id":""},"jnews_social_meta":{"fb_title":"","fb_description":"","fb_image":"","twitter_title":"","twitter_description":"","twitter_image":""},"jnews_review":[],"enable_review":"0","type":"percentage","name":"","summary":"","brand":"","sku":"","good":[{"good_text":""}],"bad":[{"bad_text":""}],"score_override":"","override_value":"","rating":[{"rating_text":"","rating_number":"10"}],"price":[{"shop":"","price":"","link":"","icon":""}],"jnews_override_counter":{"override_view_counter":"0","view_counter_number":"0","override_share_counter":"0","share_counter_number":"0","override_like_counter":"0","like_counter_number":"0","override_dislike_counter":"0","dislike_counter_number":"0"},"jnews_post_split":{"enable_post_split":"0","post_split":[{"template":"1","tag":"h2","numbering":"asc","mode":"normal"}]},"footnotes":""},"categories":[341,8],"tags":[457],"class_list":["post-21708","post","type-post","status-publish","format-standard","has-post-thumbnail","hentry","category-cdp","category-provinciales","tag-senaf"],"jetpack_featured_media_url":"https:\/\/atecordoba.org\/wp-content\/uploads\/2020\/09\/flyer-senasa.jpg","_links":{"self":[{"href":"https:\/\/atecordoba.org\/index.php?rest_route=\/wp\/v2\/posts\/21708","targetHints":{"allow":["GET"]}}],"collection":[{"href":"https:\/\/atecordoba.org\/index.php?rest_route=\/wp\/v2\/posts"}],"about":[{"href":"https:\/\/atecordoba.org\/index.php?rest_route=\/wp\/v2\/types\/post"}],"author":[{"embeddable":true,"href":"https:\/\/atecordoba.org\/index.php?rest_route=\/wp\/v2\/users\/7"}],"replies":[{"embeddable":true,"href":"https:\/\/atecordoba.org\/index.php?rest_route=%2Fwp%2Fv2%2Fcomments&post=21708"}],"version-history":[{"count":2,"href":"https:\/\/atecordoba.org\/index.php?rest_route=\/wp\/v2\/posts\/21708\/revisions"}],"predecessor-version":[{"id":21711,"href":"https:\/\/atecordoba.org\/index.php?rest_route=\/wp\/v2\/posts\/21708\/revisions\/21711"}],"wp:featuredmedia":[{"embeddable":true,"href":"https:\/\/atecordoba.org\/index.php?rest_route=\/wp\/v2\/media\/21709"}],"wp:attachment":[{"href":"https:\/\/atecordoba.org\/index.php?rest_route=%2Fwp%2Fv2%2Fmedia&parent=21708"}],"wp:term":[{"taxonomy":"category","embeddable":true,"href":"https:\/\/atecordoba.org\/index.php?rest_route=%2Fwp%2Fv2%2Fcategories&post=21708"},{"taxonomy":"post_tag","embeddable":true,"href":"https:\/\/atecordoba.org\/index.php?rest_route=%2Fwp%2Fv2%2Ftags&post=21708"}],"curies":[{"name":"wp","href":"https:\/\/api.w.org\/{rel}","templated":true}]}}